{"id":45269,"date":"2024-01-22T00:40:20","date_gmt":"2024-01-21T23:40:20","guid":{"rendered":"https:\/\/www.infokuryr.cz\/n\/?p=45269"},"modified":"2024-01-21T17:47:58","modified_gmt":"2024-01-21T16:47:58","slug":"hrdinove-dnesni-doby-julius-hudacek-oficialni-prohlaseni","status":"publish","type":"post","link":"https:\/\/www.infokuryr.cz\/n\/2024\/01\/22\/hrdinove-dnesni-doby-julius-hudacek-oficialni-prohlaseni\/","title":{"rendered":"Hrdinov\u00e9 dne\u0161n\u00ed doby: J\u00falius Hud\u00e1\u010dek &#8211; ofici\u00e1ln\u00ed prohl\u00e1\u0161en\u00ed"},"content":{"rendered":"<div id=\"fb-root\"><\/div>\n<div class=\"introtext\">\n<p>\u201eVe sv\u011btle ud\u00e1lost\u00ed posledn\u00edch dn\u00ed a negativn\u00ed medi\u00e1ln\u00ed kampan\u011b, kter\u00e1 byla proti mn\u011b vedena, chci t\u00edmto prohl\u00e1\u0161en\u00edm uv\u00e9st v\u011bci na pravou m\u00edru a vyvr\u00e1tit nejhor\u0161\u00ed l\u017ei a nesmysly. \u010cin\u00edm tak zejm\u00e9na kv\u016fli sv\u00e9 rodin\u011b a sv\u00fdm d\u011btem, ale tak\u00e9 s ohledem na v\u0161echny ostatn\u00ed, kte\u0159\u00ed by se mohli velmi snadno ocitnout v podobn\u00e9 situaci.<\/p>\n<\/div>\n<div class=\"avPlayerBlock\"><\/div>\n<div>\n<div style=\"width: 358px;\" class=\"wp-video\"><!--[if lt IE 9]><script>document.createElement('video');<\/script><![endif]-->\n<video class=\"wp-video-shortcode\" id=\"video-45269-1\" width=\"358\" height=\"640\" preload=\"metadata\" controls=\"controls\"><source type=\"video\/mp4\" src=\"http:\/\/www.infokuryr.cz\/n\/wp-content\/uploads\/2024\/01\/1684.mp4?_=1\" \/><a href=\"http:\/\/www.infokuryr.cz\/n\/wp-content\/uploads\/2024\/01\/1684.mp4\">http:\/\/www.infokuryr.cz\/n\/wp-content\/uploads\/2024\/01\/1684.mp4<\/a><\/video><\/div>\n<\/div>\n<div><\/div>\n<div class=\"fulltext\">\n<p><span style=\"font-size: 18pt;\"><strong>Satisfakce!<\/strong><\/span><\/p>\n<p>P\u0159edev\u0161\u00edm chci jasn\u011b a d\u016frazn\u011b prohl\u00e1sit, \u017ee jsem a v\u017edy jsem byl naprosto jednozna\u010dn\u011b proti v\u00e1lce na Ukrajin\u011b. Chci tak\u00e9 zcela jasn\u011b zd\u016fraznit, \u017ee jsem nikdy slovn\u011b ani \u017e\u00e1dn\u00fdm gestem \u010di jinak nevyj\u00e1d\u0159il podporu rusk\u00e9mu re\u017eimu. To je hol\u00fd fakt a sna\u017eit se mi namluvit n\u011bco jin\u00e9ho je \u00fa\u010delov\u00e1 manipulace. Samoz\u0159ejm\u011b jsem se v n\u011bkolika rozhovorech vyj\u00e1d\u0159il ke sv\u00e9mu osobn\u00edmu \u017eivotu v Rusku, kter\u00fd jsem vedl jako hokejista (spolu se stovkami dal\u0161\u00edch hokejist\u016f z \u010cesk\u00e9 republiky, Slovenska, Finska, \u0160v\u00e9dska, Kanady atd.) Byl to dobr\u00fd a norm\u00e1ln\u00ed \u017eivot, kter\u00fd jsem \u017eil p\u0159edev\u0161\u00edm v klubu a s vlastn\u00ed rodinou, tak jako je tomu v \u017eivot\u011b hokejisty v\u0161ude na sv\u011bt\u011b.<\/p>\n<p><strong>Nicm\u00e9n\u011b jsem se bohu\u017eel stal ob\u011bt\u00ed nen\u00e1vistn\u00e9 kampan\u011b, v n\u00ed\u017e si na mn\u011b lid\u00e9 jako pan Koreis nebo Radosa vyb\u00edjej\u00ed svou frustraci a pod praporem str\u00e1\u017ec\u016f fale\u0161n\u00e9 mor\u00e1lky ni\u010d\u00ed \u017eivoty a kari\u00e9ry norm\u00e1ln\u00edch hokejist\u016f.<\/strong>\u00a0Kdyby \u0161lo jen o m\u011b, asi bych nad t\u00edm m\u00e1vl rukou. Za dobu sv\u00e9ho p\u016fsoben\u00ed jsem dok\u00e1zal, \u017ee hokej hr\u00e1t um\u00edm, \u017ee v\u017edy bojuji za sv\u016fj t\u00fdm, \u017ee ze sebe vyd\u00e1v\u00e1m maximum na led\u011b i mimo n\u011bj a hlavn\u011b \u017ee ct\u00edm z\u00e1sady fair play. Ve sportu i v \u017eivot\u011b.<\/p>\n<p>\u00datoky na mou osobu se bohu\u017eel roz\u0161\u00ed\u0159ily z hokejov\u00e9ho prost\u0159ed\u00ed do cel\u00e9 spole\u010dnosti a staly se uk\u00e1zkov\u00fdm p\u0159\u00edkladem toho, jak lze \u010dlov\u011bku zni\u010dit kari\u00e9ru a nap\u0159\u00edklad ukon\u010dit pracovn\u00ed smlouvu, p\u0159esto\u017ee ji nijak neporu\u0161il. A to jen kv\u016fli domn\u011bl\u00fdm n\u00e1zor\u016fm a zjevn\u00fdm pomluv\u00e1m v m\u00e9di\u00edch. Ve sv\u00fdch 35 letech se s t\u00edm dok\u00e1\u017eu vyrovnat, ale co by n\u011bco takov\u00e9ho ud\u011blalo s kari\u00e9rou dvacetilet\u00e9ho hokejisty, je z\u0159ejm\u00e9. Doba, kdy se vyhazovalo za by\u0165 jen domn\u011bl\u00e9 n\u00e1zory, nen\u00ed zase tak daleko a rozhodn\u011b se k n\u00ed nechci vracet.<\/p>\n<p><a href=\"https:\/\/stranapro.cz\/\"><img decoding=\"async\" loading=\"lazy\" class=\"alignnone  wp-image-40285 aligncenter\" src=\"http:\/\/www.infokuryr.cz\/n\/wp-content\/uploads\/2023\/11\/11pro-300x79.png\" alt=\"\" width=\"627\" height=\"165\" srcset=\"https:\/\/www.infokuryr.cz\/n\/wp-content\/uploads\/2023\/11\/11pro-300x79.png 300w, https:\/\/www.infokuryr.cz\/n\/wp-content\/uploads\/2023\/11\/11pro.png 363w\" sizes=\"(max-width: 627px) 100vw, 627px\" \/><\/a><\/p>\n<p>V roce 1989 si na\u0161i rodi\u010de vybojovali demokracii, svobodu slova a svobodu cestovat, \u017e\u00edt a pracovat v zemi, kterou si sami vybrali. Respektuji n\u00e1zory ostatn\u00edch a velmi si p\u0159eji, aby se s podobn\u00fdm respektem p\u0159istupovalo ke v\u0161em. Dokonce i ti, kte\u0159\u00ed maj\u00ed jin\u00fd n\u00e1zor na hran\u00ed v KHL nebo na jakoukoli jinou pr\u00e1ci v Rusku. Osobn\u011b zn\u00e1m mnoho lid\u00ed, kte\u0159\u00ed v Rusku pracuj\u00ed i za sou\u010dasn\u00e9 situace &#8211; l\u00e9ka\u0159e, u\u010ditele, pr\u00e1vn\u00edky i podnikatele. Ti sice nejsou pod stejn\u00fdm medi\u00e1ln\u00edm lyn\u010dem jako my hokejist\u00e9, ale byl bych nerad, aby nap\u0159\u00edklad l\u00e9ka\u0159, kter\u00fd l\u00e9\u010d\u00ed pacienty v Rusku, byl po n\u00e1vratu na Slovensko nebo kamkoli jinam po \u010dase vyhozen z pr\u00e1ce.\u00a0<strong>Proto\u017ee to je tot\u00e9\u017e, jako kdy\u017e n\u011bkoho vyhod\u00edte jen kv\u016fli jeho rase, n\u00e1bo\u017eensk\u00e9mu p\u0159esv\u011bd\u010den\u00ed nebo sexu\u00e1ln\u00ed orientaci, co\u017e je v rozporu s Listinou z\u00e1kladn\u00edch pr\u00e1v a svobod.<\/strong><\/p>\n<p>V m\u00e9m p\u0159\u00edpad\u011b je situace o to absurdn\u011bj\u0161\u00ed, \u017ee jsem v roce 2022 ode\u0161el hr\u00e1t do Kazachst\u00e1nu, za Barys Astana. Kazachst\u00e1n je nez\u00e1visl\u00fd st\u00e1t, jeho\u017e hlavn\u00edm m\u011bstem je Astana. Klub samoz\u0159ejm\u011b hraje i sout\u011b\u017e KHL proti \u0159ad\u011b rusk\u00fdch klub\u016f.<strong>\u00a0Ale tohle je o kaza\u0161sk\u00e9m klubu a o m\u00e9m \u017eivot\u011b v Kazachst\u00e1nu.<\/strong>\u00a0Pokud je to d\u016fvod k ve\u0159ejn\u00e9mu lyn\u010dov\u00e1n\u00ed, pak si mysl\u00edm, \u017ee sv\u011bt nen\u00ed v po\u0159\u00e1dku.<\/p>\n<p>Proto \u017e\u00e1d\u00e1m novin\u00e1\u0159e, hokejov\u00e9 odborn\u00edky, koment\u00e1tory a v\u00fdznamn\u00e9 hokejov\u00e9 osobnosti, aby pe\u010dliv\u011b zva\u017eovali, co p\u00ed\u0161\u00ed a \u0159\u00edkaj\u00ed, proto\u017ee to m\u00e1 obrovsk\u00fd dopad. Mnohdy slova bol\u00ed v\u00edc ne\u017e fyzick\u00e9 n\u00e1sil\u00ed. Vyu\u017e\u00edvejte svou ve\u0159ejnou moc k \u0161\u00ed\u0159en\u00ed pozitivn\u00edch v\u011bc\u00ed, ne k \u0161\u00ed\u0159en\u00ed nen\u00e1visti, l\u017e\u00ed a pomluv.<\/p>\n<p><strong>P\u016fvodn\u011b jsem cht\u011bl nad celou touto podivnou medi\u00e1ln\u00ed kauzou m\u00e1vnout rukou a neztr\u00e1cet \u010das s toxick\u00fdmi fanatiky, jako jsou p\u00e1nov\u00e9 Koreis a Radosa. Ale pot\u00e9, co se moje mal\u00e1 dcera vr\u00e1tila dom\u016f s pl\u00e1\u010dem, jsem zm\u011bnil n\u00e1zor a rozhodl jsem se bojovat. A to jak t\u00edmto ve\u0159ejn\u00fdm prohl\u00e1\u0161en\u00edm, tak pr\u00e1vn\u00edmi kroky. Zlu, pomluv\u00e1m a oby\u010dejn\u00fdm l\u017e\u00edm a manipulac\u00edm je t\u0159eba se br\u00e1nit. A pana Radosu uji\u0161\u0165uji, \u017ee vysouzen\u00e9 pen\u00edze v\u011bnuji na charitu.&#8220;<\/strong><\/p>\n<p><span style=\"font-size: 18pt;\"><strong>Doslov<\/strong><\/span><\/p>\n<p>J\u00falius Hud\u00e1\u010dek nen\u00ed \u010cech, ale je jeden z n\u00e1s. Dal\u0161\u00ed z \u0159ady slu\u0161n\u00fdch lid\u00ed, kter\u00fd se stal ob\u011bt\u00ed nacistick\u00e9ho \u0159\u00e1d\u011bn\u00ed. A kdyby jenom on: nacist\u00e9 typu Dominika Ha\u0161ka se nezastav\u00ed nejen p\u0159ed n\u00edm, ale i jeho rodinou, vnou\u010daty, stejn\u011b, jako to d\u011blali nacist\u00e9 p\u0159ed a za druh\u00e9 sv\u011btov\u00e9 v\u00e1lky. A nakonec vybudovali koncentra\u010dn\u00ed t\u00e1bory a \u017eidy, \u010cechy i Slov\u00e1ky pos\u00edlali do plynov\u00fdch komor. Pokud se tomu nacistick\u00e9mu \u0159\u00e1d\u011bn\u00ed nepostav\u00edme, na\u0161e d\u011bti a vnou\u010data \u010dek\u00e1 stra\u0161n\u00e1 budoucnost.\u00a0\u00a0<strong>J\u00falius Hud\u00e1\u010dek nen\u00ed \u010cech, ale je jeden z n\u00e1s. A dal\u0161\u00ed hrdina dne\u0161n\u00ed doby<\/strong>, kter\u00fd se nejen slovn\u011b, ale v\u00fdkonem postavil nacistick\u00e9mu \u0159\u00e1d\u011bn\u00ed. Hlubok\u00e1 poklona. J\u00faliusi, my \u010ce\u0161i &#8211; norm\u00e1ln\u00ed lid\u00e9, tak\u00e9 stoj\u00edme p\u0159i tob\u011b.<\/p>\n<p><a href=\"https:\/\/www.skrytapravda.cz\/ze-zahranici\/1684-hrdinove-dnesni-doby-julius-hudacek-oficialni-prohlaseni\">Petr Pokorn\u00fd<\/a><\/p>\n<\/div>\n<p>&nbsp;<\/p>\n<p>&nbsp;<\/p>\n","protected":false},"excerpt":{"rendered":"<p>\u201eVe sv\u011btle ud\u00e1lost\u00ed posledn\u00edch dn\u00ed a negativn\u00ed medi\u00e1ln\u00ed kampan\u011b, kter\u00e1 byla proti mn\u011b vedena, chci&#8230;<\/p>\n","protected":false},"author":2,"featured_media":45271,"comment_status":"closed","ping_status":"closed","sticky":false,"template":"","format":"standard","meta":[],"categories":[6],"tags":[5609,6599,6672,649,114],"_links":{"self":[{"href":"https:\/\/www.infokuryr.cz\/n\/wp-json\/wp\/v2\/posts\/45269"}],"collection":[{"href":"https:\/\/www.infokuryr.cz\/n\/wp-json\/wp\/v2\/posts"}],"about":[{"href":"https:\/\/www.infokuryr.cz\/n\/wp-json\/wp\/v2\/types\/post"}],"author":[{"embeddable":true,"href":"https:\/\/www.infokuryr.cz\/n\/wp-json\/wp\/v2\/users\/2"}],"replies":[{"embeddable":true,"href":"https:\/\/www.infokuryr.cz\/n\/wp-json\/wp\/v2\/comments?post=45269"}],"version-history":[{"count":1,"href":"https:\/\/www.infokuryr.cz\/n\/wp-json\/wp\/v2\/posts\/45269\/revisions"}],"predecessor-version":[{"id":45272,"href":"https:\/\/www.infokuryr.cz\/n\/wp-json\/wp\/v2\/posts\/45269\/revisions\/45272"}],"wp:featuredmedia":[{"embeddable":true,"href":"https:\/\/www.infokuryr.cz\/n\/wp-json\/wp\/v2\/media\/45271"}],"wp:attachment":[{"href":"https:\/\/www.infokuryr.cz\/n\/wp-json\/wp\/v2\/media?parent=45269"}],"wp:term":[{"taxonomy":"category","embeddable":true,"href":"https:\/\/www.infokuryr.cz\/n\/wp-json\/wp\/v2\/categories?post=45269"},{"taxonomy":"post_tag","embeddable":true,"href":"https:\/\/www.infokuryr.cz\/n\/wp-json\/wp\/v2\/tags?post=45269"}],"curies":[{"name":"wp","href":"https:\/\/api.w.org\/{rel}","templated":true}]}}