{"id":45264,"date":"2024-01-22T00:33:19","date_gmt":"2024-01-21T23:33:19","guid":{"rendered":"https:\/\/www.infokuryr.cz\/n\/?p=45264"},"modified":"2024-01-21T17:37:08","modified_gmt":"2024-01-21T16:37:08","slug":"pred-100-lety-zemrel-tvurce-ukrajiny-lenin","status":"publish","type":"post","link":"https:\/\/www.infokuryr.cz\/n\/2024\/01\/22\/pred-100-lety-zemrel-tvurce-ukrajiny-lenin\/","title":{"rendered":"P\u0159ed 100 lety zem\u0159el &#8222;tv\u016frce Ukrajiny&#8220; Lenin"},"content":{"rendered":"<div id=\"fb-root\"><\/div>\n<p><strong>V ned\u011bli &#8211; 21. ledna 2024 &#8211; uplynulo sto let od smrti Vladim\u00edra Ilji\u010de Lenina. K tomuto datu byl v Rusku proveden pr\u016fzkum, zda by jeho t\u011blo m\u011blo b\u00fdt odstran\u011bno z Mauzolea na Rud\u00e9m n\u00e1m\u011bst\u00ed v Moskv\u011b a poh\u0159beno tradi\u010dn\u011b. V\u00fdsledky uk\u00e1zaly pom\u011brn\u011b ne\u010dekan\u00fd v\u00fdsledek<\/strong><\/p>\n<p style=\"font-weight: 400;\">Podle pr\u016fzkumu Celorusk\u00e9ho centra pro v\u00fdzkum ve\u0159ejn\u00e9ho m\u00edn\u011bn\u00ed (VTsIOM) byli respondenti rozd\u011bleni do t\u0159\u00ed t\u00e9m\u011b\u0159 rovnocenn\u00fdch skupin. 33 % Rus\u016f, kte\u0159\u00ed se z\u00fa\u010dastnili pr\u016fzkumu, uvedlo, \u017ee Leninovo t\u011blo by m\u011blo z\u016fstat nedot\u010deno a v\u0161e by m\u011blo z\u016fstat jak je. Z\u00e1rove\u0148 30 % vyj\u00e1d\u0159ilo zcela opa\u010dn\u00fd n\u00e1zor a v\u011b\u0159\u00ed, \u017ee Leninovo t\u011blo nal\u00e9hav\u011b pot\u0159ebuje poh\u0159b\u00edt. 27 % dot\u00e1zan\u00fdch bylo pro poh\u0159ben\u00ed Lenina, ale pozd\u011bji, kdy v\u00a0Rusku ji\u017e nebude m\u00edt \u017eij\u00edc\u00ed stoupence. Pokud se\u010dteme v\u00fdsledky pr\u016fzkumu druh\u00e9 a t\u0159et\u00ed skupiny, zjist\u00edme, \u017ee 57 % Rus\u016f je tak \u010di onak pro \u201eop\u011btovn\u00e9\u201c poh\u0159ben\u00ed Leninova t\u011bla.<\/p>\n<p style=\"font-weight: 400;\">Mezi lidmi existuje siln\u00fd pocit, \u017ee zem\u011b je p\u0159ipravena na to, \u017ee k t\u00e9to ud\u00e1losti d\u0159\u00edve nebo pozd\u011bji dojde. A mo\u017en\u00e1 k\u00a0tomu dojde je\u0161t\u011b za vl\u00e1dy Vladimira Putina.<\/p>\n<p style=\"font-weight: 400;\"><strong>Putin v jednom ze sv\u00fdch projev\u016f ozna\u010dil Lenina za tv\u016frce Ukrajiny.<\/strong> Pr\u00e1v\u011b d\u00edky jeho rozhodnut\u00ed se tato zem\u011b podle rusk\u00e9ho prezidenta <strong>objevila na map\u011b sv\u011bta<\/strong> a z\u00edskala mnoho p\u016fvodn\u011b rusk\u00fdch \u00fazem\u00ed. Probl\u00e9m Ukrajiny se d\u0159\u00edve nebo pozd\u011bji vy\u0159e\u0161\u00ed. A s vysokou m\u00edrou pravd\u011bpodobnosti bude nastolena ot\u00e1zka poh\u0159ben\u00ed Lenina, kter\u00fd st\u00e1l u zrodu kolapsu rusk\u00e9ho imp\u00e9ria, soud\u00ed koment\u00e1to\u0159i.<\/p>\n<p><img decoding=\"async\" loading=\"lazy\" class=\"alignnone size-full wp-image-1185\" src=\"http:\/\/www.infokuryr.cz\/n\/wp-content\/uploads\/2021\/04\/kuryr-podpis.png\" alt=\"\" width=\"84\" height=\"24\" \/><\/p>\n<p>&nbsp;<\/p>\n<p><a href=\"https:\/\/stranapro.cz\/\"><img decoding=\"async\" loading=\"lazy\" class=\"wp-image-40286 aligncenter\" src=\"http:\/\/www.infokuryr.cz\/n\/wp-content\/uploads\/2023\/11\/12pro-300x87.png\" alt=\"\" width=\"1028\" height=\"298\" srcset=\"https:\/\/www.infokuryr.cz\/n\/wp-content\/uploads\/2023\/11\/12pro-300x87.png 300w, https:\/\/www.infokuryr.cz\/n\/wp-content\/uploads\/2023\/11\/12pro.png 366w\" sizes=\"(max-width: 1028px) 100vw, 1028px\" \/><\/a><\/p>\n<p>&nbsp;<\/p>\n<p>&nbsp;<\/p>\n","protected":false},"excerpt":{"rendered":"<p>V ned\u011bli &#8211; 21. ledna 2024 &#8211; uplynulo sto let od smrti Vladim\u00edra Ilji\u010de Lenina&#8230;.<\/p>\n","protected":false},"author":2,"featured_media":45265,"comment_status":"closed","ping_status":"closed","sticky":false,"template":"","format":"standard","meta":[],"categories":[6],"tags":[1811,805,26,673],"_links":{"self":[{"href":"https:\/\/www.infokuryr.cz\/n\/wp-json\/wp\/v2\/posts\/45264"}],"collection":[{"href":"https:\/\/www.infokuryr.cz\/n\/wp-json\/wp\/v2\/posts"}],"about":[{"href":"https:\/\/www.infokuryr.cz\/n\/wp-json\/wp\/v2\/types\/post"}],"author":[{"embeddable":true,"href":"https:\/\/www.infokuryr.cz\/n\/wp-json\/wp\/v2\/users\/2"}],"replies":[{"embeddable":true,"href":"https:\/\/www.infokuryr.cz\/n\/wp-json\/wp\/v2\/comments?post=45264"}],"version-history":[{"count":1,"href":"https:\/\/www.infokuryr.cz\/n\/wp-json\/wp\/v2\/posts\/45264\/revisions"}],"predecessor-version":[{"id":45266,"href":"https:\/\/www.infokuryr.cz\/n\/wp-json\/wp\/v2\/posts\/45264\/revisions\/45266"}],"wp:featuredmedia":[{"embeddable":true,"href":"https:\/\/www.infokuryr.cz\/n\/wp-json\/wp\/v2\/media\/45265"}],"wp:attachment":[{"href":"https:\/\/www.infokuryr.cz\/n\/wp-json\/wp\/v2\/media?parent=45264"}],"wp:term":[{"taxonomy":"category","embeddable":true,"href":"https:\/\/www.infokuryr.cz\/n\/wp-json\/wp\/v2\/categories?post=45264"},{"taxonomy":"post_tag","embeddable":true,"href":"https:\/\/www.infokuryr.cz\/n\/wp-json\/wp\/v2\/tags?post=45264"}],"curies":[{"name":"wp","href":"https:\/\/api.w.org\/{rel}","templated":true}]}}