{"id":45230,"date":"2024-01-22T00:36:36","date_gmt":"2024-01-21T23:36:36","guid":{"rendered":"https:\/\/www.infokuryr.cz\/n\/?p=45230"},"modified":"2024-01-21T15:47:59","modified_gmt":"2024-01-21T14:47:59","slug":"ustredni-velitelstvi-usa-oznamuje-dalsi-uder-proti-husium-v-jemenu","status":"publish","type":"post","link":"https:\/\/www.infokuryr.cz\/n\/2024\/01\/22\/ustredni-velitelstvi-usa-oznamuje-dalsi-uder-proti-husium-v-jemenu\/","title":{"rendered":"\u00dast\u0159edn\u00ed velitelstv\u00ed USA oznamuje dal\u0161\u00ed \u00fader proti H\u00fas\u00ed\u016fm v Jemenu"},"content":{"rendered":"<div id=\"fb-root\"><\/div>\n<p><strong><span>\u00dast\u0159edn\u00ed velitelstv\u00ed USA (CENTCOM) 20. ledna ozn\u00e1milo, \u017ee zas\u00e1hlo v Jemenu protilodn\u00ed st\u0159elu, kterou se H\u00fas\u00edov\u00e9 (Ansar Allah) chystali odp\u00e1lit sm\u011brem k Adensk\u00e9mu z\u00e1livu.<\/span><\/strong><\/p>\n<p><em>&#8222;Americk\u00e9 s\u00edly zjistily, \u017ee raketa p\u0159edstavuje hrozbu pro obchodn\u00ed plavidla a lod\u011b americk\u00e9ho n\u00e1mo\u0159nictva v regionu, a n\u00e1sledn\u011b ji zas\u00e1hly a zni\u010dily v sebeobran\u011b,&#8220; uvedlo velen\u00ed v prohl\u00e1\u0161en\u00ed zve\u0159ejn\u011bn\u00e9m na X, d\u0159\u00edve zn\u00e1m\u00e9m jako Twitter.<\/em><\/p>\n<p><span>CENTCOM tvrdil, \u017ee jeho \u00fader \u201eu\u010din\u00ed mezin\u00e1rodn\u00ed vody bezpe\u010dn\u011bj\u0161\u00edmi a bezpe\u010dn\u011bj\u0161\u00edmi pro americk\u00e9 n\u00e1mo\u0159nictvo a obchodn\u00ed plavidla\u201c.<\/span><\/p>\n<p><span>Tento t\u00fdden to byl sedm\u00fd \u00fader USA proti H\u00fas\u00ed\u016fm.\u00a0Jemensk\u00e1 televize Al-Masirah TV, kter\u00e1 je na skupinu napojena, o st\u00e1vce neinformovala.<\/span><\/p>\n<p><span>H\u00fas\u00edov\u00e9, kter\u00e9 podporuje \u00cdr\u00e1n, za\u010dali \u00fato\u010dit na obchodn\u00ed lod\u011b v listopadu s t\u00edm, \u017ee reaguj\u00ed na izraelskou v\u00e1lku v palestinsk\u00e9m p\u00e1smu Gazy.\u00a0Od t\u00e9 doby skupina podnikla des\u00edtky \u00fatok\u016f na lod\u011b p\u0159idru\u017een\u00e9 k Izraeli proplouvaj\u00edc\u00ed Rud\u00fdm mo\u0159em.<\/span><\/p>\n<p><span>USA a jejich spojenci, v\u010detn\u011b Spojen\u00e9ho kr\u00e1lovstv\u00ed, vytvo\u0159ili n\u00e1mo\u0159n\u00ed koalici a v reakci na to zah\u00e1jili \u00fadery na Jemen.<\/span><\/p>\n<p><span>H\u00fas\u00edov\u00e9 v\u0161ak z\u016fst\u00e1vaj\u00ed nezastra\u0161eni.\u00a0Podle ned\u00e1vn\u00e9 zpr\u00e1vy\u00a0<\/span><a href=\"https:\/\/www.washingtonpost.com\/national-security\/2024\/01\/20\/us-military-yemen-houthis\/\"><span>The Washington Post<\/span><\/a><span>\u00a0se nyn\u00ed USA p\u0159ipravuj\u00ed na trvalou vojenskou kampa\u0148 proti t\u00e9to skupin\u011b.<\/span><\/p>\n<p><span>P\u0159edstavitel\u00e9 administrativy prezidenta Joea Bidena sd\u011blili publikaci, \u017ee c\u00edlem pl\u00e1novan\u00e9 vojensk\u00e9 kampan\u011b je naru\u0161it pokro\u010dil\u00e9 vojensk\u00e9 schopnosti H\u00fas\u00ed\u016f jen natolik, aby omezily jejich schopnost zam\u011b\u0159it se na n\u00e1mo\u0159n\u00ed dopravu v Rud\u00e9m mo\u0159i a Adensk\u00e9m z\u00e1livu nebo minim\u00e1ln\u011b poskytnout dostate\u010dn\u00fd odstra\u0161uj\u00edc\u00ed prost\u0159edek, aby n\u00e1mo\u0159n\u00ed spole\u010dnosti, kter\u00e9 se vyh\u00fdbaj\u00ed riziku, obnovily pos\u00edl\u00e1n\u00ed plavidel po vodn\u00edch cest\u00e1ch regionu.<\/span><\/p>\n<p><span>\u00da\u0159edn\u00edci neidentifikovali \u017e\u00e1dn\u00e9 kone\u010dn\u00e9 datum ani neposkytli odhad, kdy by tohoto c\u00edle mohlo b\u00fdt dosa\u017eeno, tak\u017ee lze s jistotou p\u0159edpokl\u00e1dat, \u017ee se USA mohou pustit do dal\u0161\u00ed letit\u00e9 v\u00e1lky na Bl\u00edzk\u00e9m v\u00fdchod\u011b.<\/span><\/p>\n<p><img decoding=\"async\" loading=\"lazy\" class=\"alignnone size-full wp-image-1185\" src=\"http:\/\/www.infokuryr.cz\/n\/wp-content\/uploads\/2021\/04\/kuryr-podpis.png\" alt=\"\" width=\"84\" height=\"24\" \/><\/p>\n<p>&nbsp;<\/p>\n<p>&nbsp;<\/p>\n","protected":false},"excerpt":{"rendered":"<p>\u00dast\u0159edn\u00ed velitelstv\u00ed USA (CENTCOM) 20. ledna ozn\u00e1milo, \u017ee zas\u00e1hlo v Jemenu protilodn\u00ed st\u0159elu, kterou se&#8230;<\/p>\n","protected":false},"author":2,"featured_media":42510,"comment_status":"closed","ping_status":"closed","sticky":false,"template":"","format":"standard","meta":[],"categories":[7],"tags":[1400,37,1863],"_links":{"self":[{"href":"https:\/\/www.infokuryr.cz\/n\/wp-json\/wp\/v2\/posts\/45230"}],"collection":[{"href":"https:\/\/www.infokuryr.cz\/n\/wp-json\/wp\/v2\/posts"}],"about":[{"href":"https:\/\/www.infokuryr.cz\/n\/wp-json\/wp\/v2\/types\/post"}],"author":[{"embeddable":true,"href":"https:\/\/www.infokuryr.cz\/n\/wp-json\/wp\/v2\/users\/2"}],"replies":[{"embeddable":true,"href":"https:\/\/www.infokuryr.cz\/n\/wp-json\/wp\/v2\/comments?post=45230"}],"version-history":[{"count":0,"href":"https:\/\/www.infokuryr.cz\/n\/wp-json\/wp\/v2\/posts\/45230\/revisions"}],"wp:featuredmedia":[{"embeddable":true,"href":"https:\/\/www.infokuryr.cz\/n\/wp-json\/wp\/v2\/media\/42510"}],"wp:attachment":[{"href":"https:\/\/www.infokuryr.cz\/n\/wp-json\/wp\/v2\/media?parent=45230"}],"wp:term":[{"taxonomy":"category","embeddable":true,"href":"https:\/\/www.infokuryr.cz\/n\/wp-json\/wp\/v2\/categories?post=45230"},{"taxonomy":"post_tag","embeddable":true,"href":"https:\/\/www.infokuryr.cz\/n\/wp-json\/wp\/v2\/tags?post=45230"}],"curies":[{"name":"wp","href":"https:\/\/api.w.org\/{rel}","templated":true}]}}