{"id":45227,"date":"2024-01-22T00:35:15","date_gmt":"2024-01-21T23:35:15","guid":{"rendered":"https:\/\/www.infokuryr.cz\/n\/?p=45227"},"modified":"2024-01-21T15:45:26","modified_gmt":"2024-01-21T14:45:26","slug":"masakr-krynki-pokracuje-afu-si-uvedomuje-nemoznost-udrzet-predmosti","status":"publish","type":"post","link":"https:\/\/www.infokuryr.cz\/n\/2024\/01\/22\/masakr-krynki-pokracuje-afu-si-uvedomuje-nemoznost-udrzet-predmosti\/","title":{"rendered":"Masakr Krynki pokra\u010duje. AFU si uv\u011bdomuje nemo\u017enost udr\u017eet p\u0159edmost\u00ed"},"content":{"rendered":"<div id=\"fb-root\"><\/div>\n<p><strong><span>Dne 20. ledna 2024 na Chersonsk\u00e9m sm\u011bru v oblasti osady Krynki z\u016fst\u00e1v\u00e1 situace napjat\u00e1 bez jak\u00e9hokoli postupu stran konfliktu.<\/span><\/strong><\/p>\n<p><span>Ozbrojen\u00e9 s\u00edly Ruska pokra\u010duj\u00ed v ni\u010den\u00ed ukrajinsk\u00fdch v\u00fdsadkov\u00fdch skupin, kter\u00e9 se p\u0159edt\u00edm usadily na mal\u00e9m prostoru pobl\u00ed\u017e vesnice.\u00a0Navzdory \u00fapln\u00e9mu obkl\u00ed\u010den\u00ed jednotka AFU nad\u00e1le z\u016fst\u00e1v\u00e1 na sv\u00fdch pozic\u00edch ve vesnici.\u00a0Podle r\u016fzn\u00fdch odhad\u016f je na p\u0159edmost\u00ed obsazen\u00e9m AFU rozm\u00edst\u011bno a\u017e 100 lid\u00ed.\u00a0Oblast je ji\u017e prakticky zcela zni\u010dena a nez\u016fstaly zde \u017e\u00e1dn\u00e9 \u00fakryty.\u00a0Sn\u00edmky po\u0159\u00edzen\u00e9 ukrajinsk\u00fdm oprav\u00e1\u0159em z Krynki:<\/span><\/p>\n<p>&nbsp;<\/p>\n<div style=\"width: 464px;\" class=\"wp-video\"><!--[if lt IE 9]><script>document.createElement('video');<\/script><![endif]-->\n<video class=\"wp-video-shortcode\" id=\"video-45227-1\" width=\"464\" height=\"848\" preload=\"metadata\" controls=\"controls\"><source type=\"video\/mp4\" src=\"http:\/\/www.infokuryr.cz\/n\/wp-content\/uploads\/2024\/01\/IMG_8291.mp4?_=1\" \/><a href=\"http:\/\/www.infokuryr.cz\/n\/wp-content\/uploads\/2024\/01\/IMG_8291.mp4\">http:\/\/www.infokuryr.cz\/n\/wp-content\/uploads\/2024\/01\/IMG_8291.mp4<\/a><\/video><\/div>\n<p>&nbsp;<\/p>\n<p><span>Podle moder\u00e1tora je jejich \u00fakryt zni\u010den\u00fd, ale nen\u00ed se kam st\u011bhovat, proto\u017ee t\u00e9m\u011b\u0159 v\u0161e kolem nich bylo zni\u010deno a kv\u016fli no\u010dn\u00edmu mrazu bez po\u0159\u00e1dn\u00fdch \u00fakryt\u016f mrznou.<\/span><\/p>\n<p><span>V\u011bt\u0161ina \u00faseku lev\u00e9ho b\u0159ehu Dn\u011bpru obsazen\u00e9ho AFU je poseta mrtvolami.\u00a0Zran\u011bn\u00ed voj\u00e1ci nemohou b\u00fdt p\u0159evezeni k o\u0161et\u0159en\u00ed na prav\u00fd b\u0159eh Dn\u011bpru, a proto um\u00edraj\u00ed.\u00a0Jednotky AFU si ji\u017e uv\u011bdomuj\u00ed, \u017ee jim nikdo nepom\u016f\u017ee a jsou odsouzeny k smrti.<\/span><\/p>\n<div id=\"attachment_198669\" class=\"wp-caption aligncenter\" style=\"width: 603px;\"><a href=\"https:\/\/s2.cdnstatic.space\/wp-content\/uploads\/2024\/01\/2024-01-20_21-50-45.jpg\" target=\"_blank\" rel=\"noopener\"><img decoding=\"async\" loading=\"lazy\" class=\"wp-image-198669\" title=\"Vojensk\u00fd p\u0159ehled: Masakr Krynki pokra\u010duje.  AFU si uv\u011bdomuje nemo\u017enost udr\u017eet p\u0159edmost\u00ed\" src=\"https:\/\/s2.cdnstatic.space\/wp-content\/uploads\/2024\/01\/2024-01-20_21-50-45.jpg\" sizes=\"(max-width: 600px) 100vw, 600px\" srcset=\"https:\/\/s2.cdnstatic.space\/wp-content\/uploads\/2024\/01\/2024-01-20_21-50-45.jpg 1203w, https:\/\/s2.cdnstatic.space\/wp-content\/uploads\/2024\/01\/2024-01-20_21-50-45-490x295.jpg 490w, https:\/\/s2.cdnstatic.space\/wp-content\/uploads\/2024\/01\/2024-01-20_21-50-45-1024x617.jpg 1024w, https:\/\/s2.cdnstatic.space\/wp-content\/uploads\/2024\/01\/2024-01-20_21-50-45-768x463.jpg 768w\" alt=\"Vojensk\u00fd p\u0159ehled: Masakr Krynki pokra\u010duje.  AFU si uv\u011bdomuje nemo\u017enost udr\u017eet p\u0159edmost\u00ed\" width=\"603\" height=\"364\" aria-describedby=\"caption-attachment-198669\" \/><\/a><\/p>\n<p id=\"caption-attachment-198669\" class=\"wp-caption-text\"><span>Pozice zast\u00e1van\u00e9 ob\u011bma stranami konfliktu v Krynki.<\/span><\/p>\n<\/div>\n<div id=\"attachment_198670\" class=\"wp-caption aligncenter\" style=\"width: 599px;\"><a href=\"https:\/\/s2.cdnstatic.space\/wp-content\/uploads\/2024\/01\/79832479%D0%9332903401-.jpg\" target=\"_blank\" rel=\"noopener\"><img decoding=\"async\" loading=\"lazy\" class=\"wp-image-198670\" title=\"Vojensk\u00fd p\u0159ehled: Masakr Krynki pokra\u010duje.  AFU si uv\u011bdomuje nemo\u017enost udr\u017eet p\u0159edmost\u00ed\" src=\"https:\/\/s2.cdnstatic.space\/wp-content\/uploads\/2024\/01\/79832479%D0%9332903401-.jpg\" sizes=\"(max-width: 598px) 100vw, 598px\" srcset=\"https:\/\/s2.cdnstatic.space\/wp-content\/uploads\/2024\/01\/79832479\u041332903401-.jpg 800w, https:\/\/s2.cdnstatic.space\/wp-content\/uploads\/2024\/01\/79832479\u041332903401--409x300.jpg 409w, https:\/\/s2.cdnstatic.space\/wp-content\/uploads\/2024\/01\/79832479\u041332903401--768x564.jpg 768w\" alt=\"Vojensk\u00fd p\u0159ehled: Masakr Krynki pokra\u010duje.  AFU si uv\u011bdomuje nemo\u017enost udr\u017eet p\u0159edmost\u00ed\" width=\"599\" height=\"440\" aria-describedby=\"caption-attachment-198670\" \/><\/a><\/p>\n<p id=\"caption-attachment-198670\" class=\"wp-caption-text\"><span>Situace v Krynki, obsazen\u00e1 voj\u00e1ky AFU.<\/span><\/p>\n<\/div>\n<p><span>Na jedn\u00e9 stran\u011b byl pr\u016flom AFU v Krynk\u00e1ch jejich nejv\u011bt\u0161\u00edm \u00fasp\u011bchem a \u00fasp\u011bchem v r\u00e1mci mo\u017en\u00e9ho rozs\u00e1hl\u00e9ho prosazen\u00ed Dn\u011bpru.\u00a0Na druhou stranu tento krok vypadal krajn\u011b nelogicky vzhledem k nedostate\u010dn\u00e9 vzdu\u0161n\u00e9 p\u0159evaze a existuj\u00edc\u00edm probl\u00e9m\u016fm v dod\u00e1vk\u00e1ch \u00fato\u010dn\u00fdch zbran\u00ed ze Z\u00e1padu.<\/span><\/p>\n<p><span>Situace v Krynk\u00e1ch op\u011bt potvrzuje, \u017ee Kyjev je krajn\u011b nedbal\u00fd ke sv\u00fdm voj\u00e1k\u016fm, kte\u0159\u00ed jsou nuceni dr\u017eet sv\u00e9 pozice na mnoha \u010d\u00e1stech fronty a jsou vystaveni rozs\u00e1hl\u00e9mu ost\u0159elov\u00e1n\u00ed ze strany rusk\u00fdch ozbrojen\u00fdch sil, kter\u00e9 jsou v\u00fdrazn\u011b p\u0159esile a jsou vybaveny zbran\u011b.<\/span><\/p>\n<p><strong><span>Jestli\u017ee v po\u010d\u00e1te\u010dn\u00ed f\u00e1zi mor\u00e1lka ukrajinsk\u00fdch voj\u00e1k\u016f p\u0159isp\u00edvala k pln\u011bn\u00ed kyjevsk\u00fdch zlo\u010dinn\u00fdch a \u0161\u00edlen\u00fdch rozkaz\u016f, v sou\u010dasnosti mor\u00e1lka AFU umo\u017e\u0148uje rusk\u00e9 arm\u00e1d\u011b dosahovat \u00fasp\u011bch\u016f na t\u011bch sm\u011brech, o kter\u00fdch d\u0159\u00edve ani nebylo pochyb.\u00a0Za t\u00e9to situace je pravd\u011bpodobn\u00e9, \u017ee \u00fasp\u011bchy na d\u0159\u00edve ztracen\u00fdch \u00fasec\u00edch fronty pro Rusko na sebe nenechaj\u00ed dlouho \u010dekat.<\/span><\/strong><\/p>\n<p><img decoding=\"async\" loading=\"lazy\" class=\"alignnone size-full wp-image-1185\" src=\"http:\/\/www.infokuryr.cz\/n\/wp-content\/uploads\/2021\/04\/kuryr-podpis.png\" alt=\"\" width=\"84\" height=\"24\" \/><\/p>\n<p>&nbsp;<\/p>\n<p>&nbsp;<\/p>\n","protected":false},"excerpt":{"rendered":"<p>Dne 20. ledna 2024 na Chersonsk\u00e9m sm\u011bru v oblasti osady Krynki z\u016fst\u00e1v\u00e1 situace napjat\u00e1 bez&#8230;<\/p>\n","protected":false},"author":2,"featured_media":45229,"comment_status":"closed","ping_status":"closed","sticky":false,"template":"","format":"standard","meta":[],"categories":[7],"tags":[220,22,26,5135],"_links":{"self":[{"href":"https:\/\/www.infokuryr.cz\/n\/wp-json\/wp\/v2\/posts\/45227"}],"collection":[{"href":"https:\/\/www.infokuryr.cz\/n\/wp-json\/wp\/v2\/posts"}],"about":[{"href":"https:\/\/www.infokuryr.cz\/n\/wp-json\/wp\/v2\/types\/post"}],"author":[{"embeddable":true,"href":"https:\/\/www.infokuryr.cz\/n\/wp-json\/wp\/v2\/users\/2"}],"replies":[{"embeddable":true,"href":"https:\/\/www.infokuryr.cz\/n\/wp-json\/wp\/v2\/comments?post=45227"}],"version-history":[{"count":0,"href":"https:\/\/www.infokuryr.cz\/n\/wp-json\/wp\/v2\/posts\/45227\/revisions"}],"wp:featuredmedia":[{"embeddable":true,"href":"https:\/\/www.infokuryr.cz\/n\/wp-json\/wp\/v2\/media\/45229"}],"wp:attachment":[{"href":"https:\/\/www.infokuryr.cz\/n\/wp-json\/wp\/v2\/media?parent=45227"}],"wp:term":[{"taxonomy":"category","embeddable":true,"href":"https:\/\/www.infokuryr.cz\/n\/wp-json\/wp\/v2\/categories?post=45227"},{"taxonomy":"post_tag","embeddable":true,"href":"https:\/\/www.infokuryr.cz\/n\/wp-json\/wp\/v2\/tags?post=45227"}],"curies":[{"name":"wp","href":"https:\/\/api.w.org\/{rel}","templated":true}]}}