{"id":45220,"date":"2024-01-22T00:31:14","date_gmt":"2024-01-21T23:31:14","guid":{"rendered":"https:\/\/www.infokuryr.cz\/n\/?p=45220"},"modified":"2024-01-21T15:37:19","modified_gmt":"2024-01-21T14:37:19","slug":"byvaly-cesky-prezident-vaclav-klaus-zelena-ideologie-je-nebezpecna","status":"publish","type":"post","link":"https:\/\/www.infokuryr.cz\/n\/2024\/01\/22\/byvaly-cesky-prezident-vaclav-klaus-zelena-ideologie-je-nebezpecna\/","title":{"rendered":"B\u00fdval\u00fd \u010desk\u00fd prezident V\u00e1clav Klaus: \u201eZelen\u00e1 ideologie je nebezpe\u010dn\u00e1\u201c"},"content":{"rendered":"<div id=\"fb-root\"><\/div>\n<p><strong>B\u00fdval\u00e1 hlava st\u00e1tu a p\u0159edseda vl\u00e1dy prof. V\u00e1clav Klaus, odcestoval p\u0159\u00edmo z kritick\u00e9ho setk\u00e1n\u00ed WEF v Davosu do studia AUF1 a v exkluzivn\u00edm rozhovoru odpov\u011bd\u011bl na ot\u00e1zky Mag. Elsy Mittmannsgruberov\u00e9. A o aktu\u00e1ln\u00edm v\u00fdvoji m\u00e1 82let\u00e1 politick\u00e1 legenda jasn\u00e1 slova.<\/strong><\/p>\n<h3 class=\"wp-block-heading\"><span style=\"font-size: 18pt;\">\u201eZelen\u00e1 ideologie je nebezpe\u010dn\u00e1\u201c<\/span><\/h3>\n<p>Exprezident za\u017eil komunismus v jeho pln\u00e9 krutosti: \u201eDebata o svobod\u011b pro n\u00e1s nebyla jen teoretick\u00e1, byl to n\u00e1\u0161 \u017eivot.\u201c\u00a0Prof. Klaus m\u00e1 mnoho paralel k dne\u0161ku.\u00a0Lid\u00e9 by zase mluvili ti\u0161e, za zav\u0159en\u00fdmi dve\u0159mi.\u00a0Zelen\u00e1 ideologie je v tomto kontextu, ale i obecn\u011b, nebezpe\u010dn\u00e1.\u00a0Vypr\u00e1v\u011bn\u00ed o \u010dlov\u011bkem zp\u016fsoben\u00e9 zm\u011bn\u011b klimatu ji\u017e m\u00ed\u0159\u00ed sm\u011brem k ekoterorismu.<\/p>\n<div id=\"repor-d1d6627cbf820fdf0d945e46042fc250\" class=\"repor-d1d6627cbf820fdf0d945e46042fc250 repor-inhalt_3\">\n<div id=\"repor-152768894\" class=\"repor-inhalt_3 repor-target\" data-repor-trackid=\"9821\" data-repor-trackbid=\"1\">\n<div id=\"M818971ScriptRootC1337404_0f884\">\n<div id=\"MarketGidComposite1337404_0f884\">\n<div class=\"mgbox\">\n<div class=\"mgheader1337404\"><\/div>\n<\/div>\n<\/div>\n<\/div>\n<\/div>\n<\/div>\n<div class=\"video-wrapper\"><iframe loading=\"lazy\" title=\"P\u0159ehr\u00e1va\u010d videa YouTube\" src=\"https:\/\/www.youtube.com\/embed\/cIoU9LKwZz0?si=yXkKkFkzOaMm2G7X\" width=\"560\" height=\"315\" frameborder=\"0\" allowfullscreen=\"allowfullscreen\" data-mce-fragment=\"1\"><\/iframe><\/div>\n<p>Nyn\u00ed jsou zelen\u00ed ve v\u0161ech politick\u00fdch funkc\u00edch a to je dne\u0161n\u00ed probl\u00e9m, \u0159\u00edk\u00e1 exprezident \u010cR.\u00a0Od dopadu na ekonomiku a\u017e po indoktrinaci d\u011bt\u00ed ve \u0161kol\u00e1ch.\u00a0\u201eP\u0159ed deseti lety jsme \u0159\u00edkali, \u017ee situace ve \u0161kol\u00e1ch je srovnateln\u00e1 s pozdn\u00edm komunismem,\u201c \u0159\u00edk\u00e1 Klaus, kter\u00fd z\u00e1rove\u0148 varuje p\u0159ed glob\u00e1ln\u00edm komunismem.\u00a0Mus\u00edme znovu bojovat za svobodu a zastavit tento v\u00fdvoj.<\/p>\n<h3 class=\"wp-block-heading\"><span style=\"font-size: 18pt;\">\u201eViktor Orb\u00e1n je nejlep\u0161\u00ed politik v Evrop\u011b\u201c<\/span><\/h3>\n<p>Za Viktora Orb\u00e1na se zast\u00e1v\u00e1 i V\u00e1clav Klaus.\u00a0&#8222;Je to nejlep\u0161\u00ed politik v Evrop\u011b.&#8220;\u00a0M\u00e1 bl\u00edzko k lidem, pracuje s lidmi a pro lidi, a proto je tak \u00fasp\u011b\u0161n\u00fd.\u00a0&#8222;Bohu\u017eel takov\u00e9 politiky nem\u00e1me.&#8220;\u00a0Klausovi tak\u00e9 chyb\u00ed jasn\u00e9 profily mezi politick\u00fdmi stranami v evropsk\u00fdch zem\u00edch.\u00a0\u201ePot\u0159ebujeme ideologicky jasn\u011b definovan\u00e9 strany.\u00a0Bez nich nem\u016f\u017eeme zlep\u0161it politickou situaci v Evrop\u011b.<\/p>\n<h3 class=\"wp-block-heading\"><span style=\"font-size: 18pt;\">\u201eZvl\u00e1dneme to!\u00a0Ale ne ve smyslu Merkelov\u00e9\u201c<\/span><\/h3>\n<p>Nen\u00ed snadn\u00e9 postavit se globalistick\u00e9 agend\u011b.\u00a0Zem\u011b by musely jednat nez\u00e1visleji a p\u0159ij\u00edmat v\u00edce n\u00e1rodn\u00edch rozhodnut\u00ed.\u00a0\u201eZa svobodnou Evropu mus\u00edme bojovat ka\u017ed\u00fd den,\u201c to je \u201epovinnost ka\u017ed\u00e9ho,\u201c \u0159\u00edk\u00e1 b\u00fdval\u00fd prezident V\u00e1clav Klaus.\u00a0D\u011bje se to jen po mal\u00fdch kroc\u00edch, na r\u016fzn\u00fdch \u00farovn\u00edch.\u00a0&#8222;To zvl\u00e1dneme,&#8220; \u0159\u00edk\u00e1 Klaus optimisticky.\u00a0\u00dasm\u011bvn\u00fd dodatek: &#8222;Ale ne jako Angela Merkelov\u00e1.&#8220;<\/p>\n<p><img decoding=\"async\" loading=\"lazy\" class=\"alignnone size-full wp-image-1185\" src=\"http:\/\/www.infokuryr.cz\/n\/wp-content\/uploads\/2021\/04\/kuryr-podpis.png\" alt=\"\" width=\"84\" height=\"24\" \/><\/p>\n","protected":false},"excerpt":{"rendered":"<p>B\u00fdval\u00e1 hlava st\u00e1tu a p\u0159edseda vl\u00e1dy prof. V\u00e1clav Klaus, odcestoval p\u0159\u00edmo z kritick\u00e9ho setk\u00e1n\u00ed WEF&#8230;<\/p>\n","protected":false},"author":2,"featured_media":45221,"comment_status":"closed","ping_status":"closed","sticky":false,"template":"","format":"standard","meta":[],"categories":[7],"tags":[1052,1698,6664,103],"_links":{"self":[{"href":"https:\/\/www.infokuryr.cz\/n\/wp-json\/wp\/v2\/posts\/45220"}],"collection":[{"href":"https:\/\/www.infokuryr.cz\/n\/wp-json\/wp\/v2\/posts"}],"about":[{"href":"https:\/\/www.infokuryr.cz\/n\/wp-json\/wp\/v2\/types\/post"}],"author":[{"embeddable":true,"href":"https:\/\/www.infokuryr.cz\/n\/wp-json\/wp\/v2\/users\/2"}],"replies":[{"embeddable":true,"href":"https:\/\/www.infokuryr.cz\/n\/wp-json\/wp\/v2\/comments?post=45220"}],"version-history":[{"count":1,"href":"https:\/\/www.infokuryr.cz\/n\/wp-json\/wp\/v2\/posts\/45220\/revisions"}],"predecessor-version":[{"id":45222,"href":"https:\/\/www.infokuryr.cz\/n\/wp-json\/wp\/v2\/posts\/45220\/revisions\/45222"}],"wp:featuredmedia":[{"embeddable":true,"href":"https:\/\/www.infokuryr.cz\/n\/wp-json\/wp\/v2\/media\/45221"}],"wp:attachment":[{"href":"https:\/\/www.infokuryr.cz\/n\/wp-json\/wp\/v2\/media?parent=45220"}],"wp:term":[{"taxonomy":"category","embeddable":true,"href":"https:\/\/www.infokuryr.cz\/n\/wp-json\/wp\/v2\/categories?post=45220"},{"taxonomy":"post_tag","embeddable":true,"href":"https:\/\/www.infokuryr.cz\/n\/wp-json\/wp\/v2\/tags?post=45220"}],"curies":[{"name":"wp","href":"https:\/\/api.w.org\/{rel}","templated":true}]}}