{"id":4520,"date":"2021-09-03T08:23:13","date_gmt":"2021-09-03T06:23:13","guid":{"rendered":"http:\/\/www.infokuryr.cz\/n\/?p=4520"},"modified":"2021-09-03T08:23:13","modified_gmt":"2021-09-03T06:23:13","slug":"svet-se-brzy-rozdeli-mezi-poskozene-ockovane-a-neposkozene-super-silne-neockovane","status":"publish","type":"post","link":"https:\/\/www.infokuryr.cz\/n\/2021\/09\/03\/svet-se-brzy-rozdeli-mezi-poskozene-ockovane-a-neposkozene-super-silne-neockovane\/","title":{"rendered":"Sv\u011bt se brzy rozd\u011bl\u00ed mezi PO\u0160KOZEN\u00c9 o\u010dkovan\u00e9 a nepo\u0161kozen\u00e9, \u201esuper siln\u00e9\u201c neo\u010dkovan\u00e9"},"content":{"rendered":"<div id=\"fb-root\"><\/div>\n<div class=\"elementor-element elementor-element-1fb4c2c elementor-widget elementor-widget-theme-post-content\" data-id=\"1fb4c2c\" data-element_type=\"widget\" data-widget_type=\"theme-post-content.default\">\n<div class=\"elementor-widget-container\">\n<p>Podp\u016frci o\u010dkov\u00e1n\u00ed se pokou\u0161ej\u00ed rozd\u011blit sv\u011bt na o\u010dkovan\u00e9 a neo\u010dkovan\u00e9 osoby t\u00edm, \u017ee odep\u00edraj\u00ed neo\u010dkovan\u00fdm lidem p\u0159\u00edstup do spole\u010dnosti (prost\u0159ednictv\u00edm o\u010dkovac\u00edch pas\u016f). Ale budou v \u0161oku &#8230; a nastane velk\u00fd obrat. Skute\u010dn\u00e9 rozd\u011blen\u00ed, kter\u00e9 se bude odv\u00edjet, je mezi zdravotn\u011b po\u0161kozen\u00fdmi o\u010dkovan\u00fdmi a nepo\u0161kozen\u00fdmi neo\u010dkovan\u00fdmi.<\/p>\n<p><strong>Po\u0161kozen\u00e9 o\u010dkovan\u00e9 osoby:<\/strong><\/p>\n<ul>\n<li>Trp\u00ed kognitivn\u00ed po\u0161kozen\u00edm, kter\u00e9 se podob\u00e1 rostouc\u00ed ment\u00e1ln\u00ed retardaci.<\/li>\n<li>Trp\u00ed kardiovaskul\u00e1rn\u00edm po\u0161kozen\u00edm, kter\u00e9 jim br\u00e1n\u00ed prov\u00e1d\u011bt b\u011b\u017en\u00e9 ka\u017edodenn\u00ed \u00fakoly, jako je no\u0161en\u00ed ta\u0161ky s potravinami po schodech.<\/li>\n<li>Trp\u00ed neplodnost\u00ed a reproduk\u010dn\u00edm po\u0161kozen\u00edm, kter\u00e9 jim znemo\u017e\u0148uje reprodukci.<\/li>\n<li>P\u0159i vystaven\u00ed budouc\u00edm cirkuluj\u00edc\u00edm patogen\u016fm trp\u00ed autoimunitn\u00edm po\u0161kozen\u00edm, kter\u00e9 je vystavuje extr\u00e9mn\u00edmu riziku ADE a hyperinflamace.<\/li>\n<\/ul>\n<p>Naproti tomu nepo\u0161kozen\u00ed lid\u00e9 budou \u201esupersiln\u00ed\u201c ve schopnosti myslet a fungovat norm\u00e1ln\u011b a zdrav\u011b. Zat\u00edmco o\u010dkovan\u00e1 polovina spole\u010dnosti bude ment\u00e1ln\u011b a t\u011blesn\u011b posti\u017een\u00e1, lid\u00e9, kte\u0159\u00ed nebyli o\u010dkov\u00e1ni, si zachovaj\u00ed sv\u016fj pln\u00fd potenci\u00e1l a schopnost m\u00edt d\u011bti a \u00fa\u010dastnit se spole\u010densk\u00e9ho \u017eivota.<\/p>\n<p><strong>O\u010dkovan\u00ed si mysl\u00ed, \u017ee maj\u00ed pas svobody, ale ve skute\u010dnosti si koupili l\u00edstek do pekla.<\/strong><\/p>\n<p>Skute\u010dnou ironi\u00ed cel\u00e9 v\u011bci je, \u017ee o\u010dkovan\u00ed lid\u00e9 si mysl\u00ed, \u017ee maj\u00ed p\u0159\u00edstup do sv\u011bta s o\u010dkovac\u00edm pr\u016fkazem, ale str\u00e1v\u00ed zbytek \u017eivota v nemocnic\u00edch, na gau\u010d\u00edch, na postel\u00edch nebo v rakv\u00edch, proto\u017ee jejich t\u011bla a mozky jsou mimo\u00a0 a p\u0159est\u00e1vaj\u00ed pracovat tak, jak d\u0159\u00edve. T\u00edm, \u017ee si vezmou vakc\u00ednu, mnoho z t\u011bchto lid\u00ed, kte\u0159\u00ed si mysl\u00ed, \u017ee jsou nad\u0159azeni ostatn\u00edm, ve skute\u010dnosti skon\u010d\u00ed:<\/p>\n<ul>\n<li>Nelze \u00fasp\u011b\u0161n\u011b po\u010d\u00edt d\u00edt\u011b nebo m\u00edt d\u00edt\u011b.<\/li>\n<li>Neschopnost \u00fa\u010dastnit se outdoorov\u00fdch aktivit, kter\u00e9 vy\u017eaduj\u00ed ur\u010ditou \u00farove\u0148 n\u00e1mahy.<\/li>\n<li>Mohou d\u011blat pouze jednoduchou pr\u00e1ci, proto\u017ee ztrat\u00ed sv\u00e9 kognitivn\u00ed schopnosti.<\/li>\n<li>Kv\u016fli ztr\u00e1t\u011b kognitivn\u00edch schopnost\u00ed a kr\u00e1tkodob\u00e9 pam\u011bti nen\u00ed mo\u017en\u00e9 z\u016fstat v kontaktu s rodinou a p\u0159\u00e1teli.<\/li>\n<\/ul>\n<p>(Dobrou zpr\u00e1vou je, co\u017e se domn\u00edv\u00e1m, \u017ee lid\u00e9, kte\u0159\u00ed dr\u017e\u00ed dietu, dok\u00e1\u017eou p\u0159ekonat zna\u010dnou \u010d\u00e1st po\u0161kozen\u00ed b\u00edlkovin zp\u016fsobenou\u00a0 o\u010dkov\u00e1n\u00edm, ale mus\u00ed zastavit otravu posilovac\u00ed vakcinac\u00ed, jinak je nic nezachr\u00e1n\u00ed.)<\/p>\n<p>V z\u00e1sad\u011b plat\u00ed, \u017ee ti, kte\u0159\u00ed u\u017e\u00edvaj\u00ed injekce proteinov\u00fdch \u0161pi\u010dek pro z\u00edsk\u00e1n\u00ed o\u010dkovac\u00edho pr\u016fkazu (covidpasu) , se rozhodnou celo\u017eivotn\u011b trp\u011bt o\u010dkov\u00e1n\u00edm. Budou uv\u011bzn\u011bni ve sv\u00e9m vlastn\u00edm t\u011ble tak dlouho, jak budou \u017e\u00edt, co\u017e nemus\u00ed trvat o mnoho d\u00e9le, pokud jim budou i nad\u00e1le pod\u00e1vat o\u010dkovac\u00ed l\u00e1tky typu \u201eposilovac\u00ed\u201c spike protein.<\/p>\n<p>Tato posilovac\u00ed o\u010dkov\u00e1n\u00ed je samoz\u0159ejm\u011b mnohem jednodu\u0161\u0161\u00ed pod\u00e1vat lidem, kte\u0159\u00ed jsou ji\u017e kognitivn\u011b po\u0161kozeni prvn\u00edmi dv\u011bma o\u010dkov\u00e1n\u00edmi a kte\u0159\u00ed trp\u00ed poruchami my\u0161len\u00ed a emo\u010dn\u00ed nestabilitou. To je to, co nyn\u00ed vid\u00edme u o\u010dkovan\u00fdch lid\u00ed, kte\u0159\u00ed k\u0159i\u010d\u00ed a odsuzuj\u00ed ostatn\u00ed v divok\u00fdch tir\u00e1d\u00e1ch, kter\u00e9 najdete na TikTok a YouTube.<\/p>\n<p><strong>Sta\u0148te se sv\u011bdky tohoto \u0161\u00edlenstv\u00ed:<\/strong><\/p>\n<p>Pokud chcete\u00a0 z\u016fstat &#8222;supersiln\u00ed&#8220; ve srovn\u00e1n\u00ed s po\u0161kozen\u00fdmi, masov\u011b o\u010dkovan\u00fdmi vakc\u00ednami, jednodu\u0161e vyvolejte p\u0159irozenou imunitu a porazte Covid sv\u00fdm bohem dan\u00fdm imunitn\u00edm syst\u00e9mem. Zanedlouho budete mezi t\u011bmi, kdo zd\u011bd\u00ed Zemi, kdy\u017e se o\u010dkovan\u00ed st\u00e1hnou do sv\u00fdch domov\u016f, nemocnic a rakv\u00ed.<\/p>\n<\/div>\n<div class=\"elementor-posts-container elementor-posts elementor-posts--skin-classic elementor-grid elementor-has-item-ratio\">\n<div class=\"elementor-element elementor-element-1fb4c2c elementor-widget elementor-widget-theme-post-content\" data-id=\"1fb4c2c\" data-element_type=\"widget\" data-widget_type=\"theme-post-content.default\">\n<div class=\"elementor-widget-container\">\n<div class=\"elementor-element elementor-element-1fb4c2c elementor-widget elementor-widget-theme-post-content\" data-id=\"1fb4c2c\" data-element_type=\"widget\" data-widget_type=\"theme-post-content.default\">\n<div class=\"elementor-widget-container\">\n<p><span>Poslechn\u011bte si dal\u0161\u00ed tvrd\u00e9 pravdy v dne\u0161n\u00edm vyd\u00e1n\u00ed podcastu Situa\u010dn\u00ed aktualizace (v anglick\u00e9m jazyce):<\/span><\/p>\n<p><iframe loading=\"lazy\" src=\"https:\/\/www.brighteon.com\/embed\/6b7ee1cb-a103-479a-bca6-8d5c0ae909c0\" width=\"560\" height=\"315\" frameborder=\"0\" allowfullscreen=\"allowfullscreen\" data-mce-fragment=\"1\"><\/iframe><\/div>\n<\/div>\n<div class=\"elementor-element elementor-element-46a8472 elementor-grid-3 elementor-grid-tablet-2 elementor-grid-mobile-1 elementor-posts--thumbnail-top elementor-widget elementor-widget-posts\" data-id=\"46a8472\" data-element_type=\"widget\" data-settings=\"{&quot;classic_row_gap&quot;:{&quot;unit&quot;:&quot;px&quot;,&quot;size&quot;:25,&quot;sizes&quot;:[]},&quot;classic_columns&quot;:&quot;3&quot;,&quot;classic_columns_tablet&quot;:&quot;2&quot;,&quot;classic_columns_mobile&quot;:&quot;1&quot;}\" data-widget_type=\"posts.classic\">\n<div class=\"elementor-widget-container\">\n<div class=\"elementor-posts-container elementor-posts elementor-posts--skin-classic elementor-grid elementor-has-item-ratio\"><\/div>\n<\/div>\n<\/div>\n<p><img decoding=\"async\" loading=\"lazy\" class=\"alignnone size-full wp-image-1185\" src=\"http:\/\/www.infokuryr.cz\/n\/wp-content\/uploads\/2021\/04\/kuryr-podpis.png\" alt=\"\" width=\"84\" height=\"24\" \/><\/p>\n<p>&nbsp;<\/p>\n<\/div>\n<\/div>\n<div class=\"elementor-element elementor-element-46a8472 elementor-grid-3 elementor-grid-tablet-2 elementor-grid-mobile-1 elementor-posts--thumbnail-top elementor-widget elementor-widget-posts\" data-id=\"46a8472\" data-element_type=\"widget\" data-settings=\"{&quot;classic_row_gap&quot;:{&quot;unit&quot;:&quot;px&quot;,&quot;size&quot;:25,&quot;sizes&quot;:[]},&quot;classic_columns&quot;:&quot;3&quot;,&quot;classic_columns_tablet&quot;:&quot;2&quot;,&quot;classic_columns_mobile&quot;:&quot;1&quot;}\" data-widget_type=\"posts.classic\">\n<div class=\"elementor-widget-container\">\n<div class=\"elementor-posts-container elementor-posts elementor-posts--skin-classic elementor-grid elementor-has-item-ratio\"><\/div>\n<\/div>\n<\/div>\n<\/div>\n<\/div>\n<div><\/div>\n<div class=\"elementor-element elementor-element-46a8472 elementor-grid-3 elementor-grid-tablet-2 elementor-grid-mobile-1 elementor-posts--thumbnail-top elementor-widget elementor-widget-posts\" data-id=\"46a8472\" data-element_type=\"widget\" data-settings=\"{&quot;classic_row_gap&quot;:{&quot;unit&quot;:&quot;px&quot;,&quot;size&quot;:25,&quot;sizes&quot;:[]},&quot;classic_columns&quot;:&quot;3&quot;,&quot;classic_columns_tablet&quot;:&quot;2&quot;,&quot;classic_columns_mobile&quot;:&quot;1&quot;}\" data-widget_type=\"posts.classic\">\n<div class=\"elementor-widget-container\">\n<div class=\"elementor-posts-container elementor-posts elementor-posts--skin-classic elementor-grid elementor-has-item-ratio\"><\/div>\n<\/div>\n<\/div>\n","protected":false},"excerpt":{"rendered":"<p>Podp\u016frci o\u010dkov\u00e1n\u00ed se pokou\u0161ej\u00ed rozd\u011blit sv\u011bt na o\u010dkovan\u00e9 a neo\u010dkovan\u00e9 osoby t\u00edm, \u017ee odep\u00edraj\u00ed neo\u010dkovan\u00fdm&#8230;<\/p>\n","protected":false},"author":2,"featured_media":3713,"comment_status":"closed","ping_status":"closed","sticky":false,"template":"","format":"standard","meta":[],"categories":[7],"tags":[23,1028,952,48,651,21],"_links":{"self":[{"href":"https:\/\/www.infokuryr.cz\/n\/wp-json\/wp\/v2\/posts\/4520"}],"collection":[{"href":"https:\/\/www.infokuryr.cz\/n\/wp-json\/wp\/v2\/posts"}],"about":[{"href":"https:\/\/www.infokuryr.cz\/n\/wp-json\/wp\/v2\/types\/post"}],"author":[{"embeddable":true,"href":"https:\/\/www.infokuryr.cz\/n\/wp-json\/wp\/v2\/users\/2"}],"replies":[{"embeddable":true,"href":"https:\/\/www.infokuryr.cz\/n\/wp-json\/wp\/v2\/comments?post=4520"}],"version-history":[{"count":0,"href":"https:\/\/www.infokuryr.cz\/n\/wp-json\/wp\/v2\/posts\/4520\/revisions"}],"wp:featuredmedia":[{"embeddable":true,"href":"https:\/\/www.infokuryr.cz\/n\/wp-json\/wp\/v2\/media\/3713"}],"wp:attachment":[{"href":"https:\/\/www.infokuryr.cz\/n\/wp-json\/wp\/v2\/media?parent=4520"}],"wp:term":[{"taxonomy":"category","embeddable":true,"href":"https:\/\/www.infokuryr.cz\/n\/wp-json\/wp\/v2\/categories?post=4520"},{"taxonomy":"post_tag","embeddable":true,"href":"https:\/\/www.infokuryr.cz\/n\/wp-json\/wp\/v2\/tags?post=4520"}],"curies":[{"name":"wp","href":"https:\/\/api.w.org\/{rel}","templated":true}]}}