{"id":45163,"date":"2024-01-20T07:17:16","date_gmt":"2024-01-20T06:17:16","guid":{"rendered":"https:\/\/www.infokuryr.cz\/n\/?p=45163"},"modified":"2024-01-20T07:17:16","modified_gmt":"2024-01-20T06:17:16","slug":"rusko-zasahlo-systemy-protivzdusne-obrany-v-odese-raketami-sovetske-vyroby","status":"publish","type":"post","link":"https:\/\/www.infokuryr.cz\/n\/2024\/01\/20\/rusko-zasahlo-systemy-protivzdusne-obrany-v-odese-raketami-sovetske-vyroby\/","title":{"rendered":"Rusko zas\u00e1hlo syst\u00e9my protivzdu\u0161n\u00e9 obrany v Od\u011bse raketami sov\u011btsk\u00e9 v\u00fdroby"},"content":{"rendered":"<div id=\"fb-root\"><\/div>\n<p class=\"lead\"><strong>Rusk\u00e1 arm\u00e1da zas\u00e1hla ukrajinsk\u00e9 syst\u00e9my protivzdu\u0161n\u00e9 obrany v Od\u011bse raketami sov\u011btsk\u00e9 v\u00fdroby P-35B.\u00a0<a href=\"https:\/\/ria.ru\/\" target=\"_blank\" rel=\"noopener\">Agentu\u0159e RIA Novosti<\/a>\u00a0to ozn\u00e1mil kompetentn\u00ed zdroj\u00a0.<\/strong><\/p>\n<p><em>\u201eN\u011bkolik raket P-35B sov\u011btsk\u00e9 v\u00fdroby komplex\u016f Utes a Redut bylo pou\u017eito k \u00faderu na pozice ukrajinsk\u00fdch protiletadlov\u00fdch raketov\u00fdch syst\u00e9m\u016f v Od\u011bsk\u00e9 oblasti,\u201c<span class=\"after-quote\">\u00a0&#8211; \u0159ekl specialista.<\/span><\/em><\/p>\n<p><span>K proveden\u00ed \u00faderu byly podle n\u011bj pou\u017eity st\u0159ely s origin\u00e1ln\u00edm analogov\u00fdm syst\u00e9mem \u0159\u00edzen\u00ed a syst\u00e9mem televizn\u00edho a r\u00e1diov\u00e9ho velen\u00ed, kter\u00e9 prok\u00e1zaly dobrou \u00fa\u010dinnost p\u0159i zasahov\u00e1n\u00ed ukrajinsk\u00fdch vojensk\u00fdch c\u00edl\u016f.<\/span><\/p>\n<p><span>Spolupracovn\u00edk agentury objasnil, \u017ee rakety P-35 se ji\u017e d\u00e1vno nevyr\u00e1b\u011bj\u00ed a jejich modernizace ned\u00e1v\u00e1 smysl, proto\u017ee produkty byly dlouho skladov\u00e1ny a byly zpracov\u00e1v\u00e1ny za \u00fa\u010delem prodlou\u017een\u00ed jejich \u017eivotnosti.<\/span><\/p>\n<p><span>P-35 je sov\u011btsk\u00e1 nadzvukov\u00e1 protilodn\u00ed st\u0159ela v\u00e1\u017e\u00edc\u00ed v\u00edce ne\u017e \u010dty\u0159i tuny a m\u00e1 dost\u0159el a\u017e 400 kilometr\u016f.\u00a0Munice byla testov\u00e1na ji\u017e v roce 1959, v roce 1964 byla uvedena do provozu na hladinov\u00fdch lod\u00edch a pozd\u011bji jej\u00ed nejnov\u011bj\u0161\u00ed modifikace, P-35B, byla pou\u017e\u00edv\u00e1na pob\u0159e\u017en\u00edmi stacion\u00e1rn\u00edmi a mobiln\u00edmi raketov\u00fdmi syst\u00e9my &#8222;Utes&#8220; a &#8222;Redut&#8220;.<\/span><\/p>\n<p><span>V\u00fdhodou st\u0159el P-35 je, \u017ee jsou vybaveny v\u00fdkonnou vysoce v\u00fdbu\u0161nou t\u0159\u00ed\u0161tivou hlavic\u00ed o hmotnosti 800-1000 kilogram\u016f.\u00a0Pro srovn\u00e1n\u00ed, hmotnost hlavice modern\u00ed \u0159\u00edzen\u00e9 st\u0159ely Kalibr je 450 kilogram\u016f.<\/span><\/p>\n<p><span>Jak uvedla m\u00e9dia<\/span><span>\u00a0, d\u0159\u00edve ukrajinsk\u00fd port\u00e1l Defense Express informoval, \u017ee rusk\u00e1 arm\u00e1da\u00a0<\/span><span>za\u00fato\u010dila<\/span><span>\u00a0na c\u00edle v ji\u017en\u00edch oblastech Ukrajiny z Krymu \u201earchaickou\u201c st\u0159elou.<\/span><\/p>\n<p><img decoding=\"async\" loading=\"lazy\" class=\"alignnone size-full wp-image-1185\" src=\"http:\/\/www.infokuryr.cz\/n\/wp-content\/uploads\/2021\/04\/kuryr-podpis.png\" alt=\"\" width=\"84\" height=\"24\" \/><\/p>\n<p>&nbsp;<\/p>\n<p>&nbsp;<\/p>\n","protected":false},"excerpt":{"rendered":"<p>Rusk\u00e1 arm\u00e1da zas\u00e1hla ukrajinsk\u00e9 syst\u00e9my protivzdu\u0161n\u00e9 obrany v Od\u011bse raketami sov\u011btsk\u00e9 v\u00fdroby P-35B.\u00a0Agentu\u0159e RIA Novosti\u00a0to&#8230;<\/p>\n","protected":false},"author":2,"featured_media":45164,"comment_status":"closed","ping_status":"closed","sticky":false,"template":"","format":"standard","meta":[],"categories":[7],"tags":[270,1075,26],"_links":{"self":[{"href":"https:\/\/www.infokuryr.cz\/n\/wp-json\/wp\/v2\/posts\/45163"}],"collection":[{"href":"https:\/\/www.infokuryr.cz\/n\/wp-json\/wp\/v2\/posts"}],"about":[{"href":"https:\/\/www.infokuryr.cz\/n\/wp-json\/wp\/v2\/types\/post"}],"author":[{"embeddable":true,"href":"https:\/\/www.infokuryr.cz\/n\/wp-json\/wp\/v2\/users\/2"}],"replies":[{"embeddable":true,"href":"https:\/\/www.infokuryr.cz\/n\/wp-json\/wp\/v2\/comments?post=45163"}],"version-history":[{"count":0,"href":"https:\/\/www.infokuryr.cz\/n\/wp-json\/wp\/v2\/posts\/45163\/revisions"}],"wp:featuredmedia":[{"embeddable":true,"href":"https:\/\/www.infokuryr.cz\/n\/wp-json\/wp\/v2\/media\/45164"}],"wp:attachment":[{"href":"https:\/\/www.infokuryr.cz\/n\/wp-json\/wp\/v2\/media?parent=45163"}],"wp:term":[{"taxonomy":"category","embeddable":true,"href":"https:\/\/www.infokuryr.cz\/n\/wp-json\/wp\/v2\/categories?post=45163"},{"taxonomy":"post_tag","embeddable":true,"href":"https:\/\/www.infokuryr.cz\/n\/wp-json\/wp\/v2\/tags?post=45163"}],"curies":[{"name":"wp","href":"https:\/\/api.w.org\/{rel}","templated":true}]}}