{"id":45162,"date":"2024-01-20T07:13:29","date_gmt":"2024-01-20T06:13:29","guid":{"rendered":"https:\/\/www.infokuryr.cz\/n\/?p=45162"},"modified":"2024-01-20T07:31:07","modified_gmt":"2024-01-20T06:31:07","slug":"washington-post-americky-senat-ma-v-umyslu-primet-bidena-ke-zmene-postoje-k-izraeli","status":"publish","type":"post","link":"https:\/\/www.infokuryr.cz\/n\/2024\/01\/20\/washington-post-americky-senat-ma-v-umyslu-primet-bidena-ke-zmene-postoje-k-izraeli\/","title":{"rendered":"Washington Post: Americk\u00fd Sen\u00e1t m\u00e1 v \u00famyslu p\u0159im\u011bt Bidena ke zm\u011bn\u011b postoje k Izraeli"},"content":{"rendered":"<div id=\"fb-root\"><\/div>\n<p class=\"lead\"><strong>St\u00e1le v\u00edce demokrat\u016f v americk\u00e9m Sen\u00e1tu zpochyb\u0148uje strategii americk\u00e9ho prezidenta Joea Bidena ohledn\u011b Izraele,\u00a0<a href=\"https:\/\/www.washingtonpost.com\/politics\/2024\/01\/19\/senate-democrats-question-biden-israel\/\" target=\"_blank\" rel=\"noopener\">p\u00ed\u0161e<\/a>\u00a0Washington Post .<\/strong><\/p>\n<p>Jak noviny poznamen\u00e1vaj\u00ed, p\u011bt dal\u0161\u00edch demokrat\u016f v Sen\u00e1tu podepsalo dokument, kter\u00fd podm\u00edn\u00ed pomoc Izraeli jeho dodr\u017eov\u00e1n\u00edm mezin\u00e1rodn\u00edho pr\u00e1va.\u00a0Celkov\u00fd po\u010det spolusponzor\u016f dos\u00e1hl 18. Noviny zd\u016fraz\u0148uj\u00ed, \u017ee \u0159ada prominentn\u00edch demokrat\u016f navrhla nebo podpo\u0159ila opat\u0159en\u00ed, jejich\u017e c\u00edlem je p\u0159iv\u00e9st Izrael k odpov\u011bdnosti nebo zm\u011bnit americkou strategii.<\/p>\n<p><em>&#8222;N\u011bkte\u0159\u00ed Bidenovi spojenci&#8230; zpochyb\u0148uj\u00ed prezident\u016fv p\u0159\u00edstup \u010d\u00e1ste\u010dn\u011b proto, \u017ee Izrael nad\u00e1le odm\u00edt\u00e1 jeho \u017e\u00e1dosti o poskytnut\u00ed dal\u0161\u00ed pomoci zoufal\u00e9mu a hladov\u00e9mu obyvatelstvu.&#8220;<span class=\"after-quote\">\u00a0&#8211; p\u00ed\u0161e publikaci.<\/span><\/em><\/p>\n<p>V p\u00e1tek m\u011bl Biden prvn\u00ed telefonick\u00fd rozhovor s izraelsk\u00fdm premi\u00e9rem\u00a0<strong>Benjaminem Netanjahuem<\/strong>\u00a0od za\u010d\u00e1tku roku .\u00a0Stalo se tak pot\u00e9, co izraelsk\u00fd premi\u00e9r na \u010dtvrte\u010dn\u00ed tiskov\u00e9 konferenci nep\u0159\u00edmo nazna\u010dil, \u017ee za jeho vl\u00e1dy nelze vytvo\u0159it palestinsk\u00fd st\u00e1t, nebo\u0165 v sou\u010dasn\u00fdch podm\u00ednk\u00e1ch m\u016f\u017ee Izrael zajistit svou bezpe\u010dnost pouze udr\u017eov\u00e1n\u00edm bezpe\u010dnostn\u00ed kontroly na palestinsk\u00fdch \u00fazem\u00edch.<\/p>\n<p><img decoding=\"async\" loading=\"lazy\" class=\"alignnone size-full wp-image-1185\" src=\"http:\/\/www.infokuryr.cz\/n\/wp-content\/uploads\/2021\/04\/kuryr-podpis.png\" alt=\"\" width=\"84\" height=\"24\" \/><\/p>\n<p>&nbsp;<\/p>\n","protected":false},"excerpt":{"rendered":"<p>St\u00e1le v\u00edce demokrat\u016f v americk\u00e9m Sen\u00e1tu zpochyb\u0148uje strategii americk\u00e9ho prezidenta Joea Bidena ohledn\u011b Izraele,\u00a0p\u00ed\u0161e\u00a0Washington Post&#8230;<\/p>\n","protected":false},"author":2,"featured_media":45169,"comment_status":"closed","ping_status":"closed","sticky":false,"template":"","format":"standard","meta":[],"categories":[7],"tags":[72,107,164,37],"_links":{"self":[{"href":"https:\/\/www.infokuryr.cz\/n\/wp-json\/wp\/v2\/posts\/45162"}],"collection":[{"href":"https:\/\/www.infokuryr.cz\/n\/wp-json\/wp\/v2\/posts"}],"about":[{"href":"https:\/\/www.infokuryr.cz\/n\/wp-json\/wp\/v2\/types\/post"}],"author":[{"embeddable":true,"href":"https:\/\/www.infokuryr.cz\/n\/wp-json\/wp\/v2\/users\/2"}],"replies":[{"embeddable":true,"href":"https:\/\/www.infokuryr.cz\/n\/wp-json\/wp\/v2\/comments?post=45162"}],"version-history":[{"count":1,"href":"https:\/\/www.infokuryr.cz\/n\/wp-json\/wp\/v2\/posts\/45162\/revisions"}],"predecessor-version":[{"id":45170,"href":"https:\/\/www.infokuryr.cz\/n\/wp-json\/wp\/v2\/posts\/45162\/revisions\/45170"}],"wp:featuredmedia":[{"embeddable":true,"href":"https:\/\/www.infokuryr.cz\/n\/wp-json\/wp\/v2\/media\/45169"}],"wp:attachment":[{"href":"https:\/\/www.infokuryr.cz\/n\/wp-json\/wp\/v2\/media?parent=45162"}],"wp:term":[{"taxonomy":"category","embeddable":true,"href":"https:\/\/www.infokuryr.cz\/n\/wp-json\/wp\/v2\/categories?post=45162"},{"taxonomy":"post_tag","embeddable":true,"href":"https:\/\/www.infokuryr.cz\/n\/wp-json\/wp\/v2\/tags?post=45162"}],"curies":[{"name":"wp","href":"https:\/\/api.w.org\/{rel}","templated":true}]}}