{"id":45120,"date":"2024-01-20T00:43:03","date_gmt":"2024-01-19T23:43:03","guid":{"rendered":"https:\/\/www.infokuryr.cz\/n\/?p=45120"},"modified":"2024-01-19T18:19:52","modified_gmt":"2024-01-19T17:19:52","slug":"izraelska-armada-prepadla-vycvikovy-tabor-hamasu-a-zavrazdila-predstavitele-islamskeho-dzihadu","status":"publish","type":"post","link":"https:\/\/www.infokuryr.cz\/n\/2024\/01\/20\/izraelska-armada-prepadla-vycvikovy-tabor-hamasu-a-zavrazdila-predstavitele-islamskeho-dzihadu\/","title":{"rendered":"Izraelsk\u00e1 arm\u00e1da p\u0159epadla v\u00fdcvikov\u00fd t\u00e1bor Hamasu a zavra\u017edila p\u0159edstavitele Isl\u00e1msk\u00e9ho d\u017eih\u00e1du"},"content":{"rendered":"<div id=\"fb-root\"><\/div>\n<p><strong>Izraelsk\u00e9 obrann\u00e9 s\u00edly (IDF) 19. ledna ozn\u00e1mily, \u017ee 7. obrn\u011bn\u00e1 brig\u00e1da provedla n\u00e1jezd na cvi\u010di\u0161t\u011b hnut\u00ed Ham\u00e1s ve m\u011bst\u011b Khan Younis v ji\u017en\u00edm p\u00e1smu Gazy.<\/strong><\/p>\n<p>Izraelsk\u00e9 jednotky lokalizovaly a zni\u010dily repliky izraelsk\u00fdch hlavn\u00edch bitevn\u00edch tank\u016f a obrn\u011bn\u00fdch vozidel pou\u017e\u00edvan\u00fdch k v\u00fdcviku b\u011bhem n\u00e1letu, \u0159ekl IDF a dodal, \u017ee are\u00e1l byl pou\u017e\u00edv\u00e1n jako v\u00fdcvikov\u00e9 m\u00edsto a tak\u00e9 jako m\u00edsto setk\u00e1v\u00e1n\u00ed vy\u0161\u0161\u00edch velitel\u016f Hamasu z ch\u00e1na Younise. Brig\u00e1da.<\/p>\n<p>Krom\u011b replik na\u0161li voj\u00e1ci podle IDF n\u011bkolik tunelov\u00fdch \u0161achet, des\u00edtky raketomet\u016f a dal\u0161\u00ed zbran\u011b.<\/p>\n<div id=\"attachment_198563\" class=\"wp-caption aligncenter\" style=\"width: 602px;\">\n<p><a href=\"https:\/\/s2.cdnstatic.space\/wp-content\/uploads\/2024\/01\/GENEXiBWoAAtJYi-e1705677241791.jpg\" target=\"_blank\" rel=\"noopener\"><img decoding=\"async\" loading=\"lazy\" class=\"wp-image-198563\" title=\"Izraelsk\u00e1 arm\u00e1da p\u0159epadla v\u00fdcvikov\u00fd t\u00e1bor Hamasu, zavra\u017edila p\u0159edstavitele Isl\u00e1msk\u00e9ho d\u017eih\u00e1du (fotografie, videa)\" src=\"https:\/\/s2.cdnstatic.space\/wp-content\/uploads\/2024\/01\/GENEXiBWoAAtJYi-e1705677241791.jpg\" sizes=\"(max-width: 600px) 100vw, 600px\" srcset=\"https:\/\/s2.cdnstatic.space\/wp-content\/uploads\/2024\/01\/GENEXiBWoAAtJYi-e1705677241791.jpg 2048w, https:\/\/s2.cdnstatic.space\/wp-content\/uploads\/2024\/01\/GENEXiBWoAAtJYi-e1705677241791-490x276.jpg 490w, https:\/\/s2.cdnstatic.space\/wp-content\/uploads\/2024\/01\/GENEXiBWoAAtJYi-e1705677241791-1024x577.jpg 1024w, https:\/\/s2.cdnstatic.space\/wp-content\/uploads\/2024\/01\/GENEXiBWoAAtJYi-e1705677241791-768x432.jpg 768w, https:\/\/s2.cdnstatic.space\/wp-content\/uploads\/2024\/01\/GENEXiBWoAAtJYi-e1705677241791-1536x865.jpg 1536w, https:\/\/s2.cdnstatic.space\/wp-content\/uploads\/2024\/01\/GENEXiBWoAAtJYi-e1705677241791-1920x1080.jpg 1920w, https:\/\/s2.cdnstatic.space\/wp-content\/uploads\/2024\/01\/GENEXiBWoAAtJYi-e1705677241791-1280x720.jpg 1280w\" alt=\"Izraelsk\u00e1 arm\u00e1da p\u0159epadla v\u00fdcvikov\u00fd t\u00e1bor Hamasu, zavra\u017edila p\u0159edstavitele Isl\u00e1msk\u00e9ho d\u017eih\u00e1du (fotografie, videa)\" width=\"602\" height=\"339\" aria-describedby=\"caption-attachment-198563\" \/><\/a><\/p>\n<p id=\"caption-attachment-198563\" class=\"wp-caption-text\">Kliknut\u00edm zobraz\u00edte obr\u00e1zek v pln\u00e9 velikosti.\u00a0(Izraelsk\u00e9 obrann\u00e9 s\u00edly)<\/p>\n<\/div>\n<div id=\"attachment_198562\" class=\"wp-caption aligncenter\" style=\"width: 602px;\">\n<p><a href=\"https:\/\/s2.cdnstatic.space\/wp-content\/uploads\/2024\/01\/GENEXiAX0AAkrU1-e1705677153266.jpg\" target=\"_blank\" rel=\"noopener\"><img decoding=\"async\" loading=\"lazy\" class=\"wp-image-198562\" title=\"Izraelsk\u00e1 arm\u00e1da p\u0159epadla v\u00fdcvikov\u00fd t\u00e1bor Hamasu, zavra\u017edila p\u0159edstavitele Isl\u00e1msk\u00e9ho d\u017eih\u00e1du (fotografie, videa)\" src=\"https:\/\/s2.cdnstatic.space\/wp-content\/uploads\/2024\/01\/GENEXiAX0AAkrU1-e1705677153266.jpg\" sizes=\"(max-width: 600px) 100vw, 600px\" srcset=\"https:\/\/s2.cdnstatic.space\/wp-content\/uploads\/2024\/01\/GENEXiAX0AAkrU1-e1705677153266.jpg 1536w, https:\/\/s2.cdnstatic.space\/wp-content\/uploads\/2024\/01\/GENEXiAX0AAkrU1-e1705677153266-490x276.jpg 490w, https:\/\/s2.cdnstatic.space\/wp-content\/uploads\/2024\/01\/GENEXiAX0AAkrU1-e1705677153266-1024x577.jpg 1024w, https:\/\/s2.cdnstatic.space\/wp-content\/uploads\/2024\/01\/GENEXiAX0AAkrU1-e1705677153266-768x433.jpg 768w, https:\/\/s2.cdnstatic.space\/wp-content\/uploads\/2024\/01\/GENEXiAX0AAkrU1-e1705677153266-1280x720.jpg 1280w\" alt=\"Izraelsk\u00e1 arm\u00e1da p\u0159epadla v\u00fdcvikov\u00fd t\u00e1bor Hamasu, zavra\u017edila p\u0159edstavitele Isl\u00e1msk\u00e9ho d\u017eih\u00e1du (fotografie, videa)\" width=\"602\" height=\"339\" aria-describedby=\"caption-attachment-198562\" \/><\/a><\/p>\n<p id=\"caption-attachment-198562\" class=\"wp-caption-text\">Kliknut\u00edm zobraz\u00edte obr\u00e1zek v pln\u00e9 velikosti.\u00a0(Izraelsk\u00e9 obrann\u00e9 s\u00edly)<\/p>\n<\/div>\n<div id=\"attachment_198561\" class=\"wp-caption aligncenter\" style=\"width: 602px;\">\n<p><a href=\"https:\/\/s2.cdnstatic.space\/wp-content\/uploads\/2024\/01\/GENEXi_XUAA5x6f-e1705677169287.jpg\" target=\"_blank\" rel=\"noopener\"><img decoding=\"async\" loading=\"lazy\" class=\"wp-image-198561\" title=\"Izraelsk\u00e1 arm\u00e1da p\u0159epadla v\u00fdcvikov\u00fd t\u00e1bor Hamasu, zavra\u017edila p\u0159edstavitele Isl\u00e1msk\u00e9ho d\u017eih\u00e1du (fotografie, videa)\" src=\"https:\/\/s2.cdnstatic.space\/wp-content\/uploads\/2024\/01\/GENEXi_XUAA5x6f-e1705677169287.jpg\" sizes=\"(max-width: 600px) 100vw, 600px\" srcset=\"https:\/\/s2.cdnstatic.space\/wp-content\/uploads\/2024\/01\/GENEXi_XUAA5x6f-e1705677169287.jpg 2048w, https:\/\/s2.cdnstatic.space\/wp-content\/uploads\/2024\/01\/GENEXi_XUAA5x6f-e1705677169287-490x276.jpg 490w, https:\/\/s2.cdnstatic.space\/wp-content\/uploads\/2024\/01\/GENEXi_XUAA5x6f-e1705677169287-1024x577.jpg 1024w, https:\/\/s2.cdnstatic.space\/wp-content\/uploads\/2024\/01\/GENEXi_XUAA5x6f-e1705677169287-768x432.jpg 768w, https:\/\/s2.cdnstatic.space\/wp-content\/uploads\/2024\/01\/GENEXi_XUAA5x6f-e1705677169287-1536x865.jpg 1536w, https:\/\/s2.cdnstatic.space\/wp-content\/uploads\/2024\/01\/GENEXi_XUAA5x6f-e1705677169287-1920x1080.jpg 1920w, https:\/\/s2.cdnstatic.space\/wp-content\/uploads\/2024\/01\/GENEXi_XUAA5x6f-e1705677169287-1280x720.jpg 1280w\" alt=\"Izraelsk\u00e1 arm\u00e1da p\u0159epadla v\u00fdcvikov\u00fd t\u00e1bor Hamasu, zavra\u017edila p\u0159edstavitele Isl\u00e1msk\u00e9ho d\u017eih\u00e1du (fotografie, videa)\" width=\"602\" height=\"339\" aria-describedby=\"caption-attachment-198561\" \/><\/a><\/p>\n<p id=\"caption-attachment-198561\" class=\"wp-caption-text\">Kliknut\u00edm zobraz\u00edte obr\u00e1zek v pln\u00e9 velikosti.\u00a0(Izraelsk\u00e9 obrann\u00e9 s\u00edly)<\/p>\n<\/div>\n<p>Odd\u011blen\u011b IDF a bezpe\u010dnostn\u00ed agentura Shin Bet ozn\u00e1mily, \u017ee z\u00e1stupce \u0161\u00e9fa \u201epropagandistick\u00e9 jednotky\u201c palestinsk\u00e9ho isl\u00e1msk\u00e9ho d\u017eih\u00e1du byl zabit p\u0159i n\u00e1letu o den d\u0159\u00edve.<\/p>\n<p>Wael Abu Fanounah byl zodpov\u011bdn\u00fd za zve\u0159ejn\u011bn\u00ed vide\u00ed skupiny, v\u010detn\u011b t\u011bch z raketov\u00fdch st\u0159el na Izrael, a vytvo\u0159en\u00ed vide\u00ed izraelsk\u00fdch rukojm\u00edch, uvedly IDF a Shin Bet.<\/p>\n<p>Dodali, \u017ee Abu Fanounah d\u0159\u00edve zast\u00e1val jin\u00e9 vysok\u00e9 pozice v Isl\u00e1msk\u00e9m d\u017eih\u00e1du, v\u010detn\u011b toho, \u017ee byl asistentem Khalila Bahtiniho, velitele skupiny v severn\u00ed Gaze.<\/p>\n<p><iframe loading=\"lazy\" src=\"https:\/\/s2.cdnstatic.space\/wp-content\/uploads\/2024\/01\/twitsave.com_A6LZlkPz0MlgZk4v.mp4\" width=\"600\" height=\"338\" data-mce-fragment=\"1\"><\/iframe><\/p>\n<p>Mezit\u00edm ve st\u0159edn\u00ed Gaze IDF uvedla, \u017ee z\u00e1lo\u017en\u00edci ze 179. brig\u00e1dy nalezli skr\u00fd\u0161 zbran\u00ed v budov\u011b pot\u00e9, co byly na voj\u00e1ky z t\u00e9to oblasti vyp\u00e1leny gran\u00e1ty s raketov\u00fdm pohonem.<\/p>\n<p>A v severn\u00ed Gaze z\u00e1lo\u017en\u00edci z 5. brig\u00e1dy bojovali a zabili n\u011bkolik bojovn\u00edk\u016f Hamasu b\u011bhem n\u011bkolika st\u0159etnut\u00ed, v\u010detn\u011b pou\u017eit\u00ed ost\u0159elov\u00e1n\u00ed tank\u016f a svol\u00e1n\u00ed n\u00e1let\u016f, podle IDF.<\/p>\n<p><iframe loading=\"lazy\" src=\"https:\/\/s2.cdnstatic.space\/wp-content\/uploads\/2024\/01\/twitsave.com_Idhrdh-g5J8ORspQ.mp4\" width=\"600\" height=\"338\" data-mce-fragment=\"1\"><\/iframe><\/p>\n<p>Stoj\u00ed za zm\u00ednku, \u017ee ministerstvo zdravotnictv\u00ed \u0159\u00edzen\u00e9 Hamasem v Gaze ve sv\u00e9m posledn\u00edm prohl\u00e1\u0161en\u00ed uvedlo, \u017ee p\u0159i izraelsk\u00fdch \u00fatoc\u00edch na P\u00e1smo bylo dosud zabito 24 762 Palestinc\u016f.\u00a0Nejm\u00e9n\u011b 70 % v\u0161ech \u00famrt\u00ed byly hl\u00e1\u0161eny \u017eeny a d\u011bti.<\/p>\n<p>Bilance zahrnuje 142 ob\u011bt\u00ed za posledn\u00edch 24 hodin, uvedlo ministerstvo v prohl\u00e1\u0161en\u00ed s t\u00edm, \u017ee od vypuknut\u00ed v\u00e1lky bylo zran\u011bno 62 108 lid\u00ed.<\/p>\n<p>Ned\u00e1vn\u00e9 operace IDF v Gaze nazna\u010duj\u00ed, \u017ee izraelsk\u00e9 veden\u00ed je odhodl\u00e1no pokra\u010dovat ve v\u00e1lce.\u00a0P\u0159\u00edm\u011b\u0159\u00ed se zd\u00e1 b\u00fdt nepravd\u011bpodobn\u00e9, alespo\u0148 prozat\u00edm.<\/p>\n<p><img decoding=\"async\" loading=\"lazy\" class=\"alignnone size-full wp-image-1185\" src=\"http:\/\/www.infokuryr.cz\/n\/wp-content\/uploads\/2021\/04\/kuryr-podpis.png\" alt=\"\" width=\"84\" height=\"24\" \/><\/p>\n<p>&nbsp;<\/p>\n<p>&nbsp;<\/p>\n","protected":false},"excerpt":{"rendered":"<p>Izraelsk\u00e9 obrann\u00e9 s\u00edly (IDF) 19. ledna ozn\u00e1mily, \u017ee 7. obrn\u011bn\u00e1 brig\u00e1da provedla n\u00e1jezd na cvi\u010di\u0161t\u011b&#8230;<\/p>\n","protected":false},"author":2,"featured_media":45121,"comment_status":"closed","ping_status":"closed","sticky":false,"template":"","format":"standard","meta":[],"categories":[7],"tags":[347,107,5511],"_links":{"self":[{"href":"https:\/\/www.infokuryr.cz\/n\/wp-json\/wp\/v2\/posts\/45120"}],"collection":[{"href":"https:\/\/www.infokuryr.cz\/n\/wp-json\/wp\/v2\/posts"}],"about":[{"href":"https:\/\/www.infokuryr.cz\/n\/wp-json\/wp\/v2\/types\/post"}],"author":[{"embeddable":true,"href":"https:\/\/www.infokuryr.cz\/n\/wp-json\/wp\/v2\/users\/2"}],"replies":[{"embeddable":true,"href":"https:\/\/www.infokuryr.cz\/n\/wp-json\/wp\/v2\/comments?post=45120"}],"version-history":[{"count":1,"href":"https:\/\/www.infokuryr.cz\/n\/wp-json\/wp\/v2\/posts\/45120\/revisions"}],"predecessor-version":[{"id":45122,"href":"https:\/\/www.infokuryr.cz\/n\/wp-json\/wp\/v2\/posts\/45120\/revisions\/45122"}],"wp:featuredmedia":[{"embeddable":true,"href":"https:\/\/www.infokuryr.cz\/n\/wp-json\/wp\/v2\/media\/45121"}],"wp:attachment":[{"href":"https:\/\/www.infokuryr.cz\/n\/wp-json\/wp\/v2\/media?parent=45120"}],"wp:term":[{"taxonomy":"category","embeddable":true,"href":"https:\/\/www.infokuryr.cz\/n\/wp-json\/wp\/v2\/categories?post=45120"},{"taxonomy":"post_tag","embeddable":true,"href":"https:\/\/www.infokuryr.cz\/n\/wp-json\/wp\/v2\/tags?post=45120"}],"curies":[{"name":"wp","href":"https:\/\/api.w.org\/{rel}","templated":true}]}}