{"id":4510,"date":"2021-09-03T03:43:08","date_gmt":"2021-09-03T01:43:08","guid":{"rendered":"http:\/\/www.infokuryr.cz\/n\/?p=4510"},"modified":"2021-09-03T03:43:08","modified_gmt":"2021-09-03T01:43:08","slug":"bkp-otevreny-dopis-arcibiskupu-janu-babjakovi-ohledne-navstevy-pseudopapeze-bergoglia-v-presove","status":"publish","type":"post","link":"https:\/\/www.infokuryr.cz\/n\/2021\/09\/03\/bkp-otevreny-dopis-arcibiskupu-janu-babjakovi-ohledne-navstevy-pseudopapeze-bergoglia-v-presove\/","title":{"rendered":"BKP: Otev\u0159en\u00fd dopis arcibiskupu Janu Babjakovi ohledn\u011b n\u00e1v\u0161t\u011bvy pseudopape\u017ee Bergoglia v Pre\u0161ov\u011b"},"content":{"rendered":"<div id=\"fb-root\"><\/div>\n<p>V\u00e1\u017een\u00fd arcibiskupe Jane, obrac\u00edm se osobn\u011b na Tebe s v\u00fdzvou k pravdiv\u00e9mu pok\u00e1n\u00ed.<\/p>\n<p>Kdy\u017e za\u010dala koronapsych\u00f3za na Slovensku, dopustil ses hrub\u00e9ho zlo\u010dinu zneu\u017eit\u00ed c\u00edrkevn\u00ed autority proti p\u00e1t\u00e9mu Bo\u017e\u00edmu p\u0159ik\u00e1z\u00e1n\u00ed, toti\u017e nutil jsi kn\u011bze k testov\u00e1n\u00ed pod v\u00fdhru\u017ekou, \u017ee budou zbaveni kn\u011b\u017esk\u00e9ho p\u016fsoben\u00ed.<\/p>\n<p>Je\u0161t\u011b v\u011bt\u0161\u00ed n\u00e1tlak nyn\u00ed vyv\u00edj\u00ed\u0161 prosazov\u00e1n\u00edm o\u010dkov\u00e1n\u00ed spojen\u00e9ho s n\u00e1v\u0161t\u011bvou pseudopape\u017ee Bergoglia.<\/p>\n<p>Ka\u017ed\u00fd kn\u011bz, ale i ka\u017ed\u00fd v\u011b\u0159\u00edc\u00ed si mus\u00ed polo\u017eit ot\u00e1zku: Je, anebo nen\u00ed Bergoglio platn\u00fdm pape\u017eem?<\/p>\n<p>Pseudopape\u017e Bergoglio se ve\u0159ejnou intronizac\u00ed d\u00e9mona Pa\u010damamy postavil proti prvn\u00edmu a nejv\u011bt\u0161\u00edmu p\u0159ik\u00e1z\u00e1n\u00ed a s\u00e1m se vylou\u010dil z c\u00edrkve. Je to pravda, anebo je to le\u017e?<\/p>\n<p>Rovn\u011b\u017e se vylou\u010dil z c\u00edrkve za propagaci legalizace sou\u017eit\u00ed sodomit\u016f. On stahuje proklet\u00ed na v\u0161echny, kte\u0159\u00ed se mu pod\u0159izuj\u00ed a tvo\u0159\u00ed s n\u00edm jednotu. Usiluje o to, osobn\u011b vn\u00e9st tuto infekci proklet\u00ed i do Pre\u0161ova. Dle dogmatick\u00e9 buly Cum Ex Apostolatus Officio v\u0161echno, co d\u011bl\u00e1, je neplatn\u00e9 a nikdo ho nesm\u00ed jako heretika poslouchat.\u00a0 Pro\u010d p\u0159ij\u00ed\u017ed\u00ed Bergoglio na Slovensko? Proto, aby zneu\u017eit\u00edm c\u00edrkevn\u00ed autority zde vykopal hrob c\u00edrkvi i n\u00e1rodu.<\/p>\n<p>Ty, arcibiskupe Jane, jako duchovn\u00ed past\u00fd\u0159 jsi p\u0159ed nebezpe\u010d\u00edm ovce nevaroval, a naopak, hrub\u00fdm zneu\u017eit\u00edm c\u00edrkevn\u00ed autority je sv\u00e1d\u00ed\u0161 na \u0161ikmou cestu do v\u011b\u010dn\u00e9 z\u00e1huby. P\u0159ed Bo\u017e\u00edm, ale i lidsk\u00fdm soudem nese\u0161 plnou zodpov\u011bdnost za v\u0161echny d\u016fsledky Tv\u00e9ho zlo\u010dinn\u00e9ho jedn\u00e1n\u00ed a Tv\u00e9 zrady na\u0161eho P\u00e1na Je\u017e\u00ed\u0161e Krista. Kde bys skon\u010dil, kdyby ses dnes octl p\u0159ed Bo\u017e\u00edm soudem? S notorick\u00fdm odm\u00edt\u00e1n\u00edm prav\u00e9ho pok\u00e1n\u00ed bys skon\u010dil v pekle!\u00a0\u00a0 Past\u00fd\u0159sk\u00fd list z 6. 8. 2021, propaguj\u00edc\u00ed n\u00e1v\u0161t\u011bvu pseudopape\u017ee Bergoglia v Pre\u0161ov\u011b, je odstra\u0161uj\u00edc\u00edm p\u0159\u00edkladem rouh\u00e1n\u00ed Duchu svat\u00e9mu.<\/p>\n<p>Je to tot\u00e1ln\u00ed vymyt\u00ed mozk\u016f \u0159eckokatol\u00edk\u016fm pre\u0161ovsk\u00e9 archieparchie. Na z\u00e1v\u011br tohoto tzv. past\u00fd\u0159sk\u00e9ho listu je v\u00fdzva k \u00fa\u010dasti na liturgii podm\u00edn\u011bn\u00e9 p\u0159ijet\u00edm experiment\u00e1ln\u00ed vakcinace! Toto je do nebe volaj\u00edc\u00ed zlo\u010din proti p\u00e1t\u00e9mu p\u0159ik\u00e1z\u00e1n\u00ed a nav\u00edc je to h\u0159\u00edch proti Duchu svat\u00e9mu a zlo\u010dinn\u00e9 zneu\u017eit\u00ed autority c\u00edrkve. Tvou povinnost\u00ed bylo naopak vyzvat v\u011b\u0159\u00edc\u00ed, aby pokud je podm\u00ednkou \u00fa\u010dasti na liturgii experiment\u00e1ln\u00ed vakcinace, v \u017e\u00e1dn\u00e9m p\u0159\u00edpad\u011b na liturgii nechodili a vakc\u00ednu nep\u0159ij\u00edmali.\u00a0 Lid\u00e9 jsou vystaveni tlaku v zam\u011bstn\u00e1n\u00ed a hroz\u00ed jim vyhozen\u00ed z pr\u00e1ce, kdy\u017e nep\u0159ijmou vakc\u00ednu.<\/p>\n<p>Jak je pohodln\u00e9 ub\u00edt sv\u00e9 sv\u011bdom\u00ed t\u00edm, \u017ee vakc\u00ednu p\u0159ijmu s po\u017eehn\u00e1n\u00edm sv\u00fdch duchovn\u00edch past\u00fd\u0159\u016f proto, abych se mohl setkat s tzv. Svat\u00fdm otcem! Pak nebudu m\u00edt probl\u00e9m u\u017e ani v zam\u011bstn\u00e1n\u00ed. Jen\u017ee pak p\u0159ijdou skute\u010dn\u00e9 zdravotn\u00ed probl\u00e9my, pop\u0159\u00edpad\u011b masov\u00e1 \u00famrt\u00ed, a to u\u017e bude pozd\u011b. Je\u0161t\u011b hor\u0161\u00ed je hrozba v\u011b\u010dn\u00e9ho zavr\u017een\u00ed kv\u016fli postupn\u00e9 apostazi, za kterou nese\u0161 odpov\u011bdnost Ty, arcibiskupe Jane!\u00a0 Cesta l\u017ei a smrti v tzv. past\u00fd\u0159sk\u00e9m listu je opentlen\u00e1 sugestivn\u00edmi n\u00e1bo\u017eensk\u00fdmi fr\u00e1zemi, za nimi\u017e je duch l\u017ei a smrti \u2013 duch antikrista.<\/p>\n<p>Ta cesta vede p\u0159es postupnou vakcina\u010dn\u00ed \u010dipizaci do ohniv\u00e9ho jezera. Fale\u0161n\u00fd prorok se dnes nech\u00e1v\u00e1 ozna\u010dovat za Petrovu sk\u00e1lu. To je klerik\u00e1ln\u00ed manipulace. Fale\u0161n\u00fd prorok bude ale uvr\u017een do ohniv\u00e9ho jezera za to, \u017ee mili\u00f3ny k\u0159es\u0165an\u016f svedl sv\u00fdmi herezemi a zneu\u017eit\u00edm pape\u017esk\u00e9ho \u00fa\u0159adu.\u00a0 V\u00e1\u017een\u00fd arcibiskupe Jane, jak\u00e9 konkr\u00e9tn\u00ed pok\u00e1n\u00ed v dan\u00e9 situaci m\u00e1\u0161 u\u010dinit?<\/p>\n<p>P\u0159iznat si p\u0159ed sebou a p\u0159ed Bohem sv\u00e9 zlo\u010diny, litovat jich a jako zadostiu\u010din\u011bn\u00ed za n\u011b napsat ve\u0159ejn\u00fd dopis do Vatik\u00e1nu p\u0159ibli\u017en\u011b tohoto zn\u011bn\u00ed:\u00a0 \u201eJ\u00e1, J\u00e1n Babjak, jezuita a arcibiskup z Pre\u0161ova, se obrac\u00edm na sekretari\u00e1t Vatik\u00e1nu s t\u00edmto nal\u00e9hav\u00fdm ozn\u00e1men\u00edm. N\u00e1bo\u017eensk\u00e1 i politick\u00e1 atmosf\u00e9ra na Slovensku je velmi vyhrocen\u00e1. N\u00e1rod je kv\u016fli podvodn\u00e9mu testov\u00e1n\u00ed a experiment\u00e1ln\u00ed vakcinaci rozd\u011blen.<\/p>\n<p>Je v\u00e1\u017en\u00e9 nebezpe\u010d\u00ed, \u017ee pl\u00e1novan\u00e1 n\u00e1v\u0161t\u011bva 14. 9. v Pre\u0161ov\u011b m\u016f\u017ee vy\u00fastit ve velk\u00fd skand\u00e1l. D\u016fvodem je, \u017ee pseudopape\u017e Franti\u0161ek Bergoglio, navzdory v\u0161em \u0161pi\u010dkov\u00fdm odborn\u00edk\u016fm, propaguje experiment\u00e1ln\u00ed mRNA vakcinaci.\u00a0 Mus\u00edm p\u0159iznat, \u017ee jsem nevykon\u00e1val svou past\u00fd\u0159skou slu\u017ebu v z\u00e1jmu sp\u00e1sy nesmrteln\u00fdch du\u0161\u00ed tak, jak jsem ji m\u011bl vykon\u00e1vat.<\/p>\n<p>M\u00e1 nejv\u011bt\u0161\u00ed vina je, \u017ee zast\u00e1v\u00e1m \u00fa\u0159ad, kter\u00fd m\u00e1 b\u00fdt sloupem pravdy a j\u00e1 s\u00e1m pravdu nehl\u00e1s\u00e1m a nebr\u00e1n\u00edm. M\u00edsto toho l\u017eu a oklam\u00e1v\u00e1m du\u0161e Bohem mn\u011b sv\u011b\u0159en\u00e9. Proto n\u011bkte\u0159\u00ed kn\u011b\u017e\u00ed a mnoz\u00ed v\u011b\u0159\u00edc\u00ed \u0159eckokatolick\u00e9 c\u00edrkve si dodnes neuv\u011bdomuj\u00ed, \u017ee Franti\u0161ek Bergoglio pro sv\u00e9 hereze a ve\u0159ejn\u00e9 modl\u00e1\u0159stv\u00ed nen\u00ed \u0159\u00e1dn\u00fdm pape\u017eem. Jeho zlo\u010diny jsou ve\u0159ejn\u00e9 a zn\u00e1m\u00e9.<\/p>\n<p>J\u00e1 jako past\u00fd\u0159 jsem povinen ozn\u00e1mit do Vatik\u00e1nu, \u017ee v\u011b\u0159\u00edc\u00ed i kn\u011b\u017estvo pre\u0161ovsk\u00e9 arcidiec\u00e9ze se distancuj\u00ed od pl\u00e1novan\u00e9 kontroverzn\u00ed n\u00e1v\u0161t\u011bvy podm\u00edn\u011bn\u00e9 vakcinac\u00ed. Z d\u016fvodu sv\u011bdom\u00ed jsem povinen i j\u00e1 osobn\u011b n\u00e1v\u0161t\u011bvu odm\u00edtnout a sv\u016fj postoj zve\u0159ejnit. T\u00edmto pokl\u00e1d\u00e1m \u0161kodlivou n\u00e1v\u0161t\u011bvu Pre\u0161ova a pl\u00e1novanou liturgii sv. Jana Zlato\u00fast\u00e9ho na den 14. 9. 2021 za zru\u0161enou. Nav\u00edc v tento sv\u00e1tek Pov\u00fd\u0161en\u00ed svat\u00e9ho k\u0159\u00ed\u017ee by byl n\u00e1v\u0161t\u011bvou arciheretika zneuct\u011bn nejen Krist\u016fv k\u0159\u00ed\u017e, ale byla by degradov\u00e1na i samotn\u00e1 v\u00fdchodn\u00ed liturgie.<\/p>\n<p>Podpis &#8230;&#8230;&#8230;&#8230;&#8230;&#8230;&#8230;&#8230;&#8230; Arcibiskup pre\u0161ovsk\u00fd\u201c V\u00e1\u017een\u00fd arcibiskupe Jane, situace, do kter\u00e9 T\u011b B\u016fh postavil, je pro Tebe rozhoduj\u00edc\u00ed. Bu\u010f se rozhodne\u0161 jednozna\u010dn\u011b pro Je\u017e\u00ed\u0161e Krista a pravdu, anebo se rozhodne\u0161 pro antikrista a z\u016fstane\u0161 ve l\u017ei a sebeklamu. B\u016fh sl\u00edbil kaj\u00edcn\u00edkovi odpu\u0161t\u011bn\u00ed, ale nesl\u00edbil mu z\u00edt\u0159ej\u0161\u00ed den. Tedy bu\u010f bude\u0161 spasen, anebo bude\u0161 v\u011b\u010dn\u011b zavr\u017een. B\u016fh Ti dnes dal \u0161anci, a Ty se jasn\u011b postav za sp\u00e1su sv\u00e9 du\u0161e i za sp\u00e1su du\u0161\u00ed, kter\u00e9 Ti B\u016fh sv\u011b\u0159il. Pokud odm\u00edtne\u0161 pravdiv\u00e9 pok\u00e1n\u00ed, zahyne\u0161. (Lk 13,3)<\/p>\n<p>V Kristu<\/p>\n<p>+ Eli\u00e1\u0161 Patriarcha Byzantsk\u00e9ho katolick\u00e9ho patriarch\u00e1tu<br \/>\n27. 8. 2021<\/p>\n<p>&nbsp;<\/p>\n","protected":false},"excerpt":{"rendered":"<p>V\u00e1\u017een\u00fd arcibiskupe Jane, obrac\u00edm se osobn\u011b na Tebe s v\u00fdzvou k pravdiv\u00e9mu pok\u00e1n\u00ed. Kdy\u017e za\u010dala&#8230;<\/p>\n","protected":false},"author":2,"featured_media":638,"comment_status":"closed","ping_status":"closed","sticky":false,"template":"","format":"standard","meta":[],"categories":[6],"tags":[948,43,254],"_links":{"self":[{"href":"https:\/\/www.infokuryr.cz\/n\/wp-json\/wp\/v2\/posts\/4510"}],"collection":[{"href":"https:\/\/www.infokuryr.cz\/n\/wp-json\/wp\/v2\/posts"}],"about":[{"href":"https:\/\/www.infokuryr.cz\/n\/wp-json\/wp\/v2\/types\/post"}],"author":[{"embeddable":true,"href":"https:\/\/www.infokuryr.cz\/n\/wp-json\/wp\/v2\/users\/2"}],"replies":[{"embeddable":true,"href":"https:\/\/www.infokuryr.cz\/n\/wp-json\/wp\/v2\/comments?post=4510"}],"version-history":[{"count":0,"href":"https:\/\/www.infokuryr.cz\/n\/wp-json\/wp\/v2\/posts\/4510\/revisions"}],"wp:featuredmedia":[{"embeddable":true,"href":"https:\/\/www.infokuryr.cz\/n\/wp-json\/wp\/v2\/media\/638"}],"wp:attachment":[{"href":"https:\/\/www.infokuryr.cz\/n\/wp-json\/wp\/v2\/media?parent=4510"}],"wp:term":[{"taxonomy":"category","embeddable":true,"href":"https:\/\/www.infokuryr.cz\/n\/wp-json\/wp\/v2\/categories?post=4510"},{"taxonomy":"post_tag","embeddable":true,"href":"https:\/\/www.infokuryr.cz\/n\/wp-json\/wp\/v2\/tags?post=4510"}],"curies":[{"name":"wp","href":"https:\/\/api.w.org\/{rel}","templated":true}]}}