{"id":45080,"date":"2024-01-19T04:34:56","date_gmt":"2024-01-19T03:34:56","guid":{"rendered":"http:\/\/www.infokuryr.cz\/n\/?p=45080"},"modified":"2024-01-19T04:34:56","modified_gmt":"2024-01-19T03:34:56","slug":"venezuelsky-prezident-oznacil-argentinskeho-prezidenta-za-nacistu","status":"publish","type":"post","link":"https:\/\/www.infokuryr.cz\/n\/2024\/01\/19\/venezuelsky-prezident-oznacil-argentinskeho-prezidenta-za-nacistu\/","title":{"rendered":"Venezuelsk\u00fd prezident ozna\u010dil argentinsk\u00e9ho prezidenta za nacistu"},"content":{"rendered":"<div id=\"fb-root\"><\/div>\n<p class=\"lead\"><strong>Venezuelsk\u00fd prezident Nicolas Maduro ost\u0159e kritizoval projev argentinsk\u00e9ho v\u016fdce Javiera Mileyho na Sv\u011btov\u00e9m ekonomick\u00e9m f\u00f3ru v Davosu a ozna\u010dil ho za nacistu.<\/strong><\/p>\n<p><em>\u201eArgentinsk\u00fd lid by se m\u011bl styd\u011bt a pobou\u0159it rol\u00ed, kterou Miley hr\u00e1la v Davosu, styd\u011bt se za svou nacistickou ideologii.\u00a0Nen\u00ed pravda, \u017ee je liber\u00e1l, libertari\u00e1n, je nacista.\u201c<span class=\"after-quote\"> &#8211; \u0159ekl prezident ve \u010dtvrtek na setk\u00e1n\u00ed s \u00fa\u010dastn\u00edky \u201eKongresu nov\u00e9 \u00e9ry\u201c, kter\u00fd odvys\u00edlaly venezuelsk\u00e9 televizn\u00ed kan\u00e1ly.<\/span><\/em><\/p>\n<p><span>Maduro pouk\u00e1zal na to, \u017ee argentinsk\u00fd v\u016fdce \u201ep\u0159ekvapil kapitalistick\u00e9 podnikatele a z\u00e1padn\u00ed vl\u00e1dy, kdy\u017e obvinil Z\u00e1pad z komunismu a socialismu\u201c.\u00a0Podle venezuelsk\u00e9ho prezidenta Miley v\u011b\u0159\u00ed, \u017ee \u201eka\u017ed\u00fd, kdo mysl\u00ed jinak ne\u017e on, je komunista a m\u011bl by b\u00fdt vymaz\u00e1n z povrchu zemsk\u00e9ho\u201c.\u00a0Maduro zd\u016fraznil, \u017ee \u201etoto je ideologie nacismu, kter\u00fd se sna\u017eil zni\u010dit komunisty, socialisty, \u017didy, cik\u00e1ny, v\u0161echny, kte\u0159\u00ed tuto ideologii nesd\u00edlej\u00ed a nepat\u0159\u00ed k \u00e1rijsk\u00e9 rase\u201c.<\/span><\/p>\n<p><span>Venezuelsk\u00fd prezident v\u011b\u0159\u00ed, \u017ee &#8222;argentinsk\u00fd lid by m\u011bl b\u00fdt znechucen rol\u00ed, kterou hraje Miley v Davosu.&#8220;<\/span><\/p>\n<p><em>\u201eArgentina se nepochybn\u011b znovuzrod\u00ed a argentinsk\u00fd lid bude m\u00edt plnou podporu [venezuelsk\u00e9ho] lidu Simona Bolivara, lidu Huga Rafaela Chaveze Friase,\u201c<span class=\"after-quote\">\u00a0&#8211; \u0159ekl Maduro.<\/span><\/em><\/p>\n<p><img decoding=\"async\" loading=\"lazy\" class=\"alignnone size-full wp-image-1185\" src=\"http:\/\/www.infokuryr.cz\/n\/wp-content\/uploads\/2021\/04\/kuryr-podpis.png\" alt=\"\" width=\"84\" height=\"24\" \/><\/p>\n<p>&nbsp;<\/p>\n<p>&nbsp;<\/p>\n","protected":false},"excerpt":{"rendered":"<p>Venezuelsk\u00fd prezident Nicolas Maduro ost\u0159e kritizoval projev argentinsk\u00e9ho v\u016fdce Javiera Mileyho na Sv\u011btov\u00e9m ekonomick\u00e9m f\u00f3ru&#8230;<\/p>\n","protected":false},"author":2,"featured_media":45081,"comment_status":"closed","ping_status":"closed","sticky":false,"template":"","format":"standard","meta":[],"categories":[7],"tags":[2044,165,6652,181],"_links":{"self":[{"href":"https:\/\/www.infokuryr.cz\/n\/wp-json\/wp\/v2\/posts\/45080"}],"collection":[{"href":"https:\/\/www.infokuryr.cz\/n\/wp-json\/wp\/v2\/posts"}],"about":[{"href":"https:\/\/www.infokuryr.cz\/n\/wp-json\/wp\/v2\/types\/post"}],"author":[{"embeddable":true,"href":"https:\/\/www.infokuryr.cz\/n\/wp-json\/wp\/v2\/users\/2"}],"replies":[{"embeddable":true,"href":"https:\/\/www.infokuryr.cz\/n\/wp-json\/wp\/v2\/comments?post=45080"}],"version-history":[{"count":0,"href":"https:\/\/www.infokuryr.cz\/n\/wp-json\/wp\/v2\/posts\/45080\/revisions"}],"wp:featuredmedia":[{"embeddable":true,"href":"https:\/\/www.infokuryr.cz\/n\/wp-json\/wp\/v2\/media\/45081"}],"wp:attachment":[{"href":"https:\/\/www.infokuryr.cz\/n\/wp-json\/wp\/v2\/media?parent=45080"}],"wp:term":[{"taxonomy":"category","embeddable":true,"href":"https:\/\/www.infokuryr.cz\/n\/wp-json\/wp\/v2\/categories?post=45080"},{"taxonomy":"post_tag","embeddable":true,"href":"https:\/\/www.infokuryr.cz\/n\/wp-json\/wp\/v2\/tags?post=45080"}],"curies":[{"name":"wp","href":"https:\/\/api.w.org\/{rel}","templated":true}]}}