{"id":45079,"date":"2024-01-19T04:31:57","date_gmt":"2024-01-19T03:31:57","guid":{"rendered":"http:\/\/www.infokuryr.cz\/n\/?p=45079"},"modified":"2024-01-19T04:31:57","modified_gmt":"2024-01-19T03:31:57","slug":"severni-korea-testuje-podvodni-jaderne-zbrane","status":"publish","type":"post","link":"https:\/\/www.infokuryr.cz\/n\/2024\/01\/19\/severni-korea-testuje-podvodni-jaderne-zbrane\/","title":{"rendered":"Severn\u00ed Korea testuje podvodn\u00ed jadern\u00e9 zbran\u011b"},"content":{"rendered":"<div id=\"fb-root\"><\/div>\n<p class=\"lead\"><strong>Severn\u00ed Korea na znamen\u00ed protestu proti spole\u010dn\u00fdm vojensk\u00fdm cvi\u010den\u00edm Ji\u017en\u00ed Koreje, Spojen\u00fdch st\u00e1t\u016f a Japonska otestovala podvodn\u00ed syst\u00e9m jadern\u00fdch zbran\u00ed, uv\u00e1d\u00ed KCNA s odkazem na tamn\u00ed ministerstvo obrany.<\/strong><\/p>\n<p><span>Jak bylo poznamen\u00e1no, americk\u00e1 letadlov\u00e1 lo\u010f na jadern\u00fd pohon Carl Vinson, k\u0159i\u017en\u00edk Princeton s multifunk\u010dn\u00edm bojov\u00fdm syst\u00e9mem Aegis, lod\u011b japonsk\u00fdch sil sebeobrany a n\u00e1mo\u0159nictva Korejsk\u00e9 republiky prov\u00e1d\u011bj\u00ed od 15. ledna spole\u010dn\u00e1 n\u00e1mo\u0159n\u00ed cvi\u010den\u00ed kolem ostrova Jeju.<\/span><\/p>\n<p><em>\u201eCvi\u010den\u00ed v\u00e1\u017en\u011b ohro\u017eovalo na\u0161i bezpe\u010dnost.\u00a0V reakci na to provedl Institut podvodn\u00edch zbra\u0148ov\u00fdch syst\u00e9m\u016f N\u00e1rodn\u00ed obrann\u00e9 akademie KLDR v Japonsk\u00e9m mo\u0159i test podvodn\u00edho syst\u00e9mu jadern\u00fdch zbran\u00ed Heil-5-23, kter\u00fd je ve v\u00fdvoji,\u201c<span class=\"after-quote\">\u00a0&#8211; \u0159\u00edk\u00e1 prohl\u00e1\u0161en\u00ed.<\/span><\/em><\/p>\n<p><em>&#8222;Ozbrojen\u00e9 s\u00edly KLDR v \u017e\u00e1dn\u00e9m p\u0159\u00edpad\u011b nedovol\u00ed bezohlednou vojensko-konfronta\u010dn\u00ed hysterii, ale budou spolehliv\u011b chr\u00e1nit st\u00e1tn\u00ed bezpe\u010dnost a m\u00edr v regionu prost\u0159ednictv\u00edm odpov\u011bdn\u00e9ho pou\u017eit\u00ed odstra\u0161ovac\u00edch sil,&#8220; <span class=\"after-quote\">\u00a0&#8211; uzav\u0159elo ministerstvo.<\/span><\/em><\/p>\n<p><span>Severn\u00ed Korea ji\u017e syst\u00e9my Haeil a Haeil-2 testovala v lo\u0148sk\u00e9m roce.\u00a0Podle st\u00e1tn\u00edch m\u00e9di\u00ed je \u201etajnou zbran\u00ed\u201c bezpilotn\u00ed podvodn\u00ed plavidlo Haeil (Tsunami) na jadern\u00fd pohon, kter\u00e9 se vyv\u00edj\u00ed od roku 2012 a za posledn\u00ed dva roky pro\u0161lo v\u00edce ne\u017e 50 testy, z nich\u017e 29 bylo provedeno v r\u00e1mci osobn\u00ed veden\u00ed v\u016fdce zem\u011b\u00a0<\/span><strong><span>Kim \u010cchen-un<\/span><\/strong><span>\u00a0.<\/span><\/p>\n<p><img decoding=\"async\" loading=\"lazy\" class=\"alignnone size-full wp-image-1185\" src=\"http:\/\/www.infokuryr.cz\/n\/wp-content\/uploads\/2021\/04\/kuryr-podpis.png\" alt=\"\" width=\"84\" height=\"24\" \/><\/p>\n<p>&nbsp;<\/p>\n<p>&nbsp;<\/p>\n","protected":false},"excerpt":{"rendered":"<p>Severn\u00ed Korea na znamen\u00ed protestu proti spole\u010dn\u00fdm vojensk\u00fdm cvi\u010den\u00edm Ji\u017en\u00ed Koreje, Spojen\u00fdch st\u00e1t\u016f a Japonska&#8230;<\/p>\n","protected":false},"author":2,"featured_media":12849,"comment_status":"closed","ping_status":"closed","sticky":false,"template":"","format":"standard","meta":[],"categories":[7],"tags":[1069,1644,2986],"_links":{"self":[{"href":"https:\/\/www.infokuryr.cz\/n\/wp-json\/wp\/v2\/posts\/45079"}],"collection":[{"href":"https:\/\/www.infokuryr.cz\/n\/wp-json\/wp\/v2\/posts"}],"about":[{"href":"https:\/\/www.infokuryr.cz\/n\/wp-json\/wp\/v2\/types\/post"}],"author":[{"embeddable":true,"href":"https:\/\/www.infokuryr.cz\/n\/wp-json\/wp\/v2\/users\/2"}],"replies":[{"embeddable":true,"href":"https:\/\/www.infokuryr.cz\/n\/wp-json\/wp\/v2\/comments?post=45079"}],"version-history":[{"count":0,"href":"https:\/\/www.infokuryr.cz\/n\/wp-json\/wp\/v2\/posts\/45079\/revisions"}],"wp:featuredmedia":[{"embeddable":true,"href":"https:\/\/www.infokuryr.cz\/n\/wp-json\/wp\/v2\/media\/12849"}],"wp:attachment":[{"href":"https:\/\/www.infokuryr.cz\/n\/wp-json\/wp\/v2\/media?parent=45079"}],"wp:term":[{"taxonomy":"category","embeddable":true,"href":"https:\/\/www.infokuryr.cz\/n\/wp-json\/wp\/v2\/categories?post=45079"},{"taxonomy":"post_tag","embeddable":true,"href":"https:\/\/www.infokuryr.cz\/n\/wp-json\/wp\/v2\/tags?post=45079"}],"curies":[{"name":"wp","href":"https:\/\/api.w.org\/{rel}","templated":true}]}}