{"id":45049,"date":"2024-01-19T00:47:42","date_gmt":"2024-01-18T23:47:42","guid":{"rendered":"http:\/\/www.infokuryr.cz\/n\/?p=45049"},"modified":"2024-01-18T17:49:46","modified_gmt":"2024-01-18T16:49:46","slug":"papez-vyzval-katoliky-aby-prestali-sledovat-porno","status":"publish","type":"post","link":"https:\/\/www.infokuryr.cz\/n\/2024\/01\/19\/papez-vyzval-katoliky-aby-prestali-sledovat-porno\/","title":{"rendered":"Pape\u017e vyzval katol\u00edky, aby p\u0159estali sledovat porno"},"content":{"rendered":"<div id=\"fb-root\"><\/div>\n<p><span style=\"font-size: 18pt;\"><strong>Pape\u017e\u016fv projev p\u0159i\u0161el pot\u00e9, co byl jeden z jeho nejvy\u0161\u0161\u00edch kardin\u00e1l\u016f odsouzen za naps\u00e1n\u00ed sexu\u00e1ln\u011b explicitn\u00ed knihy<\/strong><\/span><\/p>\n<p><span>Sexu\u00e1ln\u00ed pot\u011b\u0161en\u00ed\u00a0<\/span><em><span>\u201eje dar od Boha\u201c,<\/span><\/em><span>\u00a0kter\u00fd je\u00a0<\/span><em><span>\u201epodkop\u00e1v\u00e1n pornografi\u00ed\u201c,<\/span><\/em><span>\u00a0\u0159ekl pape\u017e Franti\u0161ek ve st\u0159edu publiku ve Vatik\u00e1nu.\u00a0Pape\u017e\u016fv projev p\u0159i\u0161el pot\u00e9, co vy\u0161lo najevo, \u017ee jeho hlava doktr\u00edny napsala v 90. letech sexu\u00e1ln\u011b explicitn\u00ed knihu.<\/span><\/p>\n<p><em><span>\u201eVyhr\u00e1t boj proti cht\u00ed\u010di, proti \u201aobjektivizaci\u2018 druh\u00e9ho, m\u016f\u017ee b\u00fdt celo\u017eivotn\u00ed \u00fasil\u00ed,\u201c<\/span><\/em><span>\u00a0prohl\u00e1sil pape\u017e Franti\u0161ek, ne\u017e odsoudil pornografii jako projev\u00a0<\/span><em><span>\u201ad\u00e9mona cht\u00ed\u010de\u2018.<\/span><\/em><\/p>\n<p><span>Hled\u00e1n\u00ed sexu\u00e1ln\u00edho pot\u011b\u0161en\u00ed mimo l\u00e1skypln\u00fd vztah\u00a0<\/span><em><span>\u201em\u016f\u017ee vytv\u00e1\u0159et formy z\u00e1vislosti\u201c<\/span><\/em><span>\u00a0a\u00a0<\/span><em><span>\u201ese m\u011bn\u00ed v \u0159et\u011bz, kter\u00fd zbavuje lidsk\u00e9 bytosti svobody,\u201c<\/span><\/em><span>\u00a0pokra\u010doval pape\u017e.\u00a0Vyzval katol\u00edky, aby odm\u00edtli\u00a0<\/span><em><span>\u201euspokojen\u00ed bez vztahu\u201c<\/span><\/em><span>\u00a0a praktikovali\u00a0<\/span><em><span>\u201e\u010distou l\u00e1sku v d\u00e1v\u00e1n\u00ed sebe sama druh\u00e9mu\u201c.<\/span><\/em><\/p>\n<p><span>Nic z \u0159e\u010di pape\u017ee Franti\u0161ka nen\u00ed v rozporu s Katechismem katolick\u00e9 c\u00edrkve, kter\u00fd uv\u00e1d\u00ed, \u017ee kdokoli, kdo se pod\u00edl\u00ed na v\u00fdrob\u011b nebo sledov\u00e1n\u00ed porna, se dopou\u0161t\u00ed\u00a0<\/span><em><span>\u201ev\u00e1\u017en\u00e9ho provin\u011bn\u00ed\u201c.\u00a0<\/span><\/em><span>Pornografie\u00a0<\/span><em><span>\u201eur\u00e1\u017e\u00ed cudnost, proto\u017ee p\u0159evrac\u00ed man\u017eelsk\u00fd akt, intimn\u00ed d\u00e1v\u00e1n\u00ed man\u017eel\u016f jeden druh\u00e9mu,\u201c<\/span><\/em><span>\u00a0vysv\u011btluje dokument naukov\u00e9 c\u00edrkve.\u00a0<\/span><\/p>\n<p><span>Pape\u017e se v\u0161ak mo\u017en\u00e1 rozhodl zam\u011b\u0159it sv\u016fj projev na toto t\u00e9ma ve sv\u011btle ned\u00e1vn\u00e9 kontroverze, ve kter\u00e9 byl jeho nov\u011b pov\u00fd\u0161en\u00fd \u0161\u00e9f doktr\u00edny, kardin\u00e1l Victor Manuel Fernandez, odsouzen konzervativn\u00edmi katol\u00edky za knihu, kterou v roce 1998 napsal o spiritualit\u011b a smyslnost.<\/span><\/p>\n<p><span>Kniha, kter\u00e1 se nyn\u00ed vyprodala, obsahovala grafick\u00e9 popisy \u017eensk\u00e9ho orgasmu, o kter\u00e9m konzervativci tvrd\u00ed, \u017ee by m\u011bl b\u00fdt mimo znalosti kn\u011bze v \u00fadajn\u011b celib\u00e1tu, jak\u00fdm byl kardin\u00e1l v dob\u011b jej\u00edho vyd\u00e1n\u00ed.\u00a0\u00a0<\/span><\/p>\n<p><span>Fernandez se v knize dotkl porna a poznamenal, \u017ee \u017eeny mohou b\u00fdt <a href=\"https:\/\/www.catholicnewsagency.com\/news\/256482\/cardinal-fernandez-responds-to-uproar-over-sexually-explicit-book-i-certainly-would-not-write-that-now\" target=\"_blank\" rel=\"noopener noreferrer\">podle<\/a>\u00a0Katolick\u00e9 tiskov\u00e9 agentury\u00a0<\/span><em><span>\u201evzru\u0161eny tvrdou pornografi\u00ed\u201c<\/span><\/em><span>\u00a0stejn\u011b jako mu\u017ei .<\/span><\/p>\n<p><span>Pape\u017e v posledn\u00edch letech p\u0159i n\u011bkolika p\u0159\u00edle\u017eitostech poru\u0161il katolickou tradici, nab\u00eddl prohl\u00e1\u0161en\u00ed o\u00a0<\/span><a href=\"https:\/\/swentr.site\/news\/545470-pope-francis-nun-lgbt\/\" target=\"_blank\" rel=\"noopener noreferrer\"><span>podpo\u0159e<\/span><\/a><span>\u00a0LGBTQ aktivist\u016fm v letech 2021 a 2022 a v prosinci\u00a0<\/span><a href=\"https:\/\/swentr.site\/news\/589285-vatican-same-sex-blessings\/\" target=\"_blank\" rel=\"noopener noreferrer\"><span>aktualizoval<\/span><\/a><span>\u00a0c\u00edrkevn\u00ed doktr\u00ednu, aby za ur\u010dit\u00fdch okolnost\u00ed umo\u017enil kn\u011b\u017e\u00edm \u017eehnat p\u00e1r\u016fm stejn\u00e9ho pohlav\u00ed.\u00a0Kardin\u00e1l Fernandez napsal doktrin\u00e1ln\u00ed text vysv\u011btluj\u00edc\u00ed tuto zm\u011bnu.<\/span><\/p>\n<p><span>Navzdory liberalizaci n\u011bkter\u00fdch prvk\u016f katolick\u00e9 doktr\u00edny pape\u017e Franti\u0161ek nad\u00e1le broj\u00ed proti pornografii, a to i v \u0159ad\u00e1ch kl\u00e9ru.<\/span><\/p>\n<p><span>Erotika je ne\u0159est, kter\u00e1 ovlivnila\u00a0<\/span><em><span>\u201etolik lid\u00ed, tolik laik\u016f, tolik laick\u00fdch \u017een a tak\u00e9 kn\u011b\u017e\u00ed a jepti\u0161ek,\u201c<\/span><\/em><span>\u00a0\u0159ekl v\u00a0<\/span><a href=\"https:\/\/swentr.site\/news\/565405-priests-and-nuns-watch-porn\/\" target=\"_blank\" rel=\"noopener noreferrer\"><span>projevu<\/span><\/a><span>\u00a0k seminarist\u016fm v roce 2022. Pape\u017e vyzval kn\u011bze, aby smazali pornografick\u00e9 aplikace a webov\u00e9 str\u00e1nky. jejich telefony s varov\u00e1n\u00edm, \u017ee\u00a0<\/span><em><span>\u201eje to n\u011bco, co oslabuje du\u0161i\u201c.<\/span><\/em><\/p>\n<p><em><span>&#8222;Odtud vstupuje \u010f\u00e1bel,&#8220;<\/span><\/em><span>\u00a0pokra\u010doval.\u00a0<\/span><em><span>&#8222;Oslabuje kn\u011b\u017esk\u00e9 srdce.&#8220;<\/span><\/em><\/p>\n<p><span>Instagramov\u00e1 str\u00e1nka pape\u017ee Franti\u0161ka, kterou spravuje medi\u00e1ln\u00ed t\u00fdm Svat\u00e9ho stolce, se v roce 2020 dostala na titulky pot\u00e9, co \u201elajkovala\u201c energickou fotku modelky bikin Natalie Garibotto.\u00a0Pape\u017esk\u00e1 kancel\u00e1\u0159 zah\u00e1jila intern\u00ed vy\u0161et\u0159ov\u00e1n\u00ed incidentu, uvedla tehdy Katolick\u00e1 tiskov\u00e1 agentura.<\/span><\/p>\n<p><img decoding=\"async\" loading=\"lazy\" class=\"alignnone size-full wp-image-1185\" src=\"http:\/\/www.infokuryr.cz\/n\/wp-content\/uploads\/2021\/04\/kuryr-podpis.png\" alt=\"\" width=\"84\" height=\"24\" \/><\/p>\n<p>&nbsp;<\/p>\n<p>&nbsp;<\/p>\n","protected":false},"excerpt":{"rendered":"<p>Pape\u017e\u016fv projev p\u0159i\u0161el pot\u00e9, co byl jeden z jeho nejvy\u0161\u0161\u00edch kardin\u00e1l\u016f odsouzen za naps\u00e1n\u00ed sexu\u00e1ln\u011b&#8230;<\/p>\n","protected":false},"author":2,"featured_media":18060,"comment_status":"closed","ping_status":"closed","sticky":false,"template":"","format":"standard","meta":[],"categories":[7],"tags":[314,254,3843,538],"_links":{"self":[{"href":"https:\/\/www.infokuryr.cz\/n\/wp-json\/wp\/v2\/posts\/45049"}],"collection":[{"href":"https:\/\/www.infokuryr.cz\/n\/wp-json\/wp\/v2\/posts"}],"about":[{"href":"https:\/\/www.infokuryr.cz\/n\/wp-json\/wp\/v2\/types\/post"}],"author":[{"embeddable":true,"href":"https:\/\/www.infokuryr.cz\/n\/wp-json\/wp\/v2\/users\/2"}],"replies":[{"embeddable":true,"href":"https:\/\/www.infokuryr.cz\/n\/wp-json\/wp\/v2\/comments?post=45049"}],"version-history":[{"count":0,"href":"https:\/\/www.infokuryr.cz\/n\/wp-json\/wp\/v2\/posts\/45049\/revisions"}],"wp:featuredmedia":[{"embeddable":true,"href":"https:\/\/www.infokuryr.cz\/n\/wp-json\/wp\/v2\/media\/18060"}],"wp:attachment":[{"href":"https:\/\/www.infokuryr.cz\/n\/wp-json\/wp\/v2\/media?parent=45049"}],"wp:term":[{"taxonomy":"category","embeddable":true,"href":"https:\/\/www.infokuryr.cz\/n\/wp-json\/wp\/v2\/categories?post=45049"},{"taxonomy":"post_tag","embeddable":true,"href":"https:\/\/www.infokuryr.cz\/n\/wp-json\/wp\/v2\/tags?post=45049"}],"curies":[{"name":"wp","href":"https:\/\/api.w.org\/{rel}","templated":true}]}}