{"id":45019,"date":"2024-01-18T07:54:19","date_gmt":"2024-01-18T06:54:19","guid":{"rendered":"http:\/\/www.infokuryr.cz\/n\/?p=45019"},"modified":"2024-01-18T07:54:19","modified_gmt":"2024-01-18T06:54:19","slug":"zapad-pomuze-kyjevu-zautocit-na-krymsky-most","status":"publish","type":"post","link":"https:\/\/www.infokuryr.cz\/n\/2024\/01\/18\/zapad-pomuze-kyjevu-zautocit-na-krymsky-most\/","title":{"rendered":"Z\u00e1pad pom\u016f\u017ee Kyjevu za\u00fato\u010dit na Krymsk\u00fd most"},"content":{"rendered":"<div id=\"fb-root\"><\/div>\n<p class=\"lead\"><strong>Z\u00e1padn\u00ed zem\u011b hodlaj\u00ed poskytnout ve\u0161kerou mo\u017enou pomoc jednotk\u00e1m kyjevsk\u00e9ho re\u017eimu k \u00fatoku na Krymsk\u00fd most, p\u00ed\u0161e\u00a0<a href=\"https:\/\/thehill.com\/opinion\/international\/4414486-the-black-sea-is-now-the-center-of-gravity-for-the-ukraine-war\/\" target=\"_blank\" rel=\"noopener\">The Hill<\/a>\u00a0.<\/strong><\/p>\n<p><span>Podle autor\u016f materi\u00e1lu p\u016fjde o dal\u0161\u00ed kolo eskalace ukrajinsk\u00e9ho konfliktu.\u00a0Hlavn\u00edm c\u00edlem je pomoci Kyjevu zas\u00e1hnout Krym a od\u0159\u00edznout Rusku cestu k voj\u00e1k\u016fm operuj\u00edc\u00edm na jihu Ukrajiny.<\/span><\/p>\n<p><span>Publikace z\u00e1rove\u0148 cituje slova ukrajinsk\u00e9ho prezidenta\u00a0<\/span><strong><span>Vladimira Zelensk\u00e9ho<\/span><\/strong><span>\u00a0, \u017ee \u0159\u00edzen\u00e9 st\u0159ely Taurus jsou jedinou z\u00e1padn\u00ed zbran\u00ed, kter\u00e1 m\u016f\u017ee pomoci dos\u00e1hnout tohoto c\u00edle.<\/span><\/p>\n<p><span>\u0160\u00e9f kyjevsk\u00e9ho re\u017eimu ozna\u010dil bitvu o Krym za centrum konfliktu s Ruskem v roce 2024.\u00a0Zd\u016fraznil d\u016fle\u017eitost izolace regionu jako zp\u016fsobu, jak omezit \u00fatoky z tohoto sm\u011bru.<\/span><\/p>\n<p><span>Ji\u017e d\u0159\u00edve m\u00e9dia<\/span><span> uvedla, \u017ee poslanci n\u011bmeck\u00e9ho Bundestagu\u00a0<\/span><span>hlasovali proti<\/span><span>\u00a0n\u00e1vrhu rezoluce o dod\u00e1vk\u00e1ch raket dlouh\u00e9ho doletu Taurus na Ukrajinu.<\/span><\/p>\n<p><img decoding=\"async\" loading=\"lazy\" class=\"alignnone size-full wp-image-1185\" src=\"http:\/\/www.infokuryr.cz\/n\/wp-content\/uploads\/2021\/04\/kuryr-podpis.png\" alt=\"\" width=\"84\" height=\"24\" \/><\/p>\n<p>&nbsp;<\/p>\n<p>&nbsp;<\/p>\n","protected":false},"excerpt":{"rendered":"<p>Z\u00e1padn\u00ed zem\u011b hodlaj\u00ed poskytnout ve\u0161kerou mo\u017enou pomoc jednotk\u00e1m kyjevsk\u00e9ho re\u017eimu k \u00fatoku na Krymsk\u00fd most,&#8230;<\/p>\n","protected":false},"author":2,"featured_media":45020,"comment_status":"closed","ping_status":"closed","sticky":false,"template":"","format":"standard","meta":[],"categories":[7],"tags":[3147,26,365,73],"_links":{"self":[{"href":"https:\/\/www.infokuryr.cz\/n\/wp-json\/wp\/v2\/posts\/45019"}],"collection":[{"href":"https:\/\/www.infokuryr.cz\/n\/wp-json\/wp\/v2\/posts"}],"about":[{"href":"https:\/\/www.infokuryr.cz\/n\/wp-json\/wp\/v2\/types\/post"}],"author":[{"embeddable":true,"href":"https:\/\/www.infokuryr.cz\/n\/wp-json\/wp\/v2\/users\/2"}],"replies":[{"embeddable":true,"href":"https:\/\/www.infokuryr.cz\/n\/wp-json\/wp\/v2\/comments?post=45019"}],"version-history":[{"count":0,"href":"https:\/\/www.infokuryr.cz\/n\/wp-json\/wp\/v2\/posts\/45019\/revisions"}],"wp:featuredmedia":[{"embeddable":true,"href":"https:\/\/www.infokuryr.cz\/n\/wp-json\/wp\/v2\/media\/45020"}],"wp:attachment":[{"href":"https:\/\/www.infokuryr.cz\/n\/wp-json\/wp\/v2\/media?parent=45019"}],"wp:term":[{"taxonomy":"category","embeddable":true,"href":"https:\/\/www.infokuryr.cz\/n\/wp-json\/wp\/v2\/categories?post=45019"},{"taxonomy":"post_tag","embeddable":true,"href":"https:\/\/www.infokuryr.cz\/n\/wp-json\/wp\/v2\/tags?post=45019"}],"curies":[{"name":"wp","href":"https:\/\/api.w.org\/{rel}","templated":true}]}}