{"id":45012,"date":"2024-01-18T07:08:42","date_gmt":"2024-01-18T06:08:42","guid":{"rendered":"http:\/\/www.infokuryr.cz\/n\/?p=45012"},"modified":"2024-01-18T07:23:21","modified_gmt":"2024-01-18T06:23:21","slug":"jindrich-kulhavy-co-vlastne-delaji-prazane","status":"publish","type":"post","link":"https:\/\/www.infokuryr.cz\/n\/2024\/01\/18\/jindrich-kulhavy-co-vlastne-delaji-prazane\/","title":{"rendered":"Jind\u0159ich Kulhav\u00fd: Co vlastn\u011b d\u011blaj\u00ed Pra\u017ean\u00e9?"},"content":{"rendered":"<div id=\"fb-root\"><\/div>\n<p><span class=\"anotation\">\u017d\u00edt v\u00a0Praze je snem mnoha \u010cech\u016f. Stahuje se do n\u00ed st\u00e1le v\u00edce ,,n\u00e1plav\u201c, jak je zbytek rodil\u00fdch Pra\u017e\u00e1k\u016f naz\u00fdv\u00e1, tak\u017ee se vztah k\u00a0velkom\u011bstu od jejich obyvatel m\u011bn\u00ed. Uk\u00e1zkou ne\u00facty k\u00a0cvrkotu v\u00a0metropoli je chov\u00e1n\u00ed Pir\u00e1t\u016f, p\u0159i\u010dem\u017e za skute\u010dn\u00e9ho \u0161k\u016fdce lze pova\u017eovat rod\u00e1ka ze Slavi\u010d\u00edna kdesi z\u00a0Moravy a exprim\u00e1tora H\u0159iba. Bylo by zaj\u00edmav\u00e9 zjistit, kolik m\u011bsto za jeho p\u016fsoben\u00ed na pra\u017esk\u00e9m magistr\u00e1tu investovalo do plo\u0161n\u00e9ho i lok\u00e1ln\u00edho zkomplikov\u00e1n\u00ed a zpomalen\u00ed dopravy a jak dlouh\u00fd \u00fasek obchvatu, kter\u00fd tragicky chyb\u00ed, by se postavil.<\/span><\/p>\n<div id=\"pagetext\">\n<p>\u00a0 H\u0159ib se r\u00e1d chlub\u00ed sv\u00fdmi ,,\u00fasp\u011bchy\u201c. Ned\u00e1vno se fotil na nov\u011b vybudovan\u00fdch zast\u00e1vk\u00e1ch na Praze 3 u b\u00fdval\u00e9ho N\u00e1kladov\u00e9ho n\u00e1dra\u017e\u00ed \u017di\u017ekov, kde byla op\u011bt doprava d\u00edky nim svedena v\u017edy v\u00a0jednom sm\u011bru ze dvou pruh\u016f do jednoho. Co se v\u00a0t\u011bch m\u00edstech denn\u011b d\u011bje, to si ani nedok\u00e1\u017eete p\u0159edstavit, a to se tam stav\u00ed nov\u00e9 s\u00eddli\u0161t\u011b pro dal\u0161\u00edch 30\u00a0000 lid\u00ed. Bezpe\u010dnost chodc\u016f se zhor\u0161ila a mezi \u0159idi\u010di pad\u00e1 tolik nad\u00e1vek, \u017ee b\u00fdt zaprodan\u00e1 houba po ruce, dostal by mnohokr\u00e1t za den p\u00e1r facek. O kousek d\u00e1le na tak\u00e9 za\u0161putovan\u00e9 Ol\u0161ansk\u00e9 jsou zase roky propadl\u00e9 uprost\u0159ed vozovky dva kan\u00e1ly (o 10 -15 cm) likviduj\u00edc\u00ed kola aut. To i p\u0159esto, \u017ee cel\u00e1 kdysi \u010dty\u0159proud\u00e1 komunikace byla t\u00e9\u017e zredukov\u00e1na na dva pr\u016fjezdn\u00e9 pruhy a nezbytn\u00e9 a nik\u00fdm nepou\u017e\u00edvan\u00e9 cyklopruhy, nechyb\u00ed ani placen\u00e1 parkovac\u00ed z\u00f3na, kter\u00e1 je v\u0161ak vyu\u017e\u00edv\u00e1na v\u00a0cel\u00e9 sv\u00e9 d\u00e9lce tak z\u00a0poloviny kapacity. Kan\u00e1ly vyskytuj\u00edc\u00ed se nap\u0159\u00ed\u010d vozovkou 1m od sebe byly m\u011bs\u00edc ohrani\u010deny z\u00e1branami, aby ty byly posl\u00e9ze odstran\u011bny a pasti na \u0159idi\u010de z\u016fstaly neopraven\u00e9. Jde o b\u011b\u017enou uk\u00e1zku idiotsk\u00e9ho p\u0159\u00edstupu Pir\u00e1t\u016f k\u00a0m\u011bstsk\u00e9 doprav\u011b a Praha 3 je d\u016fkazem toho, \u017ee je pro ni prioritn\u011bj\u0161\u00ed p\u0159ejmenovat Kon\u011bvovu t\u0159\u00eddu na cokoliv jin\u00e9ho, ne\u017e opravit dva blb\u00e9 kan\u00e1ly.<\/p>\n<p><a href=\"https:\/\/stranapro.cz\/\"><img decoding=\"async\" loading=\"lazy\" class=\"alignnone wp-image-40285 aligncenter\" src=\"http:\/\/www.infokuryr.cz\/n\/wp-content\/uploads\/2023\/11\/11pro-300x79.png\" alt=\"\" width=\"589\" height=\"155\" srcset=\"https:\/\/www.infokuryr.cz\/n\/wp-content\/uploads\/2023\/11\/11pro-300x79.png 300w, https:\/\/www.infokuryr.cz\/n\/wp-content\/uploads\/2023\/11\/11pro.png 363w\" sizes=\"(max-width: 589px) 100vw, 589px\" \/><\/a><\/p>\n<p>Nejde o ojedin\u011bl\u00fd p\u0159\u00edpad, o \u010dem\u017e sv\u011bd\u010d\u00ed snaha dostat na tramvaje do konfliktu s\u00a0magistr\u00e1lou a touha H\u0159iba zm\u011bnit Hlavn\u00ed n\u00e1dra\u017e\u00ed na klidovou z\u00f3nu. Samotn\u00fdm Pra\u017ean\u016fm je n\u00e1dra\u017e\u00ed v\u011bt\u0161inou bu\u0159t, pou\u017e\u00edvaj\u00ed ho p\u0159edev\u0161\u00edm chud\u0161\u00ed ,,n\u00e1plavy\u201c m\u00ed\u0159\u00edc\u00ed o v\u00edkendech na rodnou hroudu. To je trochu nads\u00e1zka, v\u011bt\u0161ina z\u00a0nich m\u00e1 firemn\u00ed auta a jezd\u00ed s\u00a0nimi. N\u011bjak se ucpan\u00e1 D1 p\u0159ed Brnem vysv\u011btlit mus\u00ed. Praha by \u00fapravami dle H\u0159iba &amp; spol. dostala dal\u0161\u00ed r\u00e1nu. P\u0159epln\u011bn\u00e1 magistr\u00e1la, Ji\u017en\u00ed spojka \u010di Barrandovsk\u00fd most jsou v\u00fdsledkem n\u011bkolika z\u00e1sadn\u00edch zm\u011bn v\u00a0Praze. P\u0159em\u00fd\u0161leli jste n\u011bkdy, \u010d\u00edm se Praha \u017eiv\u00ed? Poj\u010fme se na to pod\u00edvat.<\/p>\n<p>Hlavn\u00ed m\u011bsto se v\u00fdrazn\u011b za posledn\u00edch 30 let rozrostlo. P\u0159ibyly satelity, kdysi samostatn\u00e1 m\u011bste\u010dka a obce jsou u\u017e \u010dasto br\u00e1ny jako sou\u010d\u00e1st Prahy, by\u0165 pap\u00edrov\u011b pat\u0159\u00ed t\u0159eba do St\u0159edo\u010desk\u00e9ho kraje. Rann\u00ed a podve\u010dern\u00ed provoz mezi centrem a kraji o tom sv\u011bd\u010d\u00ed. Kdysi byla metropole pr\u016fmyslov\u00fdm i \u00fa\u0159edn\u00edm centrem republiky. To se zm\u011bnilo. B\u00fdval\u00e1 sv\u011btov\u011b zn\u00e1m\u00e1 firma s\u00a0dlouhou histori\u00ed \u010cKD zmizela a na b\u00fdval\u00e9m jej\u00edm m\u00edst\u011b ve Vyso\u010danech se stav\u00ed s\u00eddli\u0161t\u011b. Hned vedle st\u00e1la nem\u00e9n\u011b proslul\u00e1 Pragovka, m\u00edsto n\u00ed op\u011bt vznikaj\u00ed bytov\u00e9 domy. Nedaleko se vyr\u00e1b\u011blo v\u00a0Tesle, ale pozemky se staly op\u011bt ko\u0159ist\u00ed developer\u016f. Pot\u00e9 tu byl Motorlet (p\u016fvodn\u011b Waltrovka), ten na Praze 5. Velkou tov\u00e1rnu nahradily luxusn\u00ed budovy s\u00a0kancel\u00e1\u0159emi a byty. N\u00e1kladov\u00e9 n\u00e1dra\u017e\u00ed na \u017di\u017ekov\u011b ztratilo v\u00fdznam, nen\u00ed co nakl\u00e1dat, tak\u017ee jeho osud je zpe\u010det\u011bn a budou tam \u2026 byty. Jeho br\u00e1chov\u00e9 v\u00a0Bubnech \u010di na Sm\u00edchov\u011b se postupn\u011b m\u011bn\u00ed v \u2026 obytn\u00e9 z\u00f3ny. A dalo by se pokra\u010dovat d\u00e1le. Pra\u017e\u0161t\u00ed zem\u011bd\u011blci byli vytla\u010deni a m\u00edsto jejich pol\u00ed a sad\u016f jsou \u2026 satelitn\u00ed m\u011bste\u010dka a byty. Velkom\u011bsto ztratilo desetitis\u00edce pracovn\u00edch d\u011blnick\u00fdch m\u00edst a v\u00a0podstat\u011b se stalo r\u00e1jem i past\u00ed pro milion \u00fa\u0159edn\u00edk\u016f, student\u016f, senior\u016f a utr\u00e1cej\u00edc\u00edch spot\u0159ebitel\u016f.<\/p>\n<p>Praha u\u017e nic neprodukuje. Stala se m\u011bstem z\u00e1visl\u00fdm na dovozu \u00fapln\u011b v\u0161eho. ,,N\u00e1plavy\u201c obsadily \u00fa\u0159ady a s\u00eddla firem preferuj\u00edc\u00edch bl\u00edzkost k\u00a0politick\u00fdm elit\u00e1m a profituj\u00edc\u00edm na vz\u00e1jemn\u011b v\u00fdhodn\u00fdch vztaz\u00edch. A kdo nen\u00ed kancel\u00e1\u0159sk\u00e1 my\u0161, pracuje ve slu\u017eb\u00e1ch a ve\u0159ejn\u00e9 doprav\u011b. Faktick\u00e1 produktivita oblasti nikde. A to skon\u010dily i velk\u00e9 podniky v\u00a0okol\u00ed, nap\u0159\u00edklad SONP Kladno. T\u00edm p\u00e1dem zmizelo i mnoho u\u010d\u0148ovsk\u00fdch st\u0159edisek a ml\u00e1de\u017e nav\u0161t\u011bvuje naprosto zbyte\u010dn\u00e9 st\u0159edn\u00ed a vysok\u00e9 \u0161koly, nav\u00edc se stahuje z\u00a0cel\u00e9 republiky. Z\u00a0m\u011bsta je tak jedna obrovsk\u00e1 kancel\u00e1\u0159 s\u00a0p\u0159\u00edslu\u0161enstv\u00edm. Neb\u00fdt stava\u0159\u016f, mimochodem v\u011bt\u0161inou Ukrajinc\u016f, a k\u00a0nim nav\u00e1zan\u00fdch posledn\u00edch p\u00e1r \u017eij\u00edc\u00edch \u0159emesln\u00edk\u016f, o d\u011blnickou profesi u\u017e byste t\u011b\u017eko zakopnuli. Snad u\u017e jen v\u00a0doprav\u011b a autoservisech \u010di v\u00a0Pra\u017esk\u00fdch slu\u017eb\u00e1ch. Moc jin\u00e9ho u\u017e nezb\u00fdv\u00e1. Rodil\u00fdm Pra\u017e\u00e1k\u016fm je z\u00a0toho smutno, \u0159ada z\u00a0nich ode\u0161la na periferii a do centra, pokud mo\u017eno, v\u016fbec nejezd\u00ed. H\u0159ib se ze\u0161iroka usm\u00edv\u00e1 a s\u00a0n\u00edm sp\u0159\u00edzn\u011bn\u00ed Pir\u00e1ti, Zelen\u00ed \u010di greendealovou ideologi\u00ed posedl\u00ed m\u011bn\u00ed Prahu k\u00a0hor\u0161\u00edmu. Jednou to nebude jen m\u011bsto \u00fa\u0159edn\u00edk\u016f, ale tak\u00e9 bl\u00e1zn\u016f a duch\u016f.<\/p>\n<p><a href=\"https:\/\/www.inadhled.live\/uvaha-dne\/co-vlastne-delaji-prazane-\/\">Jind\u0159ich Kulhav\u00fd<\/a><\/p>\n<p><img decoding=\"async\" loading=\"lazy\" class=\"alignnone size-medium wp-image-22653\" src=\"http:\/\/www.infokuryr.cz\/n\/wp-content\/uploads\/2023\/02\/jindra-kulhavy-221x300.jpg\" alt=\"\" width=\"221\" height=\"300\" srcset=\"https:\/\/www.infokuryr.cz\/n\/wp-content\/uploads\/2023\/02\/jindra-kulhavy-221x300.jpg 221w, https:\/\/www.infokuryr.cz\/n\/wp-content\/uploads\/2023\/02\/jindra-kulhavy.jpg 311w\" sizes=\"(max-width: 221px) 100vw, 221px\" \/><\/p>\n<\/div>\n<p>&nbsp;<\/p>\n","protected":false},"excerpt":{"rendered":"<p>\u017d\u00edt v\u00a0Praze je snem mnoha \u010cech\u016f. Stahuje se do n\u00ed st\u00e1le v\u00edce ,,n\u00e1plav\u201c, jak je&#8230;<\/p>\n","protected":false},"author":2,"featured_media":45013,"comment_status":"closed","ping_status":"closed","sticky":false,"template":"","format":"standard","meta":[],"categories":[6],"tags":[1001,29,137,234],"_links":{"self":[{"href":"https:\/\/www.infokuryr.cz\/n\/wp-json\/wp\/v2\/posts\/45012"}],"collection":[{"href":"https:\/\/www.infokuryr.cz\/n\/wp-json\/wp\/v2\/posts"}],"about":[{"href":"https:\/\/www.infokuryr.cz\/n\/wp-json\/wp\/v2\/types\/post"}],"author":[{"embeddable":true,"href":"https:\/\/www.infokuryr.cz\/n\/wp-json\/wp\/v2\/users\/2"}],"replies":[{"embeddable":true,"href":"https:\/\/www.infokuryr.cz\/n\/wp-json\/wp\/v2\/comments?post=45012"}],"version-history":[{"count":0,"href":"https:\/\/www.infokuryr.cz\/n\/wp-json\/wp\/v2\/posts\/45012\/revisions"}],"wp:featuredmedia":[{"embeddable":true,"href":"https:\/\/www.infokuryr.cz\/n\/wp-json\/wp\/v2\/media\/45013"}],"wp:attachment":[{"href":"https:\/\/www.infokuryr.cz\/n\/wp-json\/wp\/v2\/media?parent=45012"}],"wp:term":[{"taxonomy":"category","embeddable":true,"href":"https:\/\/www.infokuryr.cz\/n\/wp-json\/wp\/v2\/categories?post=45012"},{"taxonomy":"post_tag","embeddable":true,"href":"https:\/\/www.infokuryr.cz\/n\/wp-json\/wp\/v2\/tags?post=45012"}],"curies":[{"name":"wp","href":"https:\/\/api.w.org\/{rel}","templated":true}]}}