{"id":45004,"date":"2024-01-18T00:51:51","date_gmt":"2024-01-17T23:51:51","guid":{"rendered":"http:\/\/www.infokuryr.cz\/n\/?p=45004"},"modified":"2024-01-18T06:57:29","modified_gmt":"2024-01-18T05:57:29","slug":"politika-z-satny-snaha-vladni-petikoalice-o-novelu-volebniho-zakona","status":"publish","type":"post","link":"https:\/\/www.infokuryr.cz\/n\/2024\/01\/18\/politika-z-satny-snaha-vladni-petikoalice-o-novelu-volebniho-zakona\/","title":{"rendered":"Politika z \u0161atny: Snaha vl\u00e1dn\u00ed P\u011btikoalice o novelu volebn\u00edho z\u00e1kona&#8230;"},"content":{"rendered":"<div id=\"fb-root\"><\/div>\n<h4>Politika z \u0161atny: Snaha vl\u00e1dn\u00ed P\u011btikoalice o novelu volebn\u00edho z\u00e1kona pro zaveden\u00ed koresponden\u010dn\u00edch voleb je pokusem o p\u0159e\u017eit\u00ed! V zahrani\u010d\u00ed \u017eije p\u0159es 500 000 \u010cech\u016f, z nich\u017e drtiv\u00e1 v\u011bt\u0161ina nikdy k volb\u00e1m nechod\u00ed! H\u00e1dejte, co se stane, jestli budou zavedeny koresponden\u010dn\u00ed l\u00edstky! A h\u00e1dejte, komu to jako budou h\u00e1zet! Existuj\u00ed celkem 3 hrozby vych\u00e1zej\u00edc\u00ed z po\u0161tovn\u00edho hlasov\u00e1n\u00ed!<\/h4>\n<p>V poslaneck\u00e9 sn\u011bmovn\u011b \u010desk\u00e9ho parlamentu se op\u011bt d\u011bj\u00ed neuv\u011b\u0159iteln\u00e9 v\u011bci. Po uve\u0159ejn\u011bn\u00ed bizarn\u00edho videa ministra vnitra V\u00edta Raku\u0161ana z fotbalov\u00e9 \u0161atny, kde se v reklamn\u00edm spotu vyhradil proti Petru Fialovi a de facto proti jeho vl\u00e1d\u011b, tu m\u00e1me toti\u017e podle v\u0161eho dal\u0161\u00ed a neuv\u011b\u0159iteln\u00e9 pokra\u010dov\u00e1n\u00ed. Sn\u011bmovna ve st\u0159edu zah\u00e1jila mimo\u0159\u00e1dnou sch\u016fzi k v\u00fdbu\u0161n\u00e9 novele z\u00e1kona o volb\u00e1ch a organizaci voleb, kde poslanci projedn\u00e1vaj\u00ed n\u00e1vrh na zaveden\u00ed koresponden\u010dn\u00edho hlasov\u00e1n\u00ed do \u010desk\u00fdch voleb\u00a0<strong>[<a href=\"https:\/\/href.li\/?https:\/\/www.novinky.cz\/clanek\/domaci-ve-snemovne-zacina-boj-o-korespondencni-volbu-trvat-bude-zrejme-do-patku-40457507\" target=\"_blank\" rel=\"nofollow noopener\">1<\/a>]<\/strong>.<\/p>\n<figure id=\"attachment_58329\" class=\"wp-caption aligncenter\" style=\"width: 698px;\"><a href=\"https:\/\/aeronet.news\/wp-content\/uploads\/RakusanSatnaPet.jpg\"><img decoding=\"async\" loading=\"lazy\" class=\"wp-image-58329 \" src=\"https:\/\/aeronet.news\/wp-content\/uploads\/RakusanSatnaPet-1024x576.jpg\" sizes=\"(max-width: 700px) 100vw, 700px\" srcset=\"https:\/\/aeronet.news\/wp-content\/uploads\/RakusanSatnaPet-1024x576.jpg 1024w, https:\/\/aeronet.news\/wp-content\/uploads\/RakusanSatnaPet-300x169.jpg 300w, https:\/\/aeronet.news\/wp-content\/uploads\/RakusanSatnaPet-768x432.jpg 768w, https:\/\/aeronet.news\/wp-content\/uploads\/RakusanSatnaPet-700x394.jpg 700w, https:\/\/aeronet.news\/wp-content\/uploads\/RakusanSatnaPet-635x357.jpg 635w, https:\/\/aeronet.news\/wp-content\/uploads\/RakusanSatnaPet-859x483.jpg 859w, https:\/\/aeronet.news\/wp-content\/uploads\/RakusanSatnaPet.jpg 1280w\" alt=\"\" width=\"698\" height=\"393\" \/><\/a><figcaption class=\"wp-caption-text\">V\u00edt Raku\u0161an v \u0161atn\u011b fotbalov\u00e9ho t\u00fdmu v reklamn\u00edm videu<\/figcaption><\/figure>\n<p>Cel\u00e9 by to m\u011blo fungovat tak, \u017ee ob\u010dan v cizin\u011b by si online anebo osobn\u011b vy\u017e\u00e1dal od \u010desk\u00e9 ambas\u00e1dy registra\u010dn\u00ed kartu, kterou by dostal po\u0161tou, nebo osobn\u011b na ambas\u00e1d\u011b, a to s p\u0159edstihem minim\u00e1ln\u011b 40 dn\u00ed p\u0159ed volbami. Vyplnil by hlasovac\u00ed l\u00edstek a ten by vlo\u017eil do hlasovac\u00ed ob\u00e1lky. N\u00e1sledn\u011b by tuto ob\u00e1lku vlo\u017eil do o n\u011bco v\u011bt\u0161\u00ed po\u0161tovn\u00ed ob\u00e1lky a p\u0159idal by do n\u00ed tu registra\u010dn\u00ed kartu.<\/p>\n<p>Na ambas\u00e1d\u011b by po\u0161tovn\u00ed ob\u00e1lku otev\u0159eli, ov\u011b\u0159ili by karti\u010dku a tu volebn\u00ed ob\u00e1lku by pr\u00fd neotev\u00edrali, ale hodili by ji na ambas\u00e1d\u011b do volebn\u00ed urny k ostatn\u00edm hlasovac\u00edm ob\u00e1lk\u00e1m od lid\u00ed, kte\u0159\u00ed na ambas\u00e1du v den voleb p\u0159ijdou hlasovat osobn\u011b. Podle znalce na \u00fastavn\u00ed pr\u00e1vo, kter\u00fd n\u00e1m do redakce poslal esej na toto t\u00e9ma, je s koresponden\u010dn\u00edm hlasov\u00e1n\u00edm probl\u00e9m hned ve t\u0159ech rovin\u00e1ch.<\/p>\n<h6><span style=\"font-size: 18pt;\">Hrozba \u010d. 1 \u2013 Naru\u0161en\u00ed tajnosti volby<\/span><\/h6>\n<p>T\u00edm prvn\u00edm probl\u00e9mem je podm\u00ednka tajnosti voleb. Pokud dojde k zasl\u00e1n\u00ed hlasovac\u00edho l\u00edstku v hlasovac\u00ed ob\u00e1lce, s p\u0159ilo\u017een\u00fdm registra\u010dn\u00edm \u0161t\u00edtkem uvnit\u0159 po\u0161tovn\u00ed ob\u00e1lky, potom je princip tajnosti z hlediska \u00fastavn\u00edho principu nen\u00e1vratn\u011b poru\u0161en, proto\u017ee v tom okam\u017eiku lze ztoto\u017enit osobu, jak hlasovala.\u00a0<strong>Podle \u00fastavn\u00edho pr\u00e1va se abstrahuje od toho, jestli \u00fa\u0159edn\u00edk na ambas\u00e1d\u011b je nebo nen\u00ed poctiv\u00fd, jestli nakoukne do hlasovac\u00ed ob\u00e1lky, jak pan Nov\u00e1k z Texasu hlasoval a komu to hodil, anebo nenakoukne.<\/strong><\/p>\n<p>Princip tajnosti voleb toti\u017e nem\u016f\u017ee a nesm\u00ed b\u00fdt zalo\u017een na d\u016fv\u011b\u0159e, ale pouze na principu nezpochybniteln\u00e9 anonymity.\u00a0<strong>Na d\u016fv\u011b\u0159e toti\u017e tajnost voleb v \u010desk\u00e9m pr\u00e1vn\u00edm \u0159\u00e1du nen\u00ed zalo\u017eena<\/strong>, upozornil n\u00e1s do redakce pr\u00e1vn\u00edk. Volby jsou zalo\u017eeny na tzv.\u00a0<em><strong>zaru\u010den\u00e9 anonymit\u011b<\/strong><\/em>\u00a0hlasovac\u00edch l\u00edstk\u016f a pota\u017emo ob\u00e1lek, ve kter\u00fdch jsou l\u00edstky do urny vlo\u017eeny.<\/p>\n<figure id=\"attachment_41984\" class=\"wp-caption aligncenter\" style=\"width: 699px;\"><a href=\"https:\/\/aeronet.news\/wp-content\/uploads\/VolebniUrna.jpg\"><img decoding=\"async\" loading=\"lazy\" class=\"wp-image-41984 \" src=\"https:\/\/aeronet.news\/wp-content\/uploads\/VolebniUrna-1024x683.jpg\" sizes=\"(max-width: 700px) 100vw, 700px\" srcset=\"https:\/\/aeronet.news\/wp-content\/uploads\/VolebniUrna-1024x683.jpg 1024w, https:\/\/aeronet.news\/wp-content\/uploads\/VolebniUrna-300x200.jpg 300w, https:\/\/aeronet.news\/wp-content\/uploads\/VolebniUrna-768x512.jpg 768w, https:\/\/aeronet.news\/wp-content\/uploads\/VolebniUrna-700x467.jpg 700w, https:\/\/aeronet.news\/wp-content\/uploads\/VolebniUrna-536x357.jpg 536w, https:\/\/aeronet.news\/wp-content\/uploads\/VolebniUrna-725x483.jpg 725w\" alt=\"\" width=\"699\" height=\"466\" \/><\/a><figcaption class=\"wp-caption-text\">Voli\u010d vhazuje ob\u00e1lku se sv\u00fdm hlasem do volebn\u00ed urny<\/figcaption><\/figure>\n<p>A nez\u00e1le\u017e\u00ed na tom, jestli volebn\u00ed ob\u00e1lku pan Nov\u00e1k zalep\u00ed lepidlem, proto\u017ee z hlediska principu tajnosti voleb na tom nez\u00e1le\u017e\u00ed, jestli je ztoto\u017en\u011bn samotn\u00fd volebn\u00ed l\u00edstek, anebo volebn\u00ed ob\u00e1lka, ve kter\u00e9 je l\u00edstek zalepen. Z hlediska \u00fastavn\u00edho principu tajnosti \u010desk\u00fdch voleb by muselo doj\u00edt ke zm\u011bn\u011b principu voleb, kter\u00e9 by byly tajn\u00e9 jen pro lidi, kte\u0159\u00ed p\u0159ijdou k urn\u011b v den voleb hlasovat osobn\u011b a za plentou vypln\u00ed l\u00edstek a vlo\u017e\u00ed do ob\u00e1lky, zat\u00edmco pro lidi hlasuj\u00edc\u00ed koresponden\u010dn\u011b by princip tajnosti voleb ji\u017e z hlediska \u00fastavy garantovan\u00fd nebyl. P\u0159edstavte si, k \u010demu by to vedlo.<\/p>\n<p><strong>N\u011bkdo ze zam\u011bstnanc\u016f ambas\u00e1dy by\u00a0nakoukl do volebn\u00ed ob\u00e1lky zn\u00e1m\u00e9ho podnikatele, kter\u00fd zrovna je v zahrani\u010d\u00ed a rozhodl se pro koresponden\u010dn\u00ed volbu.<\/strong>\u00a0Zam\u011bstnanec ambas\u00e1dy by to potom prozradil n\u011bjak\u00e9mu \u010desk\u00e9mu novin\u00e1\u0159i, \u017ee tento zn\u00e1m\u00fd podnikatel hlasoval pro extr\u00e9mistickou a protimigra\u010dn\u00ed stranu. Novin\u00e1\u0159 by se odvolal na d\u016fv\u011brn\u00fd zdroj bez ur\u010den\u00ed m\u00edsta. Podnikatel by podal trestn\u00ed ozn\u00e1men\u00ed, a to bu\u010f za pomluvu, anebo za prozrazen\u00ed jeho volby.<\/p>\n<p>Vedlej\u0161\u00edm efektem by bylo, \u017ee by to podnikatelovi naru\u0161ilo jeho obchodn\u00ed aktivity, partne\u0159i by mu zru\u0161ili zak\u00e1zky, \u017ee hlasuje pro takovou stranu, a \u017ee je extr\u00e9mista a sympatizant s n\u011bjakou on\u00e1lepkovanou partaj\u00ed. Jin\u00fdmi slovy, pokud n\u011bkdo zavede koresponden\u010dn\u00ed volbu, tak dojde k naru\u0161en\u00ed principu utajen\u00ed voleb a je ot\u00e1zkou \u010dasu, kdy k tomu opravdu dojde.<\/p>\n<h6><span style=\"font-size: 18pt;\">Hrozba \u010d. 2 \u2013\u00a0<em>Family voting<\/em>\u00a0a k\u0161eftov\u00e1n\u00ed s koresponden\u010dn\u00edmi hlasy ve velk\u00e9m<\/span><\/h6>\n<p>Je jedno, do kolika ob\u00e1lek svoji hlasovac\u00ed ob\u00e1lku vlo\u017e\u00edte. Pokud bude v ob\u00e1lce registra\u010dn\u00ed \u0161t\u00edtek opr\u00e1vn\u011bn\u00e9ho voli\u010de, v tom okam\u017eiku je volebn\u00ed ob\u00e1lka ztoto\u017en\u011bna a je jen ot\u00e1zkou \u010dasu, kdy zv\u011bdavost n\u011bjak\u00e9ho \u00fa\u0159edn\u00edka zv\u00edt\u011bz\u00ed nad jeho zodpov\u011bdnost\u00ed. Uvid\u00ed t\u0159eba ob\u00e1lku od herce nebo zn\u00e1m\u00e9ho zp\u011bv\u00e1ka. To je tedy prvn\u00ed probl\u00e9m. Druh\u00fdm probl\u00e9mem je ovliv\u0148ov\u00e1n\u00ed voleb.<\/p>\n<p>P\u0159i koresponden\u010dn\u00ed volb\u011b re\u00e1ln\u011b hroz\u00ed efekt tzv. \u201c<em>family voting<\/em>\u201d jevu, kdy ostatn\u00ed \u010dlenov\u00e9 dom\u00e1cnosti p\u0159emlouvaj\u00ed voli\u010de, aby hlasoval jinak.\u00a0<strong>Koresponden\u010dn\u00ed hlasov\u00e1n\u00ed nav\u00edc otev\u00edr\u00e1 cestu k obchodov\u00e1n\u00ed s hlasy na internetu.<\/strong>\u00a0N\u00e1kup\u010d\u00ed hlas\u016f mohou vykupovat tyto volebn\u00ed l\u00edstky od lid\u00ed ve finan\u010dn\u00ed nouzi, ale t\u0159eba i od lid\u00ed, kte\u0159\u00ed nouzi nemaj\u00ed, ale cht\u011bj\u00ed si vyd\u011blat t\u0159eba 50 USD za jeden hlas a na hlasu jim nez\u00e1le\u017e\u00ed.<\/p>\n<figure id=\"attachment_48031\" class=\"wp-caption aligncenter\" style=\"width: 700px;\"><a href=\"https:\/\/aeronet.news\/wp-content\/uploads\/IgorMatovicLegendVyroky.jpg\"><img decoding=\"async\" loading=\"lazy\" class=\"wp-image-48031 \" src=\"https:\/\/aeronet.news\/wp-content\/uploads\/IgorMatovicLegendVyroky-1024x768.jpg\" sizes=\"(max-width: 700px) 100vw, 700px\" srcset=\"https:\/\/aeronet.news\/wp-content\/uploads\/IgorMatovicLegendVyroky-1024x768.jpg 1024w, https:\/\/aeronet.news\/wp-content\/uploads\/IgorMatovicLegendVyroky-300x225.jpg 300w, https:\/\/aeronet.news\/wp-content\/uploads\/IgorMatovicLegendVyroky-768x576.jpg 768w, https:\/\/aeronet.news\/wp-content\/uploads\/IgorMatovicLegendVyroky-700x525.jpg 700w, https:\/\/aeronet.news\/wp-content\/uploads\/IgorMatovicLegendVyroky-476x357.jpg 476w, https:\/\/aeronet.news\/wp-content\/uploads\/IgorMatovicLegendVyroky-644x483.jpg 644w, https:\/\/aeronet.news\/wp-content\/uploads\/IgorMatovicLegendVyroky.jpg 1280w\" alt=\"\" width=\"700\" height=\"525\" \/><\/a><figcaption class=\"wp-caption-text\">Nej\u010dast\u011bj\u0161\u00ed hl\u00e1\u0161ky b\u00fdval\u00e9ho premi\u00e9ra slovensk\u00e9 vl\u00e1dy, kter\u00fd na podzim minul\u00fd rok sliboval Rom\u016fm na v\u00fdchod\u011b Slovenska 500 EUR za to, kdy\u017e budou pro n\u011bj hlasovat<\/figcaption><\/figure>\n<p>Nen\u00ed to tak d\u00e1vno, kdy Igor Matovi\u010d, b\u00fdval\u00fd slovensk\u00fd premi\u00e9r, nab\u00edzel romsk\u00fdm voli\u010d\u016fm na v\u00fdchod\u011b Slovenska cel\u00fdch 500 EUR za to, kdy\u017e pro n\u011bj budou hlasovat a pokud se mu s jeho hnut\u00edm poda\u0159\u00ed vstoupit do vl\u00e1dy, kde potom vl\u00e1da Rom\u016fm t\u011bchto 500 EUR schv\u00e1l\u00ed. Tady by to fungovalo ve v\u011bt\u0161\u00edm. N\u00e1kup\u010d\u00ed spust\u00ed na internetu v\u00fdkupn\u00ed akci, \u017ee nakoup\u00ed volebn\u00ed l\u00edstky s ob\u00e1lkami za tolik a tolik pen\u011bz. Opr\u00e1vn\u011bn\u00fd voli\u010d, kter\u00fd volebn\u00ed l\u00edstky dostal dom\u016f od ambas\u00e1dy po\u0161tou s registra\u010dn\u00edm \u0161t\u00edtkem, ty l\u00edstky, \u0161t\u00edtek a ob\u00e1lky vezme a po\u0161le je v\u00fdkup\u010d\u00edmu.<\/p>\n<p>Ten vypln\u00ed ob\u00e1lky podle objedn\u00e1vky zadavatele, kter\u00fd si u n\u011bho v\u00fdkupn\u00ed kampa\u0148 na taj\u0148a\u010dku objednal. V\u00fdkup\u010d\u00ed potom ode\u0161le ob\u00e1lky po\u0161tou na ambas\u00e1du a tam nic nebudou tu\u0161it. Prost\u011b otev\u0159ou po\u0161tovn\u00ed ob\u00e1lky, vyjmou z nich volebn\u00ed ob\u00e1lky s registra\u010dn\u00edmi kartami, zkontroluj\u00ed je a volebn\u00ed ob\u00e1lky vhod\u00ed do urny. \u017de byly ob\u00e1lky vypln\u011bny v\u00fdkup\u010d\u00edm hlas\u016f, to se nikdo nedozv\u00ed.<\/p>\n<h6><span style=\"font-size: 18pt;\">Hrozba \u010d. 3 \u2013 Amerikanizace \u010desk\u00fdch voleb s vyu\u017eit\u00edm \u201cmrtv\u00fdch\u201d, ale jinak korektn\u011b registrovan\u00fdch du\u0161\u00ed<\/span><\/h6>\n<p>A t\u0159et\u00edm probl\u00e9mem je samoz\u0159ejm\u011b hlasov\u00e1n\u00ed mrtv\u00fdch du\u0161\u00ed. Tady nemluv\u00edme u\u017e o n\u011bjak\u00fdch v\u00fdkupech hlas\u016f zven\u010d\u00ed syst\u00e9mu, ale o manipulaci voleb zevnit\u0159. Nikdo toti\u017e p\u0159esn\u011b nev\u00ed, kolik \u010cech\u016f \u017eije v zahrani\u010d\u00ed. Pouze se to odhaduje.\u00a0<strong>V\u011bt\u0161ina odhad\u016f se klan\u00ed k n\u00e1zoru, \u017ee v cizin\u011b \u017eije p\u0159ibli\u017en\u011b p\u016fl milionu \u010cech\u016f [<a href=\"https:\/\/href.li\/?https:\/\/echo24.cz\/a\/iz6dw\/pul-milionu-cechu-v-zahranici-ma-smulu-volit-mohou-jen-obtizne\" target=\"_blank\" rel=\"nofollow noopener\">2<\/a>], ale objevuj\u00ed se i n\u00e1zory, \u017ee by jich mohlo b\u00fdt a\u017e 750 000.\u00a0<\/strong>V roce 2023 p\u0159i\u0161lo osobn\u011b na \u010desk\u00e9 ambas\u00e1dy k volb\u00e1m prezidenta necel\u00fdch 23 000 \u010cech\u016f\u00a0<strong>[<a href=\"https:\/\/href.li\/?https:\/\/ct24.ceskatelevize.cz\/clanek\/domaci\/ve-druhem-kole-v-cizine-volilo-o-sedm-tisic-lidi-vice-nez-v-prvnim-pavel-vyhral-vsude-11172\" target=\"_blank\" rel=\"nofollow noopener\">3<\/a>]<\/strong>. Kdyby se volilo d\u00e1lkov\u011b pomoc\u00ed po\u0161ty, bylo by voli\u010d\u016f n\u00e1sobn\u011b mnohem v\u00edc.<\/p>\n<p>Kdy\u017e se n\u011bkde najednou po spu\u0161t\u011bn\u00ed koresponden\u010dn\u00edch voleb objev\u00ed 100 nebo 200 tis\u00edc hlas\u016f, nep\u016fjde v podstat\u011b identifikovat, jestli jde opravdu o lidi, kte\u0159\u00ed se rozhodli poslat koresponden\u010dn\u00ed hlas, anebo n\u011bkdo prost\u011b zadal do po\u010d\u00edta\u010dov\u00e9ho syst\u00e9mu ambas\u00e1dy \u201cobjedn\u00e1vky\u201d na zasl\u00e1n\u00ed hlasovac\u00edch l\u00edstk\u016f um\u011ble, zevnit\u0159 syst\u00e9mu, a potom v den voleb je do volebn\u00edch uren na vybran\u00fdch ambas\u00e1d\u00e1ch z po\u0161tovn\u00edch pytl\u016f p\u0159isyp\u00e1no n\u011bkolik des\u00edtek nebo i stovek tis\u00edc hlas\u016f.<\/p>\n<figure id=\"attachment_43964\" class=\"wp-caption aligncenter\" style=\"width: 698px;\"><a href=\"https:\/\/aeronet.news\/wp-content\/uploads\/Bidenovka.jpeg\"><img decoding=\"async\" loading=\"lazy\" class=\"wp-image-43964 \" src=\"https:\/\/aeronet.news\/wp-content\/uploads\/Bidenovka-1024x506.jpeg\" sizes=\"(max-width: 700px) 100vw, 700px\" srcset=\"https:\/\/aeronet.news\/wp-content\/uploads\/Bidenovka-1024x506.jpeg 1024w, https:\/\/aeronet.news\/wp-content\/uploads\/Bidenovka-300x148.jpeg 300w, https:\/\/aeronet.news\/wp-content\/uploads\/Bidenovka-768x380.jpeg 768w, https:\/\/aeronet.news\/wp-content\/uploads\/Bidenovka-700x346.jpeg 700w, https:\/\/aeronet.news\/wp-content\/uploads\/Bidenovka-722x357.jpeg 722w, https:\/\/aeronet.news\/wp-content\/uploads\/Bidenovka-977x483.jpeg 977w, https:\/\/aeronet.news\/wp-content\/uploads\/Bidenovka.jpeg 1548w\" alt=\"\" width=\"698\" height=\"345\" \/><\/a><figcaption class=\"wp-caption-text\">Grafy zachycuj\u00edc\u00ed, jak se z pytl\u016f americk\u00e9 po\u0161ty p\u0159isyp\u00e1valy n\u00e1razov\u011b v \u010dase obrovsk\u00e9 objemy hlas\u016f pro Joea Bidena v Michiganu a ve Wisconsinu<\/figcaption><\/figure>\n<p>Tady te\u010f nemluv\u00edm o fal\u0161ov\u00e1n\u00ed voleb zven\u010d\u00ed, ale o manipulaci voleb, kter\u00e1 by mohla nastat zevnit\u0159 syst\u00e9mu a re\u017eimu, jako jsme vid\u011bli na unikl\u00fdch vide\u00edch z voleb americk\u00e9ho prezidenta v listopadu 2020.\u00a0<strong>\u017deny p\u0159itahovaly ke s\u010d\u00edtac\u00edm stol\u016fm po\u0161tovn\u00ed pytle narvan\u00e9 po\u0161tovn\u00edmi hlasovac\u00edmi ob\u00e1lkami, kter\u00e9 rozlepovaly, kontrolovaly jejich doru\u010dovac\u00ed karty a vhazovaly volebn\u00ed ob\u00e1lky do s\u010d\u00edtac\u00edch ko\u0161\u016f.<\/strong>\u00a0V\u0161echny po\u0161tovn\u00ed hlasy, bez v\u00fdjimky, jako z\u00e1zrakem, byly pro Joea Bidena, ve stovk\u00e1ch s\u010d\u00edtac\u00edch okrsk\u016f, v Pensylv\u00e1nii, v Ohiu, v Coloradu, v Michiganu, v Georgii, ve Wisconsinu. Ze statistick\u00e9ho hlediska to bylo vylou\u010den\u00e9, aby stovky procent hlas\u016f z pytl\u016f od po\u0161ty obsahovaly jen a jen hlasy pro Bidena.<\/p>\n<h6><span style=\"font-size: 18pt;\">Zas\u00edl\u00e1n\u00ed hlas\u016f po\u0161tou otev\u00edr\u00e1 bezb\u0159eh\u00fd prostor pro manipulov\u00e1n\u00ed voleb<\/span><\/h6>\n<p>Jen\u017ee, ten syst\u00e9m to za\u0159\u00eddil. Volby byly zmanipulov\u00e1ny zevnit\u0159 americk\u00e9ho volebn\u00edho syst\u00e9mu, na mrtv\u00e9 du\u0161e prost\u011b byly objedn\u00e1ny volebn\u00ed po\u0161tovn\u00ed l\u00edstky a ob\u00e1lky, informace byly zaneseny do syst\u00e9mu, a potom jen sta\u010dilo vyplnit l\u00edstky, vlo\u017eit je do ob\u00e1lek a hromadn\u011b odeslat po\u0161tou. Mnoho Ameri\u010dan\u016f se dokonce divilo, \u017ee kdy\u017e p\u0159i\u0161li hlasovat osobn\u011b, tak jim volebn\u00ed komise sd\u011blila, \u017ee u\u017e hlasovali po\u0161tou.<\/p>\n<p>Ani jeden z americk\u00fdch soud\u016f kv\u016fli tomu volby nezpochybnil a v\u00fdsledky voleb nezru\u0161il. Soudy se toti\u017e na tom spiknut\u00ed v roce 2020 proti Trumpovi spolupod\u00edlely. M\u016f\u017eeme se jenom dohadovat, kolik des\u00edtek tis\u00edc hlas\u016f by najednou po\u0161tou za\u010dalo p\u0159ich\u00e1zet na \u010desk\u00e9 ambas\u00e1dy a jak by \u010desk\u00e9 soudy st\u00ed\u017enosti zam\u00edtaly jednu podruh\u00e9 jako neopodstatn\u011bn\u00e9.<\/p>\n<figure id=\"attachment_44822\" class=\"wp-caption aligncenter\" style=\"width: 974px;\"><a href=\"https:\/\/aeronet.news\/wp-content\/uploads\/BidenPresidentHeadScratch.jpg\"><img decoding=\"async\" loading=\"lazy\" class=\"wp-image-44822 \" src=\"https:\/\/aeronet.news\/wp-content\/uploads\/BidenPresidentHeadScratch.jpg\" sizes=\"(max-width: 976px) 100vw, 976px\" srcset=\"https:\/\/aeronet.news\/wp-content\/uploads\/BidenPresidentHeadScratch.jpg 976w, https:\/\/aeronet.news\/wp-content\/uploads\/BidenPresidentHeadScratch-300x169.jpg 300w, https:\/\/aeronet.news\/wp-content\/uploads\/BidenPresidentHeadScratch-768x432.jpg 768w, https:\/\/aeronet.news\/wp-content\/uploads\/BidenPresidentHeadScratch-700x394.jpg 700w, https:\/\/aeronet.news\/wp-content\/uploads\/BidenPresidentHeadScratch-635x357.jpg 635w, https:\/\/aeronet.news\/wp-content\/uploads\/BidenPresidentHeadScratch-859x483.jpg 859w\" alt=\"\" width=\"974\" height=\"548\" \/><\/a><figcaption class=\"wp-caption-text\">Joe Biden se stal prezidentem jen d\u00edky koresponden\u010dn\u00edm hlas\u016fm<\/figcaption><\/figure>\n<p>Nen\u00ed divu, \u017ee P\u011btikoalice chce zav\u00e9st koresponden\u010dn\u00ed volby, proto\u017ee t\u011bmi se daj\u00ed\u00a0<em>o\u0161\u00e9fovat<\/em>\u00a0v\u00fdsledky voleb i v Americe, tak pro\u010d to nezav\u00e9st i v \u010cesku, ne? Anebo budeme za hlup\u00e1ky a budeme v\u011b\u0159it tomu, \u017ee nikdo ze zam\u011bstnanc\u016f ambas\u00e1d nebude nakukovat do volebn\u00edch ob\u00e1lek, a\u017e uvid\u00ed, \u017ee jde o ob\u00e1lku od zn\u00e1m\u00e9ho politika nebo od miliard\u00e1\u0159e, nebo jin\u00e9 z\u00e1jmov\u00e9 osoby, kterou je pot\u0159eba medi\u00e1ln\u011b zah\u00e1jit s v\u00fdsledkem? Nebo budeme v\u011b\u0159it, \u017ee re\u017eim nebude generovat des\u00edtky tis\u00edc voli\u010d\u016f z ciziny do syst\u00e9mu koresponden\u010dn\u00edch voleb a nebude jejich jm\u00e9nem a s\u00e1m sob\u011b si do voleb pos\u00edlat hlasy, jako jsme vid\u011bli v USA?<\/p>\n<h6><span style=\"font-size: 18pt;\">Pro\u010d Raku\u0161an zah\u00e1jil evakuaci z Fialovy pot\u00e1p\u011bj\u00edc\u00ed se lod\u011b?<\/span><\/h6>\n<p>Ano, m\u016f\u017eeme b\u00fdt tak naivn\u00ed. Ale konceptu\u00e1ln\u011b gramotn\u00ed lid\u00e9 v\u011bd\u00ed, k \u010demu to povede a co je \u00fa\u010delem. V \u010cesku u\u017e nikdo\u00a0<em>p\u011btikolku<\/em>\u00a0volit nebude, a jejich voli\u010di u\u017e v\u016fbec ne, kter\u00e9 podrazili ve volebn\u00edch slibech.\u00a0<strong>Proto V\u00edt Raku\u0161an nato\u010dil ten spot z fotbalov\u00e9 \u0161atny, proto\u017ee V\u00ed\u0165a u\u017e v\u00ed, \u017ee Fialova lo\u010f jde ke dnu a je pot\u0159eba se z n\u00ed co nejd\u0159\u00edve evakuovat.<\/strong>\u00a0Volby toti\u017e budou v \u010cR ji\u017e p\u0159\u00ed\u0161t\u00ed rok na podzim a ji\u017e letos budou volby do Evropsk\u00e9ho parlamentu. Raku\u0161an\u016fv STAN se proto sna\u017e\u00ed od Fialy odpojit a distancovat se od n\u011bj, proto\u017ee je nejvy\u0161\u0161\u00ed \u010das. Jen\u017ee, proto\u017ee to asi sta\u010dit nebude, je pot\u0159eba narychlo prosadit i koresponden\u010dn\u00ed volby.<\/p>\n<div class=\"twitter-tweet twitter-tweet-rendered\"><iframe id=\"twitter-widget-0\" class=\"\" title=\"X Post\" src=\"https:\/\/platform.twitter.com\/embed\/Tweet.html?dnt=true&amp;embedId=twitter-widget-0&amp;features=eyJ0ZndfdGltZWxpbmVfbGlzdCI6eyJidWNrZXQiOltdLCJ2ZXJzaW9uIjpudWxsfSwidGZ3X2ZvbGxvd2VyX2NvdW50X3N1bnNldCI6eyJidWNrZXQiOnRydWUsInZlcnNpb24iOm51bGx9LCJ0ZndfdHdlZXRfZWRpdF9iYWNrZW5kIjp7ImJ1Y2tldCI6Im9uIiwidmVyc2lvbiI6bnVsbH0sInRmd19yZWZzcmNfc2Vzc2lvbiI6eyJidWNrZXQiOiJvbiIsInZlcnNpb24iOm51bGx9LCJ0ZndfZm9zbnJfc29mdF9pbnRlcnZlbnRpb25zX2VuYWJsZWQiOnsiYnVja2V0Ijoib24iLCJ2ZXJzaW9uIjpudWxsfSwidGZ3X21peGVkX21lZGlhXzE1ODk3Ijp7ImJ1Y2tldCI6InRyZWF0bWVudCIsInZlcnNpb24iOm51bGx9LCJ0ZndfZXhwZXJpbWVudHNfY29va2llX2V4cGlyYXRpb24iOnsiYnVja2V0IjoxMjA5NjAwLCJ2ZXJzaW9uIjpudWxsfSwidGZ3X3Nob3dfYmlyZHdhdGNoX3Bpdm90c19lbmFibGVkIjp7ImJ1Y2tldCI6Im9uIiwidmVyc2lvbiI6bnVsbH0sInRmd19kdXBsaWNhdGVfc2NyaWJlc190b19zZXR0aW5ncyI6eyJidWNrZXQiOiJvbiIsInZlcnNpb24iOm51bGx9LCJ0ZndfdXNlX3Byb2ZpbGVfaW1hZ2Vfc2hhcGVfZW5hYmxlZCI6eyJidWNrZXQiOiJvbiIsInZlcnNpb24iOm51bGx9LCJ0ZndfdmlkZW9faGxzX2R5bmFtaWNfbWFuaWZlc3RzXzE1MDgyIjp7ImJ1Y2tldCI6InRydWVfYml0cmF0ZSIsInZlcnNpb24iOm51bGx9LCJ0ZndfbGVnYWN5X3RpbWVsaW5lX3N1bnNldCI6eyJidWNrZXQiOnRydWUsInZlcnNpb24iOm51bGx9LCJ0ZndfdHdlZXRfZWRpdF9mcm9udGVuZCI6eyJidWNrZXQiOiJvbiIsInZlcnNpb24iOm51bGx9fQ%3D%3D&amp;frame=false&amp;hideCard=false&amp;hideThread=false&amp;id=1746916923428728973&amp;lang=cs&amp;origin=https%3A%2F%2Faeronet.news%2Fpolitika-z-satny-snaha-vladni-petikoalice-o-novelu-volebniho-zakona-pro-zavedeni-korespondencnich-voleb-je-pokusem-o-preziti-v-zahranici-zije-pres-500-000-cechu%2F&amp;sessionId=22eb40ef45fc7d34491cb1a7c25dc2db176337aa&amp;theme=light&amp;widgetsVersion=2615f7e52b7e0%3A1702314776716&amp;width=550px\" frameborder=\"0\" scrolling=\"no\" allowfullscreen=\"allowfullscreen\" data-tweet-id=\"1746916923428728973\" data-mce-fragment=\"1\"><\/iframe><\/div>\n<p>&nbsp;<\/p>\n<p>Ty toti\u017e maj\u00ed zajistit hlasy pro liber\u00e1ly z ciziny, tedy hlasy od t\u011bch skute\u010dn\u00fdch voli\u010d\u016f, tak z\u0159ejm\u011b i od t\u011bch mrtv\u00fdch du\u0161\u00ed. Opozice nam\u00edt\u00e1, \u017ee zaveden\u00ed koresponden\u010dn\u00ed volby vy\u017eaduje \u00fastavn\u00ed v\u011bt\u0161inu ve sn\u011bmovn\u011b a souhlas 120 poslanc\u016f, proto\u017ee se jedn\u00e1 o zm\u011bnu organizace voleb. Vl\u00e1da tvrd\u00ed, \u017ee to sta\u010d\u00ed o\u0161et\u0159it b\u011b\u017en\u00fdm z\u00e1konem. O\u010dek\u00e1v\u00e1 se proto \u017ealoba k \u00dastavn\u00edmu soudu na postup vl\u00e1dy. \u00dastavn\u00ed soud by to ale mohl potvrdit a vnutit koresponden\u010dn\u00ed volby n\u00e1siln\u011b jako \u201c<em>lidsk\u00e9 pr\u00e1vo<\/em>\u201d ve smyslu podobn\u00e9ho judik\u00e1tu, jako jsme vid\u011bli v roce 2021 po rozhodnut\u00ed \u00daS sn\u00ed\u017eit kvorum pro vstup koalic do sn\u011bmovny. To byl z\u00e1sah, kter\u00fd ovlivnil v\u00fdsledek voleb a zabr\u00e1nil Babi\u0161ovi sestavit vl\u00e1du s podporou SPD, proto\u017ee judik\u00e1t siln\u011b pos\u00edlil mand\u00e1tov\u00e9 p\u0159erozd\u011blen\u00ed ve prosp\u011bch koalic.<\/p>\n<p><a href=\"https:\/\/aeronet.news\/politika-z-satny-snaha-vladni-petikoalice-o-novelu-volebniho-zakona-pro-zavedeni-korespondencnich-voleb-je-pokusem-o-preziti-v-zahranici-zije-pres-500-000-cechu\/\">-VK- \u0160\u00e9fredaktor AE News<\/a><\/p>\n<p>&nbsp;<\/p>\n<p><a href=\"https:\/\/stranapro.cz\/\"><img decoding=\"async\" loading=\"lazy\" class=\"wp-image-40286 aligncenter\" src=\"http:\/\/www.infokuryr.cz\/n\/wp-content\/uploads\/2023\/11\/12pro-300x87.png\" alt=\"\" width=\"921\" height=\"267\" srcset=\"https:\/\/www.infokuryr.cz\/n\/wp-content\/uploads\/2023\/11\/12pro-300x87.png 300w, https:\/\/www.infokuryr.cz\/n\/wp-content\/uploads\/2023\/11\/12pro.png 366w\" sizes=\"(max-width: 921px) 100vw, 921px\" \/><\/a><\/p>\n<p>&nbsp;<\/p>\n<p>&nbsp;<\/p>\n<p>&nbsp;<\/p>\n","protected":false},"excerpt":{"rendered":"<p>Politika z \u0161atny: Snaha vl\u00e1dn\u00ed P\u011btikoalice o novelu volebn\u00edho z\u00e1kona pro zaveden\u00ed koresponden\u010dn\u00edch voleb je&#8230;<\/p>\n","protected":false},"author":2,"featured_media":45005,"comment_status":"closed","ping_status":"closed","sticky":false,"template":"","format":"standard","meta":[],"categories":[6],"tags":[1042,1795,1032,27],"_links":{"self":[{"href":"https:\/\/www.infokuryr.cz\/n\/wp-json\/wp\/v2\/posts\/45004"}],"collection":[{"href":"https:\/\/www.infokuryr.cz\/n\/wp-json\/wp\/v2\/posts"}],"about":[{"href":"https:\/\/www.infokuryr.cz\/n\/wp-json\/wp\/v2\/types\/post"}],"author":[{"embeddable":true,"href":"https:\/\/www.infokuryr.cz\/n\/wp-json\/wp\/v2\/users\/2"}],"replies":[{"embeddable":true,"href":"https:\/\/www.infokuryr.cz\/n\/wp-json\/wp\/v2\/comments?post=45004"}],"version-history":[{"count":0,"href":"https:\/\/www.infokuryr.cz\/n\/wp-json\/wp\/v2\/posts\/45004\/revisions"}],"wp:featuredmedia":[{"embeddable":true,"href":"https:\/\/www.infokuryr.cz\/n\/wp-json\/wp\/v2\/media\/45005"}],"wp:attachment":[{"href":"https:\/\/www.infokuryr.cz\/n\/wp-json\/wp\/v2\/media?parent=45004"}],"wp:term":[{"taxonomy":"category","embeddable":true,"href":"https:\/\/www.infokuryr.cz\/n\/wp-json\/wp\/v2\/categories?post=45004"},{"taxonomy":"post_tag","embeddable":true,"href":"https:\/\/www.infokuryr.cz\/n\/wp-json\/wp\/v2\/tags?post=45004"}],"curies":[{"name":"wp","href":"https:\/\/api.w.org\/{rel}","templated":true}]}}