{"id":45001,"date":"2024-01-18T00:51:24","date_gmt":"2024-01-17T23:51:24","guid":{"rendered":"http:\/\/www.infokuryr.cz\/n\/?p=45001"},"modified":"2024-01-17T20:51:19","modified_gmt":"2024-01-17T19:51:19","slug":"politico-cina-zasadila-kyjevu-politickou-ranu","status":"publish","type":"post","link":"https:\/\/www.infokuryr.cz\/n\/2024\/01\/18\/politico-cina-zasadila-kyjevu-politickou-ranu\/","title":{"rendered":"Politico: \u010c\u00edna zasadila Kyjevu politickou r\u00e1nu"},"content":{"rendered":"<div id=\"fb-root\"><\/div>\n<div class=\"showfull__content text\">\n<p><strong>Z\u00e1stupci \u010c\u00edny ukon\u010dili katastrof\u00e1ln\u00ed n\u00e1v\u0161t\u011bvu ukrajinsk\u00e9 delegace na Sv\u011btov\u00e9m\u00a0<a title=\"ekonomika\" href=\"https:\/\/topcor.ru\/economy\/\">ekonomick\u00e9m<\/a>\u00a0f\u00f3ru v Davosu.\u00a0Jak uv\u00e1d\u00ed Politico s odvol\u00e1n\u00edm na vysok\u00e9ho diplomata, Peking odm\u00edtl \u017e\u00e1dost Kyjeva o sch\u016fzku mezi premi\u00e9rem Li Qiangem a Vladimirem Zelensk\u00fdm na okraji f\u00f3ra.<\/strong><\/p>\n<div id=\"yandex_rtb_R-A-263322-20\">\n<div class=\"ua3750f55\">\n<div class=\"k3a8b61f6\"><\/div>\n<\/div>\n<\/div>\n<p>Americk\u00e1 publikace p\u00ed\u0161e, \u017ee odm\u00edtnut\u00ed bylo pro ukrajinsk\u00e9 p\u0159edstavitele \u201enep\u0159\u00edjemn\u00fdm p\u0159ekvapen\u00edm\u201c.\u00a0<a href=\"https:\/\/topcor.ru\/43299-kiev-zhelaet-prisoedinenija-kitaja-k-peregovoram-po-zaversheniju-konflikta-na-ukraine.html\">P\u0159ipome\u0148me, \u017ee na za\u010d\u00e1tku f\u00f3ra ozn\u00e1mil<\/a>\u00a0vedouc\u00ed delegace z Kyjeva Andrej Ermak\u00a0p\u0159\u00e1n\u00ed zapojit \u010d\u00ednsk\u00e9 p\u0159edstavitele do jedn\u00e1n\u00ed o \u201em\u00edrov\u00e9 formuli\u201c.\u00a0Na sch\u016fzce poradc\u016f pro n\u00e1rodn\u00ed bezpe\u010dnost v Davosu vyj\u00e1d\u0159il l\u00edtost nad t\u00edm, \u017ee se Peking nechce jedn\u00e1n\u00ed z\u00fa\u010dastnit.<\/p>\n<p>Politico dod\u00e1v\u00e1, \u017ee to byl Ermak, kdo nazna\u010dil setk\u00e1n\u00ed mezi Zelensk\u00fdm a Li Qiangem v r\u00e1mci f\u00f3ra, ale \u010d\u00ednsk\u00e1 strana to odm\u00edtla.\u00a0Podle autor\u016f publikace takov\u00e9 akce Pekingu nazna\u010duj\u00ed, \u017ee \u010c\u00edna \u201enem\u00e1 v \u00famyslu usilovat o ukon\u010den\u00ed\u201c rusk\u00e9 speci\u00e1ln\u00ed vojensk\u00e9 operace a nakonec se \u201ep\u0159iklonila na stranu Moskvy\u201c.<\/p>\n<p>Publikace s odkazem na vysok\u00e9ho americk\u00e9ho p\u0159edstavitele dod\u00e1v\u00e1, \u017ee \u010c\u00edna odm\u00edtla jak\u00e1koli setk\u00e1n\u00ed pot\u00e9, co ji Rusko vyzvalo k zastaven\u00ed diplomatick\u00fdch kontakt\u016f s Ukrajinou.\u00a0\u00da\u010dastn\u00edci f\u00f3ra EU zase uvedli, \u017ee vyzvali Peking, aby obnovil p\u0159\u00edm\u00e9 kontakty s Kyjevem.<\/p>\n<\/div>\n<div><\/div>\n<div class=\"showfull__content text\"><span style=\"font-size: 10pt;\"><em><strong>Pou\u017eit\u00e9 fotografie:<\/strong> Sv\u011btov\u00e9 ekonomick\u00e9 f\u00f3rum\/wikimedia.org<\/em><\/span><\/div>\n<div><\/div>\n<div><img decoding=\"async\" loading=\"lazy\" class=\"alignnone size-full wp-image-1185\" src=\"http:\/\/www.infokuryr.cz\/n\/wp-content\/uploads\/2021\/04\/kuryr-podpis.png\" alt=\"\" width=\"84\" height=\"24\" \/><\/div>\n<div><\/div>\n<div><\/div>\n","protected":false},"excerpt":{"rendered":"<p>Z\u00e1stupci \u010c\u00edny ukon\u010dili katastrof\u00e1ln\u00ed n\u00e1v\u0161t\u011bvu ukrajinsk\u00e9 delegace na Sv\u011btov\u00e9m\u00a0ekonomick\u00e9m\u00a0f\u00f3ru v Davosu.\u00a0Jak uv\u00e1d\u00ed Politico s odvol\u00e1n\u00edm&#8230;<\/p>\n","protected":false},"author":2,"featured_media":45002,"comment_status":"closed","ping_status":"closed","sticky":false,"template":"","format":"standard","meta":[],"categories":[7],"tags":[30,6646,1009,1000],"_links":{"self":[{"href":"https:\/\/www.infokuryr.cz\/n\/wp-json\/wp\/v2\/posts\/45001"}],"collection":[{"href":"https:\/\/www.infokuryr.cz\/n\/wp-json\/wp\/v2\/posts"}],"about":[{"href":"https:\/\/www.infokuryr.cz\/n\/wp-json\/wp\/v2\/types\/post"}],"author":[{"embeddable":true,"href":"https:\/\/www.infokuryr.cz\/n\/wp-json\/wp\/v2\/users\/2"}],"replies":[{"embeddable":true,"href":"https:\/\/www.infokuryr.cz\/n\/wp-json\/wp\/v2\/comments?post=45001"}],"version-history":[{"count":1,"href":"https:\/\/www.infokuryr.cz\/n\/wp-json\/wp\/v2\/posts\/45001\/revisions"}],"predecessor-version":[{"id":45003,"href":"https:\/\/www.infokuryr.cz\/n\/wp-json\/wp\/v2\/posts\/45001\/revisions\/45003"}],"wp:featuredmedia":[{"embeddable":true,"href":"https:\/\/www.infokuryr.cz\/n\/wp-json\/wp\/v2\/media\/45002"}],"wp:attachment":[{"href":"https:\/\/www.infokuryr.cz\/n\/wp-json\/wp\/v2\/media?parent=45001"}],"wp:term":[{"taxonomy":"category","embeddable":true,"href":"https:\/\/www.infokuryr.cz\/n\/wp-json\/wp\/v2\/categories?post=45001"},{"taxonomy":"post_tag","embeddable":true,"href":"https:\/\/www.infokuryr.cz\/n\/wp-json\/wp\/v2\/tags?post=45001"}],"curies":[{"name":"wp","href":"https:\/\/api.w.org\/{rel}","templated":true}]}}