{"id":44993,"date":"2024-01-18T00:38:23","date_gmt":"2024-01-17T23:38:23","guid":{"rendered":"http:\/\/www.infokuryr.cz\/n\/?p=44993"},"modified":"2024-01-17T20:24:35","modified_gmt":"2024-01-17T19:24:35","slug":"jindrich-kulhavy-petikoalice-se-zacina-probouzet","status":"publish","type":"post","link":"https:\/\/www.infokuryr.cz\/n\/2024\/01\/18\/jindrich-kulhavy-petikoalice-se-zacina-probouzet\/","title":{"rendered":"Jind\u0159ich Kulhav\u00fd: P\u011btikoalice se za\u010d\u00edn\u00e1 probouzet?"},"content":{"rendered":"<div id=\"fb-root\"><\/div>\n<p><span class=\"anotation\">Idylka ve vl\u00e1dn\u00ed koalici dost\u00e1v\u00e1 trhliny. Fiala u\u017e se nezd\u00e1 n\u00e1rodu dokonal\u00fdm l\u00eddrem a jeho \u00faprky z\u00a0reality do Afriky \u010di Indie p\u0159ipom\u00ednaj\u00ed hru na schov\u00e1vanou. Naprosto nesmysln\u00e9 cesty premi\u00e9ra do m\u00edst, kde \u010ceskou republiku neznaj\u00ed ani z\u00a0doslechu, maj\u00ed n\u00e1rod p\u0159esv\u011bd\u010dovat o diplomatick\u00fdch schopnostech brn\u011bnsk\u00e9ho politologa. N\u00e1s v\u0161ak sp\u00ed\u0161e ne\u017e jeho rukod\u011bln\u00fd um v\u00a0d\u00edln\u00e1ch indick\u00fdch \u0159emesln\u00edk\u016f zaj\u00edm\u00e1 vnitroekonomick\u00e1 situace na\u0161\u00ed zem\u011b.<\/span><\/p>\n<div id=\"pagetext\">\n<p>\u00a0 Po volb\u00e1ch v\u00a0Holandsku a na Slovensku, kde liber\u00e1lov\u00e9 dostali na frak, se bou\u0159\u00ed N\u011bmecko a nespokojenost se sm\u011b\u0159ov\u00e1n\u00edm zem\u011b pod vl\u00e1dou Olafa Scholze je zjevn\u00e1. Tak\u00e9 v\u00a0Polsku po volb\u00e1ch, kdy sice vyhr\u00e1la dosavadn\u00ed PiS, do\u0161lo podobn\u011b jako u n\u00e1s ke spojen\u00ed opozice a moci se jal eurohujer Donald Tusk. Sta\u010dilo p\u00e1r t\u00fddn\u016f, n\u011bkolik z\u00e1sadn\u00edch ud\u00e1lost\u00ed, jako bylo zat\u00fdk\u00e1n\u00ed dvou poslanc\u016f PiS a p\u0159evzet\u00ed veden\u00ed v\u00a0m\u00e9di\u00edch, ulice a n\u00e1m\u011bst\u00ed v\u00a0Polsku se ihned zaplnila protivl\u00e1dn\u00edmi demonstranty, kter\u00fdch opravdu nebylo m\u00e1lo. P\u0159idejme ne\u00fasp\u011b\u0161nou ofenz\u00edvu ukrajinsk\u00e9 arm\u00e1dy, kter\u00e1 u\u017e p\u0159ech\u00e1z\u00ed na partyz\u00e1nsk\u00fd \u010di z\u00e1\u0161kodnick\u00fd druh boje, \u00fato\u010d\u00ed i na civiln\u00ed obyvatele a \u0159\u00edk\u00e1 si o velk\u00fd pr\u016f\u0161vih v\u00a0podob\u011b rusk\u00e9 ztr\u00e1ty trp\u011blivosti ohleduplnosti v\u016f\u010di ukrajinsk\u00fdm ob\u010dan\u016fm, co\u017e m\u016f\u017ee zm\u011bnit dosavadn\u00ed pr\u016fb\u011bh. Nav\u00edc lze vn\u00edmat jistou hysterii z\u00a0postsov\u011btsk\u00fdch pobaltsk\u00fdch republik, kter\u00e9 se c\u00edt\u00ed b\u00fdt ohro\u017eeny strategi\u00ed Bundeswehru po\u010d\u00edtaj\u00edc\u00ed p\u0159i vyvol\u00e1n\u00ed otev\u0159en\u00e9ho konfliktu mezi NATO, Ruskem a jeho v\u011brn\u00fdm souputn\u00edkem B\u011bloruskem se ztr\u00e1tami pr\u00e1v\u011b v\u00a0oblasti Pobalt\u00ed. D\u00e1 se tedy \u0159\u00edct, \u017ee sebedestruktivn\u00ed evropsk\u00fd liberalismus za\u010d\u00edn\u00e1 poci\u0165ovat n\u00e1sledky, kter\u00e9 umoc\u0148uje nav\u00edc Green Deal a zelenorud\u00e9 \u0161\u00edlenstv\u00ed postihuj\u00edc\u00ed p\u0159edev\u0161\u00edm mladou generaci.<\/p>\n<p><a href=\"https:\/\/stranapro.cz\/\"><img decoding=\"async\" loading=\"lazy\" class=\"alignnone  wp-image-40285 aligncenter\" src=\"http:\/\/www.infokuryr.cz\/n\/wp-content\/uploads\/2023\/11\/11pro-300x79.png\" alt=\"\" width=\"524\" height=\"138\" srcset=\"https:\/\/www.infokuryr.cz\/n\/wp-content\/uploads\/2023\/11\/11pro-300x79.png 300w, https:\/\/www.infokuryr.cz\/n\/wp-content\/uploads\/2023\/11\/11pro.png 363w\" sizes=\"(max-width: 524px) 100vw, 524px\" \/><\/a><\/p>\n<p>U n\u00e1s je nejhor\u0161\u00ed ekonomick\u00e1 situace od\u2026, odkdy vlastn\u011b? Socialismus je t\u011b\u017ek\u00e9 z\u00a0tohoto pohledu posuzovat, nicm\u00e9n\u011b po jeho konci tu toho z\u016fstalo skute\u010dn\u011b hodn\u011b a sta\u010dilo to na minim\u00e1ln\u011b dvacet let drsn\u00e9ho rozkr\u00e1d\u00e1n\u00ed. P\u011btikoalice u\u017e jen pab\u011brkuje a sv\u016fj blahobyt si zaji\u0161\u0165uje navy\u0161ov\u00e1n\u00edm dan\u00ed, p\u016fj\u010dov\u00e1n\u00edm si pen\u011bz a kouzly s\u00a0\u010d\u00edsly. 100 miliard sem, 100 tam, prost\u011b schodek je pl\u00e1novan\u00fd a zbytek se za\u0161moul\u00ed tak, \u017ee se do n\u011bj nezapo\u010d\u00edt\u00e1, by\u0165 je jeho n\u00e1r\u016fst re\u00e1ln\u00fd a\u017e o 30%. Kritik\u016f se u\u017e oz\u00fdv\u00e1 p\u0159\u00edli\u0161 mnoho a i pomalej\u0161\u00edm p\u0159edstavitel\u016fm P\u011btikoalice doch\u00e1z\u00ed, \u017ee lidem doch\u00e1z\u00ed zlo\u010dinnost chov\u00e1n\u00ed vl\u00e1dn\u00ed kliky. Pekarov\u00e1 Adamov\u00e1 hovo\u0159\u00ed o tom, \u017ee mo\u017en\u00e1 p\u00e1r voli\u010d\u016f i ob\u010dan\u016f koalice zklamala a bude t\u0159eba je p\u0159esv\u011bd\u010dit o spr\u00e1vn\u00e9 a P\u011btikolkou nastoupen\u00e9 cest\u011b. Moc j\u00ed nepom\u00e1h\u00e1 ani okolnost, kdy odp\u00e1lkovala Kalouska uch\u00e1zej\u00edc\u00edho se o pozici na kandid\u00e1tce do eurovoleb, kter\u00fd je nav\u00edc schopen z\u00a0Topky odv\u00e9st \u0159adu st\u00e1vaj\u00edc\u00edch \u010dlen\u016f do j\u00edm p\u0159\u00edpadn\u011b zalo\u017een\u00e9ho nov\u00e9ho politick\u00e9ho subjektu. Raku\u0161an ze STAN zase ve sportovn\u00ed \u0161atn\u011b vyz\u00fdv\u00e1 k\u00a0ukon\u010den\u00ed tvo\u0159en\u00ed kompromis\u016f a na dotaz ,,spoluhr\u00e1\u010de\u201c, zda li mu to \u0159ekl (my\u0161len Fiala) odpov\u00edd\u00e1, \u017ee to ud\u011bl\u00e1. Raku\u0161an rozhodn\u011b nepat\u0159\u00ed mezi lidi s\u00a0uk\u00e1zkovou mor\u00e1lkou. Je\u0161t\u011b ned\u00e1vno chv\u00e1lil Fialu jako nejlep\u0161\u00edho mo\u017en\u00e9ho \u010dlov\u011bka v\u00a0\u010dele st\u00e1tu, ale bl\u00ed\u017e\u00edc\u00ed se volby a evidentn\u00ed ne\u00fasp\u011bchy vl\u00e1dn\u00ed koalice z\u00a0n\u011bj mo\u017en\u00e1 ud\u011blaj\u00ed odpadl\u00edka. Bli\u017e\u0161\u00ed ko\u0161ile ne\u017e kab\u00e1t. Nav\u00edc volebn\u00ed pr\u016fzkumy STANu moc nev\u011b\u0159\u00ed.<\/p>\n<p>Stranick\u00fd tr\u016fn pod ministrem pr\u00e1ce a soci\u00e1ln\u00edch v\u011bc\u00ed Jure\u010dkou se tak\u00e9 zat\u0159\u00e1sl a mizern\u00e9 p\u0159edvolebn\u00ed preference lidovc\u016f jsou pro \u010dleny strany alarmuj\u00edc\u00ed. \u010c\u00e1st strany se bou\u0159\u00ed, a nen\u00ed to jen kv\u016fli ml\u017een\u00ed kolem mejdanu na ministerstvu prob\u00edhaj\u00edc\u00edm ve chv\u00edl\u00edch st\u0159elby na univerzit\u011b. M\u016f\u017eeme o\u010dek\u00e1vat mal\u00e9 zem\u011bt\u0159esen\u00ed, na jeho\u017e konci by mohlo b\u00fdt p\u0159ehodnocen\u00ed vhodnosti pokra\u010dov\u00e1n\u00ed projektu Spolu. \u00a0Pir\u00e1tsk\u00fd sjezd tak\u00e9 zrovna nep\u0159esv\u011bd\u010duje o soudr\u017enosti P\u011btikoalice a samotn\u00ed Pir\u00e1ti vn\u00edmaj\u00ed p\u0159ede\u0161l\u00e9 veden\u00ed jako m\u00e1lo radik\u00e1ln\u00ed. Barto\u0161 sice pozici p\u0159edsedy strany uh\u00e1jil, nicm\u00e9n\u011b v\u00a0z\u00e1dech m\u00e1 m\u00edstop\u0159edsednickou \u017eenskou suitu, kter\u00e1 mu vyt\u00fdk\u00e1, \u017ee nen\u00ed p\u0159\u00edli\u0161 ve vl\u00e1d\u011b a na ve\u0159ejnosti vid\u011bt. M\u011bl by b\u00fdt opozic\u00ed uvnit\u0159 vl\u00e1dn\u00ed koalice. To bude sice p\u0159i mno\u017estv\u00ed pir\u00e1tsk\u00fdch poslanc\u016f a ministr\u016f slo\u017eit\u011bj\u0161\u00ed a t\u011b\u017eko p\u0159edstaviteln\u00e9, ale rozkladu zevnit\u0159 by to pomoct mohlo. Nav\u00edc Pir\u00e1ti se STAN u\u017e do voleb nep\u016fjdou, co\u017e je mil\u00e9 zji\u0161t\u011bn\u00ed.<\/p>\n<p>Ani m\u00e9dia u\u017e nejsou \u00fapln\u011b tolerantn\u00ed ke v\u0161emu, co se vl\u00e1dn\u00ed koalici d\u011bje. \u00a0ODS sice nad\u00e1le udr\u017euje vedouc\u00ed pozici, ale bly\u0161tiv\u00fd P\u00e9\u0165a popularitou zrovna neopl\u00fdv\u00e1. A to se v\u00a0ODS neodpou\u0161t\u00ed. Nav\u00edc t\u011bch pr\u016f\u0161vih\u016f a l\u017e\u00ed je tolik, \u017ee se nadaj\u00ed p\u0159ehl\u00ed\u017eet. Ani \u00faprk do Indie tomu nijak nepom\u00e1h\u00e1. Je tedy ot\u00e1zkou, pro\u010d \u010ce\u0161i nen\u00e1sleduj\u00ed Pol\u00e1ky a N\u011bmce, Slov\u00e1ky, Ma\u010fary i Holan\u010fany a nejdou si pro vynucenou zm\u011bnu. Jsme natolik l\u00edn\u00ed, tolerantn\u00ed nebo hloup\u00ed? Nebo m\u00e1me unik\u00e1tn\u00ed trp\u011blivost a nech\u00e1me na sob\u011b \u0161t\u00edpat d\u0159\u00edv\u00ed?<\/p>\n<p><a href=\"https:\/\/www.inadhled.live\/zajimavosti\/petikoalice-se-zacina-probouzet-\/\">Jind\u0159ich Kulhav\u00fd<\/a><\/p>\n<p><img decoding=\"async\" loading=\"lazy\" class=\"alignnone size-medium wp-image-22653\" src=\"http:\/\/www.infokuryr.cz\/n\/wp-content\/uploads\/2023\/02\/jindra-kulhavy-221x300.jpg\" alt=\"\" width=\"221\" height=\"300\" srcset=\"https:\/\/www.infokuryr.cz\/n\/wp-content\/uploads\/2023\/02\/jindra-kulhavy-221x300.jpg 221w, https:\/\/www.infokuryr.cz\/n\/wp-content\/uploads\/2023\/02\/jindra-kulhavy.jpg 311w\" sizes=\"(max-width: 221px) 100vw, 221px\" \/><\/p>\n<p>&nbsp;<\/p>\n<\/div>\n","protected":false},"excerpt":{"rendered":"<p>Idylka ve vl\u00e1dn\u00ed koalici dost\u00e1v\u00e1 trhliny. Fiala u\u017e se nezd\u00e1 n\u00e1rodu dokonal\u00fdm l\u00eddrem a jeho&#8230;<\/p>\n","protected":false},"author":2,"featured_media":44994,"comment_status":"closed","ping_status":"closed","sticky":false,"template":"","format":"standard","meta":[],"categories":[6],"tags":[59,29,371,2585,99],"_links":{"self":[{"href":"https:\/\/www.infokuryr.cz\/n\/wp-json\/wp\/v2\/posts\/44993"}],"collection":[{"href":"https:\/\/www.infokuryr.cz\/n\/wp-json\/wp\/v2\/posts"}],"about":[{"href":"https:\/\/www.infokuryr.cz\/n\/wp-json\/wp\/v2\/types\/post"}],"author":[{"embeddable":true,"href":"https:\/\/www.infokuryr.cz\/n\/wp-json\/wp\/v2\/users\/2"}],"replies":[{"embeddable":true,"href":"https:\/\/www.infokuryr.cz\/n\/wp-json\/wp\/v2\/comments?post=44993"}],"version-history":[{"count":0,"href":"https:\/\/www.infokuryr.cz\/n\/wp-json\/wp\/v2\/posts\/44993\/revisions"}],"wp:featuredmedia":[{"embeddable":true,"href":"https:\/\/www.infokuryr.cz\/n\/wp-json\/wp\/v2\/media\/44994"}],"wp:attachment":[{"href":"https:\/\/www.infokuryr.cz\/n\/wp-json\/wp\/v2\/media?parent=44993"}],"wp:term":[{"taxonomy":"category","embeddable":true,"href":"https:\/\/www.infokuryr.cz\/n\/wp-json\/wp\/v2\/categories?post=44993"},{"taxonomy":"post_tag","embeddable":true,"href":"https:\/\/www.infokuryr.cz\/n\/wp-json\/wp\/v2\/tags?post=44993"}],"curies":[{"name":"wp","href":"https:\/\/api.w.org\/{rel}","templated":true}]}}