{"id":44990,"date":"2024-01-18T00:30:22","date_gmt":"2024-01-17T23:30:22","guid":{"rendered":"http:\/\/www.infokuryr.cz\/n\/?p=44990"},"modified":"2024-01-17T20:19:34","modified_gmt":"2024-01-17T19:19:34","slug":"ekonomicky-vyklad-k-chceme-aby-o-euro-rozhodli-lide-v-referendu-rika-strana-pro","status":"publish","type":"post","link":"https:\/\/www.infokuryr.cz\/n\/2024\/01\/18\/ekonomicky-vyklad-k-chceme-aby-o-euro-rozhodli-lide-v-referendu-rika-strana-pro\/","title":{"rendered":"Ekonomick\u00fd v\u00fdklad k: Chceme, aby o EURO rozhodli lid\u00e9 v referendu, \u0159\u00edk\u00e1 strana PRO"},"content":{"rendered":"<div id=\"fb-root\"><\/div>\n<p><span style=\"font-size: 18pt;\"><strong>Praha \u2013 Strana Pr\u00e1vo Respekt Odbornost (PRO) na p\u016fd\u011b poslaneck\u00e9 sn\u011bmovny, nyn\u00ed projednala dal\u0161\u00ed dv\u011b petice.<\/strong><\/span><\/p>\n<p class=\"x11i5rnm xat24cr x1mh8g0r x1vvkbs xtlvy1s x126k92a\">Jeliko\u017e se poda\u0159ilo sesb\u00edrat z\u00e1konem stanoven\u00fd po\u010det podpis\u016f, bylo mo\u017en\u00e9 tyto peti\u010dn\u00ed v\u00fdzvy p\u0159edat k projedn\u00e1n\u00ed do Poslaneck\u00e9 sn\u011bmovny.Prost\u0159ednictv\u00edm sv\u00e9ho peti\u010dn\u00edho v\u00fdboru byly petenti vyzv\u00e1n\u00ed k okomentov\u00e1n\u00ed jednotliv\u00fdch peti\u010dn\u00edch po\u017eadavk\u016f.<\/p>\n<p>\u201eNen\u00ed tajemstv\u00edm, \u017ee v p\u011btikoalici to v\u0159e p\u0159i diskuzi o mo\u017en\u00e9m p\u0159ijet\u00ed eura. Samoz\u0159ejm\u011b Pir\u00e1ti, TOPka a Starostov\u00e9 jsou pro zah\u00e1jen\u00ed diskuze o term\u00ednu p\u0159ijet\u00ed evropsk\u00e9 m\u011bny, a to doslova za ka\u017edou cenu,\u201c uvedl m\u00edstop\u0159edseda PRO Marek Zeman.<\/p>\n<p dir=\"auto\"><span style=\"font-size: 18pt;\"><strong>\u201eP\u0159ijet\u00ed EUR je h\u0159eb\u00edkem do rakve na\u0161ich ve\u0159ejn\u00fdch financ\u00ed,\u201c poznamenala p\u0159edsedkyn\u011b kontroln\u00ed komise strany PRO Ivana Turkov\u00e1.<\/strong><\/span><\/p>\n<p><iframe loading=\"lazy\" title=\"P\u0159ijet\u00ed EUR h\u0159eb\u00edkem do rakve na\u0161ich ve\u0159ejn\u00fdch financ\u00ed\" width=\"640\" height=\"360\" src=\"https:\/\/www.youtube.com\/embed\/qaaKnc2oS84?feature=oembed\" frameborder=\"0\" allow=\"accelerometer; autoplay; clipboard-write; encrypted-media; gyroscope; picture-in-picture; web-share\" allowfullscreen><\/iframe><\/p>\n<div class=\"x11i5rnm xat24cr x1mh8g0r x1vvkbs xtlvy1s x126k92a\">\n<div dir=\"auto\"><\/div>\n<div dir=\"auto\">\u201ePodobn\u00e9 referendum uspo\u0159\u00e1dalo \u0160v\u00e9dsko v roce 2003, kdy pot\u00e9, co v\u011bt\u0161ina ob\u010dan\u016f odm\u00edtla vstup do euroz\u00f3ny, z\u016fstala tato zem\u011b trvale u vlastn\u00ed \u0161v\u00e9dsk\u00e9 koruny. Nastal \u010das, kdy pasivn\u00ed st\u011b\u017eov\u00e1n\u00ed a v\u011b\u010dn\u00e9 nad\u00e1v\u00e1n\u00ed mus\u00ed vyst\u0159\u00eddat aktivn\u00ed odpor proti devastaci na\u0161\u00ed zem\u011b. Nez\u016fst\u00e1vejme pozadu a poj\u010fme se p\u0159idat,\u201c uvedl p\u0159edseda PRO Jind\u0159ich Rajchl.<\/div>\n<\/div>\n<p dir=\"auto\">Strana PRO se aktivn\u011b stav\u00ed za z\u00e1jmy ob\u010dan\u016f \u010cesk\u00e9 republiky i dal\u0161\u00edmi peticemi a konkr\u00e9tn\u00edmi skutky, kter\u00e9 jsou ve form\u00e1ch podpory protestn\u00edch shrom\u00e1\u017ed\u011bn\u00ed v Praze na V\u00e1clavsk\u00e9m n\u00e1m\u011bst\u00ed, kde pl\u00e1nuje v b\u0159eznu leto\u0161n\u00edho roku dal\u0161\u00ed demonstraci, kter\u00e1 m\u00e1 b\u00fdt podle slov Rajchla sestavena na z\u00e1klad\u011b ankety podle po\u017eadavk\u016f ob\u010dan\u016f.<\/p>\n<div dir=\"auto\">\n<p dir=\"auto\">Na tiskov\u00e9 konferenci politici z PRO uvedli, jak\u00e9 kroky podnikne strana Pr\u00e1vo Respekt Odbornost k vyhl\u00e1\u0161en\u00ed referenda o p\u0159ijet\u00ed spole\u010dn\u00e9 evropsk\u00e9 m\u011bny Euro a vytvo\u0159it p\u0159\u00edle\u017eitost pro ty, je\u017e maj\u00ed z\u00e1jem dozv\u011bd\u011bt se v\u00edce o z\u00e1m\u011brech a argumentech strany.<\/p>\n<p dir=\"auto\">\n<\/div>\n<p dir=\"auto\"><a href=\"https:\/\/stranapro.cz\/\"><img decoding=\"async\" loading=\"lazy\" class=\"wp-image-40286 aligncenter\" src=\"http:\/\/www.infokuryr.cz\/n\/wp-content\/uploads\/2023\/11\/12pro-300x87.png\" alt=\"\" width=\"983\" height=\"285\" srcset=\"https:\/\/www.infokuryr.cz\/n\/wp-content\/uploads\/2023\/11\/12pro-300x87.png 300w, https:\/\/www.infokuryr.cz\/n\/wp-content\/uploads\/2023\/11\/12pro.png 366w\" sizes=\"(max-width: 983px) 100vw, 983px\" \/><\/a><\/p>\n<div dir=\"auto\">\n<p dir=\"auto\"><img decoding=\"async\" loading=\"lazy\" class=\"alignnone size-full wp-image-1185\" src=\"http:\/\/www.infokuryr.cz\/n\/wp-content\/uploads\/2021\/04\/kuryr-podpis.png\" alt=\"\" width=\"84\" height=\"24\" \/><\/p>\n<\/div>\n","protected":false},"excerpt":{"rendered":"<p>Praha \u2013 Strana Pr\u00e1vo Respekt Odbornost (PRO) na p\u016fd\u011b poslaneck\u00e9 sn\u011bmovny, nyn\u00ed projednala dal\u0161\u00ed dv\u011b&#8230;<\/p>\n","protected":false},"author":2,"featured_media":28622,"comment_status":"closed","ping_status":"closed","sticky":false,"template":"","format":"standard","meta":[],"categories":[6],"tags":[1042,29,2663,5031,889],"_links":{"self":[{"href":"https:\/\/www.infokuryr.cz\/n\/wp-json\/wp\/v2\/posts\/44990"}],"collection":[{"href":"https:\/\/www.infokuryr.cz\/n\/wp-json\/wp\/v2\/posts"}],"about":[{"href":"https:\/\/www.infokuryr.cz\/n\/wp-json\/wp\/v2\/types\/post"}],"author":[{"embeddable":true,"href":"https:\/\/www.infokuryr.cz\/n\/wp-json\/wp\/v2\/users\/2"}],"replies":[{"embeddable":true,"href":"https:\/\/www.infokuryr.cz\/n\/wp-json\/wp\/v2\/comments?post=44990"}],"version-history":[{"count":1,"href":"https:\/\/www.infokuryr.cz\/n\/wp-json\/wp\/v2\/posts\/44990\/revisions"}],"predecessor-version":[{"id":44991,"href":"https:\/\/www.infokuryr.cz\/n\/wp-json\/wp\/v2\/posts\/44990\/revisions\/44991"}],"wp:featuredmedia":[{"embeddable":true,"href":"https:\/\/www.infokuryr.cz\/n\/wp-json\/wp\/v2\/media\/28622"}],"wp:attachment":[{"href":"https:\/\/www.infokuryr.cz\/n\/wp-json\/wp\/v2\/media?parent=44990"}],"wp:term":[{"taxonomy":"category","embeddable":true,"href":"https:\/\/www.infokuryr.cz\/n\/wp-json\/wp\/v2\/categories?post=44990"},{"taxonomy":"post_tag","embeddable":true,"href":"https:\/\/www.infokuryr.cz\/n\/wp-json\/wp\/v2\/tags?post=44990"}],"curies":[{"name":"wp","href":"https:\/\/api.w.org\/{rel}","templated":true}]}}