{"id":4499,"date":"2021-09-03T03:09:51","date_gmt":"2021-09-03T01:09:51","guid":{"rendered":"http:\/\/www.infokuryr.cz\/n\/?p=4499"},"modified":"2021-09-03T03:09:51","modified_gmt":"2021-09-03T01:09:51","slug":"ziska-assange-nobelovu-cenu-snowden-zhodnotil-situaci","status":"publish","type":"post","link":"https:\/\/www.infokuryr.cz\/n\/2021\/09\/03\/ziska-assange-nobelovu-cenu-snowden-zhodnotil-situaci\/","title":{"rendered":"Z\u00edsk\u00e1 Assange Nobelovu cenu? Snowden zhodnotil situaci"},"content":{"rendered":"<div id=\"fb-root\"><\/div>\n<p><strong>B\u00fdval\u00fd pracovn\u00edk americk\u00fdch zpravodajsk\u00fdch slu\u017eeb Edward Snowden si je jist\u00fd, \u017ee ani on, ani zakladatel WikiLeaks Julian Assange nedostanou Nobelovu cenu m\u00edru, na kterou jsou nominov\u00e1ni.<\/strong><\/p>\n<p>\u201e<em>To se nikdy nestane, nikdo mi cenu\u00a0<strong>neud\u011bl\u00ed<\/strong>. Mysl\u00edm si, \u017ee lid\u00e9 jako\u00a0Julian Assange, kte\u0159\u00ed jsou ochotni podstoupit takov\u00e1 rizika, jak\u00e9 on podstoupil kv\u016fli ur\u010dit\u00e9mu c\u00edli, to ned\u011blaj\u00ed kv\u016fli ocen\u011bn\u00edm, oni to d\u011blaj\u00ed kv\u016fli ur\u010dit\u00e9mu c\u00edli<\/em>,\u201c uvedl Snowdem b\u011bhem vzd\u011bl\u00e1vac\u00edho maratonu Novoje Znanije, kdy\u017e odpov\u00eddal na dotaz, jak vid\u00ed sv\u00e9 \u0161ance na z\u00edsk\u00e1n\u00ed Nobelovy ceny.<\/p>\n<p>Vzd\u011bl\u00e1vac\u00ed maraton Novoje Znanije se kon\u00e1 v Moskv\u011b, Petrohrad\u011b, So\u010di, Ni\u017en\u00edm Novgorodu, Tatarst\u00e1nu a Vladivostoku od 1. do 3. z\u00e1\u0159\u00ed.<\/p>\n<p>V lednu m\u00e9dia\u00a0informovala, \u017ee nositelka Nobelovy ceny za m\u00edr Mairead Maguireov\u00e1 (Corriganov\u00e1) ve sv\u00e9m dopise pro Nobel\u016fv v\u00fdbor na toto ocen\u011bn\u00ed nominovala Juliana Assangeho, Edwarda Snowdena a Chelsea Manningovou.<\/p>\n<p>\u201eV\u0161ichni t\u0159i ji\u017e byli nominov\u00e1ni na Nobelovu cenu za m\u00edr, ale ani jeden z nich ji doposud nez\u00edskal. D\u016fvody, pro\u010d je navrhuji spole\u010dn\u011b, jsou jednoduch\u00e9. Ka\u017ed\u00fd s\u00e1m za sebe uk\u00e1zal nespo\u010det skutk\u016f, sv\u011bd\u010d\u00edc\u00edch o jejich odvaze v boji proti protipr\u00e1vn\u00edmu jedn\u00e1n\u00ed \u00fa\u0159ad\u016f\u2026 Ale spole\u010dn\u011b jejich \u017eivoty, ob\u011btavost a sebezap\u0159en\u00ed uk\u00e1zaly velikost lidsk\u00e9ho ducha,\u201c uvedla Corriganov\u00e1.<\/p>\n<p>Maguireov\u00e1 (Corriganov\u00e1) z\u00edskala Nobelovu cenu v roce 1976 za spolupr\u00e1ci p\u0159i \u0159e\u0161en\u00ed konfliktu v Severn\u00edm Irsku. Spolu s Betty Williamsovou zalo\u017eila hnut\u00ed pod n\u00e1zvem Spole\u010denstv\u00ed lid\u00ed m\u00edru, kter\u00e9 se sna\u017eilo ukon\u010dit konflikt.<\/p>\n<p><a href=\"https:\/\/cz.sputniknews.com\/20210902\/ziska-assange-nobelovu-cenu-snowden-zhodnotil-situaci-15700822.html\">ZDROJ<\/a><\/p>\n<p>&nbsp;<\/p>\n","protected":false},"excerpt":{"rendered":"<p>B\u00fdval\u00fd pracovn\u00edk americk\u00fdch zpravodajsk\u00fdch slu\u017eeb Edward Snowden si je jist\u00fd, \u017ee ani on, ani zakladatel&#8230;<\/p>\n","protected":false},"author":2,"featured_media":4500,"comment_status":"closed","ping_status":"closed","sticky":false,"template":"","format":"standard","meta":[],"categories":[7],"tags":[734,1132],"_links":{"self":[{"href":"https:\/\/www.infokuryr.cz\/n\/wp-json\/wp\/v2\/posts\/4499"}],"collection":[{"href":"https:\/\/www.infokuryr.cz\/n\/wp-json\/wp\/v2\/posts"}],"about":[{"href":"https:\/\/www.infokuryr.cz\/n\/wp-json\/wp\/v2\/types\/post"}],"author":[{"embeddable":true,"href":"https:\/\/www.infokuryr.cz\/n\/wp-json\/wp\/v2\/users\/2"}],"replies":[{"embeddable":true,"href":"https:\/\/www.infokuryr.cz\/n\/wp-json\/wp\/v2\/comments?post=4499"}],"version-history":[{"count":0,"href":"https:\/\/www.infokuryr.cz\/n\/wp-json\/wp\/v2\/posts\/4499\/revisions"}],"wp:featuredmedia":[{"embeddable":true,"href":"https:\/\/www.infokuryr.cz\/n\/wp-json\/wp\/v2\/media\/4500"}],"wp:attachment":[{"href":"https:\/\/www.infokuryr.cz\/n\/wp-json\/wp\/v2\/media?parent=4499"}],"wp:term":[{"taxonomy":"category","embeddable":true,"href":"https:\/\/www.infokuryr.cz\/n\/wp-json\/wp\/v2\/categories?post=4499"},{"taxonomy":"post_tag","embeddable":true,"href":"https:\/\/www.infokuryr.cz\/n\/wp-json\/wp\/v2\/tags?post=4499"}],"curies":[{"name":"wp","href":"https:\/\/api.w.org\/{rel}","templated":true}]}}