{"id":44988,"date":"2024-01-18T00:34:47","date_gmt":"2024-01-17T23:34:47","guid":{"rendered":"http:\/\/www.infokuryr.cz\/n\/?p=44988"},"modified":"2024-01-17T20:14:49","modified_gmt":"2024-01-17T19:14:49","slug":"petr-hannig-ticho-po-pesine","status":"publish","type":"post","link":"https:\/\/www.infokuryr.cz\/n\/2024\/01\/18\/petr-hannig-ticho-po-pesine\/","title":{"rendered":"Petr Hannig: Ticho po p\u011b\u0161in\u011b"},"content":{"rendered":"<div id=\"fb-root\"><\/div>\n<p><strong>To, \u017ee se neinformuje o ud\u00e1lostech \u010di sp\u00ed\u0161e protestech v\u00a0sousedstv\u00ed na\u0161\u00ed zem\u011b, kter\u00e9 tak n\u011bjak nezapadaj\u00ed do sm\u011b\u0159ov\u00e1n\u00ed ve\u0159ejnopr\u00e1vn\u00edch \u00bbsd\u011blovac\u00edch prost\u0159edk\u016f\u00ab (\u010cesk\u00e1 televize, \u010cesk\u00fd rozhlas), ale i t\u011bch dal\u0161\u00edch velk\u00fdch televiz\u00ed, jako jsou Nova, Prima i nakonec Barrandov, jsme si u\u017e tak n\u011bjak zvykli. Mysl\u00edm t\u00edm opo\u017ed\u011bn\u00e9 informov\u00e1n\u00ed o protestech farm\u00e1\u0159\u016f v\u00a0N\u011bmecku, ale i o sou\u010dasn\u00e9 situaci a masov\u00fdch protestech v\u00a0Polsku.<\/strong><\/p>\n<p>V\u011bt\u0161inou si ti, kter\u00e9 zaj\u00edm\u00e1 politika, nejd\u0159\u00edve najdou zpr\u00e1vy ze zahrani\u010dn\u00edch zdroj\u016f a a\u017e pak, kdy\u017e u\u017e je ne\u00fanosn\u00e9 o tom ml\u010det, tak televize pomalu upou\u0161t\u011bj\u00ed informace, ov\u0161em s p\u0159\u00edslu\u0161n\u00fdmi koment\u00e1\u0159i, aby si lid\u00e9 vysv\u011btlovali ony ud\u00e1losti tak, jak je pot\u0159eba.<\/p>\n<p>Jin\u00e9 je to ov\u0161em, pokud se jedn\u00e1 o protesty, kter\u00e9 tak n\u011bjak souzn\u00ed s\u00a0politikou na\u0161\u00ed vl\u00e1dy, jako se d\u011bj\u00ed na Slovensku, proti vl\u00e1d\u011b Roberta Fica. Tam jsou na\u0161e \u00bbsd\u011blovac\u00ed prost\u0159edky\u00ab (z\u00e1m\u011brn\u011b pou\u017e\u00edv\u00e1m slovn\u00edk z\u00a0doby normalizace) velmi aktu\u00e1ln\u00ed.<\/p>\n<p>Ale zarazila mne dal\u0161\u00ed v\u011bc, kter\u00e1 nejenom \u017ee p\u0159ipom\u00edn\u00e1 dobu minulou, ale v\u00a0lec\u010dems ji i p\u0159ekon\u00e1v\u00e1.<\/p>\n<p>M\u00e1m r\u00e1d tatarsk\u00fd biftek a ob\u010das si zajdu s\u00e1m do takov\u00e9 t\u00e9 prav\u00e9 \u010desk\u00e9 hospody, kde sed\u00ed \u0161tamgasti na piv\u011b.<\/p>\n<p>V\u00a0osmdes\u00e1t\u00fdch letech se b\u00e1li mluvit o politice lid\u00e9, co m\u011bli zaj\u00edmav\u00e1 povol\u00e1n\u00ed, ze kter\u00fdch by mohli b\u00fdt vyhozeni do d\u011blnick\u00fdch povol\u00e1n\u00ed. Ov\u0161em d\u011bln\u00edci si serv\u00edtky s\u00a0posuzov\u00e1n\u00edm n\u011b\u010deho, co se jim nel\u00edb\u00ed, hlavu ned\u011blali. I kdyby tam mezi nimi sed\u011bla horda Bretschneider\u016f, tak si hubu na \u0161pac\u00edr pustil ka\u017ed\u00fd, kdo se o sv\u00e9 zam\u011bstn\u00e1n\u00ed b\u00e1t nemusel. Ostatn\u011b existovala pracovn\u00ed povinnost, tak nikdo \u00fapln\u011b na ulici a bez pr\u00e1ce skon\u010dit nemohl.<\/p>\n<p><a href=\"https:\/\/stranapro.cz\/\"><img decoding=\"async\" loading=\"lazy\" class=\"alignnone  wp-image-40285 aligncenter\" src=\"http:\/\/www.infokuryr.cz\/n\/wp-content\/uploads\/2023\/11\/11pro-300x79.png\" alt=\"\" width=\"535\" height=\"141\" srcset=\"https:\/\/www.infokuryr.cz\/n\/wp-content\/uploads\/2023\/11\/11pro-300x79.png 300w, https:\/\/www.infokuryr.cz\/n\/wp-content\/uploads\/2023\/11\/11pro.png 363w\" sizes=\"(max-width: 535px) 100vw, 535px\" \/><\/a><\/p>\n<p>A kdyby za ka\u017ed\u00e9 remc\u00e1n\u00ed m\u011bli p\u0159\u00edslu\u0161n\u00edky pracuj\u00edc\u00ed t\u0159\u00eddy zav\u00edrat, tak by nesta\u010dily v\u011bznice.<\/p>\n<p>Dnes je to ov\u0161em jin\u00e9. V\u00a0takov\u00e9 t\u00e9 prav\u00e9 putyce jsem se pustil do rozeb\u00edr\u00e1n\u00ed situace a m\u016fj kamar\u00e1d, \u0161tamgast on\u00e9 p\u0159\u00edjemn\u011b hlu\u010dn\u00e9 hosp\u016fdky, mi \u0159ekl: \u00bbHele tady se o politice nesm\u00ed mluvit.\u00ab Dnes se boj\u00ed o sv\u00e9 zam\u011bstn\u00e1n\u00ed i manu\u00e1ln\u011b pracuj\u00edc\u00ed lid\u00e9.<\/p>\n<p>A dal\u0161\u00ed z\u00e1\u017eitek. \u010cekal jsem zase v\u00a0jin\u00e9 vyhl\u00e1\u0161en\u00e9 typick\u00e9 \u010desk\u00e9 hospod\u011b s\u00a0vynikaj\u00edc\u00edm pivem na m\u016fj obl\u00edben\u00e1 tatarsk\u00fd biftek. Sed\u011bl jsem u takov\u00e9ho v\u011bt\u0161\u00edho stolu, kde sed\u011bla skupinka t\u0159\u00ed mu\u017e\u016f a jedn\u00e9 \u017eeny, \u010dty\u0159ic\u00e1tn\u00edci, evidentn\u011b n\u011bjac\u00ed \u00fa\u0159edn\u00edci. Za celou hodinu nepadlo ani slovo o politice, a to ani v\u00a0nejmen\u0161\u00edm, ani v\u00a0n\u00e1znaku. J\u00e1 jsem se do jejich pov\u00edd\u00e1n\u00ed v\u016fbec nevm\u011b\u0161oval, ale zaj\u00edmalo mne, o \u010dem se tato generace bav\u00ed. Tak\u017ee, bylo to ly\u017ea\u0159sk\u00e9 vybaven\u00ed, cyklistika, pomlouv\u00e1n\u00ed kolegy, kter\u00fd s\u00a0nimi nesed\u011bl, dosp\u00edvaj\u00edc\u00ed d\u011bti. Ani n\u00e1znak, \u017ee by n\u011bkdo n\u011bco \u0159ekl o neb\u00fdval\u00e9 nepopularit\u011b vl\u00e1dy. Nic.<\/p>\n<p>Kdy\u017e jsem v\u00a0kruhu zn\u00e1m\u00fdch o tomto poznatku hovo\u0159il, tak mi bylo \u0159e\u010deno, o politice se prost\u011b nemluv\u00ed. A pokud se chci bavit o politice j\u00e1, tak b\u00fdv\u00e1m v\u011bt\u0161inou ok\u0159iknut, abych tu politiku nechal na pokoji. Z\u00e1kladn\u00edm motem je \u00faslov\u00ed: \u00bbJ\u00e1 se o politiku nezaj\u00edm\u00e1m\u00ab.<\/p>\n<p>Lid\u00e9 se o politiku nezaj\u00edmaj\u00ed. Pak jdou volit a m\u00e1me tu to, co tu m\u00e1me. Inflaci, nejvy\u0161\u0161\u00ed ceny energi\u00ed, neod\u016fvodn\u011bn\u00e9 zvy\u0161ov\u00e1n\u00ed vodn\u00e9ho sto\u010dn\u00e9ho a dal\u0161\u00ed a dal\u0161\u00ed \u00bbp\u0159\u00edjemnosti\u00ab sou\u010dasn\u00e9ho \u017eivota. A lid\u00e9 u\u017e se boj\u00ed i brblat. Prost\u011b je takov\u00e9 to typick\u00e9 na\u0161e ticho po p\u011b\u0161in\u011b a \u010dek\u00e1me, \u017ee v\u0161echno vy\u0159e\u0161\u00ed n\u011bkdo jin\u00fd za n\u00e1s.<\/p>\n<p><strong>Mgr. Petr Hannig, p\u0159edseda Rozumn\u00fdch v\u00a0Alianci za nez\u00e1vislost \u010cR<\/strong><\/p>\n<p>&nbsp;<\/p>\n<p>&nbsp;<\/p>\n","protected":false},"excerpt":{"rendered":"<p>To, \u017ee se neinformuje o ud\u00e1lostech \u010di sp\u00ed\u0161e protestech v\u00a0sousedstv\u00ed na\u0161\u00ed zem\u011b, kter\u00e9 tak n\u011bjak&#8230;<\/p>\n","protected":false},"author":2,"featured_media":33742,"comment_status":"closed","ping_status":"closed","sticky":false,"template":"","format":"standard","meta":[],"categories":[6],"tags":[63,29,158,84,31,95],"_links":{"self":[{"href":"https:\/\/www.infokuryr.cz\/n\/wp-json\/wp\/v2\/posts\/44988"}],"collection":[{"href":"https:\/\/www.infokuryr.cz\/n\/wp-json\/wp\/v2\/posts"}],"about":[{"href":"https:\/\/www.infokuryr.cz\/n\/wp-json\/wp\/v2\/types\/post"}],"author":[{"embeddable":true,"href":"https:\/\/www.infokuryr.cz\/n\/wp-json\/wp\/v2\/users\/2"}],"replies":[{"embeddable":true,"href":"https:\/\/www.infokuryr.cz\/n\/wp-json\/wp\/v2\/comments?post=44988"}],"version-history":[{"count":1,"href":"https:\/\/www.infokuryr.cz\/n\/wp-json\/wp\/v2\/posts\/44988\/revisions"}],"predecessor-version":[{"id":44989,"href":"https:\/\/www.infokuryr.cz\/n\/wp-json\/wp\/v2\/posts\/44988\/revisions\/44989"}],"wp:featuredmedia":[{"embeddable":true,"href":"https:\/\/www.infokuryr.cz\/n\/wp-json\/wp\/v2\/media\/33742"}],"wp:attachment":[{"href":"https:\/\/www.infokuryr.cz\/n\/wp-json\/wp\/v2\/media?parent=44988"}],"wp:term":[{"taxonomy":"category","embeddable":true,"href":"https:\/\/www.infokuryr.cz\/n\/wp-json\/wp\/v2\/categories?post=44988"},{"taxonomy":"post_tag","embeddable":true,"href":"https:\/\/www.infokuryr.cz\/n\/wp-json\/wp\/v2\/tags?post=44988"}],"curies":[{"name":"wp","href":"https:\/\/api.w.org\/{rel}","templated":true}]}}