{"id":44974,"date":"2024-01-18T00:49:54","date_gmt":"2024-01-17T23:49:54","guid":{"rendered":"http:\/\/www.infokuryr.cz\/n\/?p=44974"},"modified":"2024-01-17T19:57:09","modified_gmt":"2024-01-17T18:57:09","slug":"databaze-dokumentujici-izraelska-zverstva-na-palestincich-spustena-online","status":"publish","type":"post","link":"https:\/\/www.infokuryr.cz\/n\/2024\/01\/18\/databaze-dokumentujici-izraelska-zverstva-na-palestincich-spustena-online\/","title":{"rendered":"Datab\u00e1ze dokumentuj\u00edc\u00ed \u201eizraelsk\u00e1 zv\u011brstva na Palestinc\u00edch\u201c spu\u0161t\u011bna online"},"content":{"rendered":"<div id=\"fb-root\"><\/div>\n<p><span style=\"font-size: 18pt;\"><strong>\u201eIZRAELSK\u00c9 MASAKRY\u201c je nov\u00e1 online iniciativa dokumentuj\u00edc\u00ed \u201eizraelsk\u00e1 zv\u011brstva v\u016f\u010di Palestinc\u016fm\u201c v konfliktu od \u0159\u00edjna 2023.<\/strong><\/span><\/p>\n<p><span style=\"color: #ff0000;\"><strong>Prohl\u00e1\u0161en\u00ed na webu (\u00a0<a style=\"color: #ff0000;\" href=\"https:\/\/israel-massacres.com\/\" target=\"_blank\" rel=\"noopener\">ISRAEL-MASSACRES.COM<\/a>\u00a0) \u0159\u00edk\u00e1 n\u00e1sleduj\u00edc\u00ed:<\/strong><\/span><\/p>\n<p><em>\u201ePokra\u010duj\u00edc\u00ed apokalyptick\u00e1 vojensk\u00e1 kampa\u0148 Izraele proti Gaze je dopl\u0148kem jeho v\u00edce ne\u017e 75 let trvaj\u00edc\u00edho pron\u00e1sledov\u00e1n\u00ed, vys\u00eddlov\u00e1n\u00ed a terorismu Palestinc\u016f.<\/em><\/p>\n<p><em>V\u00fdsledkem je hromadn\u00e9 ni\u010den\u00ed, vys\u00eddlen\u00ed v\u00edce ne\u017e 90 % obyvatel Gazy a smrt a zmrza\u010den\u00ed des\u00edtek tis\u00edc civilist\u016f, v\u011bt\u0161inou \u017een a d\u011bt\u00ed.<\/em><\/p>\n<p><em>N\u00ed\u017ee dokumentujeme to, co mnoho \u00fa\u0159ad\u016f naz\u00fdv\u00e1 v\u00e1le\u010dn\u00fdmi zlo\u010diny, etnick\u00fdmi \u010distkami a genocidou.\u00a0Na\u0161\u00edm c\u00edlem je d\u00e1t hlas t\u011bm, kte\u0159\u00ed nemaj\u00ed hlas, a zv\u00fd\u0161it pov\u011bdom\u00ed o pot\u0159eb\u011b mezin\u00e1rodn\u00ed akce, aby se zajistilo, \u017ee Palestinci jsou kone\u010dn\u011b bez brut\u00e1ln\u00ed okupace a kolonizace.<\/em><\/p>\n<p><em>VAROV\u00c1N\u00cd: Tato webov\u00e1 str\u00e1nka obsahuje extr\u00e9mn\u011b grafick\u00fd obsah a doporu\u010duje se, aby div\u00e1k uv\u00e1\u017eil.\u201c<\/em><\/p>\n<p><em>Web ji\u017e poskytuje z\u00e1kladnu vide\u00ed ukazuj\u00edc\u00edch p\u0159\u00edklady \u201eciviln\u00edch masakr\u016f\u201c i \u201epalestinsk\u00e9 vytrvalosti\u201c.<\/em><\/p>\n<p><strong>Iniciativa tak\u00e9 obvi\u0148uje izraelsk\u00e9 veden\u00ed z \u201egenocidn\u00edho z\u00e1m\u011bru\u201c, kter\u00fd jako p\u0159\u00edklad spojuje prohl\u00e1\u0161en\u00ed izraelsk\u00fdch p\u0159edstavitel\u016f.<\/strong><\/p>\n<p><em>\u201eVysoc\u00ed izrael\u0161t\u00ed p\u0159edstavitel\u00e9, v\u010detn\u011b premi\u00e9ra, prezidenta a ministra obrany, ve\u0159ejn\u011b pou\u017e\u00edvali dehumanizuj\u00edc\u00ed a totalizuj\u00edc\u00ed jazyk o Palestinc\u00edch, signalizovali sv\u016fj z\u00e1m\u011br zni\u010dit a vys\u00eddlit obyvatelstvo Gazy a z\u00e1rove\u0148 uvalit ne\u00fastupn\u00e9 obl\u00e9h\u00e1n\u00ed a \u00famysln\u011b zbavuje je podm\u00ednek \u017eivota nezbytn\u00fdch pro p\u0159e\u017eit\u00ed lidstva.\u00a0Snad nejv\u00edce znepokojiv\u00e9 je, \u017ee Netanjahu citoval biblick\u00fd p\u0159\u00edb\u011bh \u201eAmalek\u201c, aby ospravedlnil zab\u00edjen\u00ed v Gaze.\u00a0Am\u00e1lekov\u00e9 byli n\u00e1rodem odsouzen\u00fdm k \u00fapln\u00e9mu vyhlazen\u00ed v Bibli, jak je zm\u00edn\u011bno v 1. Samuelov\u011b 15:3 \u201eNyn\u00ed jd\u011bte, za\u00fato\u010dte na Amalekity a \u00fapln\u011b zni\u010dte v\u0161e, co jim pat\u0159\u00ed.\u00a0Ne\u0161et\u0159ete je;\u00a0usmrtit mu\u017ee a \u017eeny, d\u011bti a nemluv\u0148ata, dobytek a ovce, velbloudy a osly.&#8220;<\/em><\/p>\n<p><em>Tyto kompilace prohl\u00e1\u0161en\u00ed izraelsk\u00fdch v\u016fdc\u016f a tv\u016frc\u016f ve\u0159ejn\u00e9ho m\u00edn\u011bn\u00ed, jak minul\u00fdch, tak sou\u010dasn\u00fdch, nejsou v \u017e\u00e1dn\u00e9m p\u0159\u00edpad\u011b vy\u010derp\u00e1vaj\u00edc\u00ed a odhaluj\u00ed genocidn\u00ed z\u00e1m\u011br za sou\u010dasn\u00fdm vojensk\u00fdm \u00fatokem proti Palestinc\u016fm.<\/em><\/p>\n<p><iframe loading=\"lazy\" title=\"Genocidn\u00ed z\u00e1m\u011br Izraele podle jeho vlastn\u00edch slov\" src=\"https:\/\/www.youtube.com\/embed\/Eep8n7J_a7I?feature=oembed\" width=\"500\" height=\"375\" frameborder=\"0\" allowfullscreen=\"allowfullscreen\" data-mce-fragment=\"1\"><\/iframe><\/p>\n<p><span style=\"font-size: 18pt;\"><strong>V\u00edce \u00fadaj\u016f naleznete na webov\u00fdch str\u00e1nk\u00e1ch \u201eISRAEL MASSACRES\u201c pomoc\u00ed n\u00e1sleduj\u00edc\u00edho odkazu:\u00a0<a href=\"https:\/\/israel-massacres.com\/\" target=\"_blank\" rel=\"noopener\">ISRAEL-MASSACRES.COM<\/a><\/p>\n<p><img decoding=\"async\" loading=\"lazy\" class=\"alignnone size-full wp-image-1185\" src=\"http:\/\/www.infokuryr.cz\/n\/wp-content\/uploads\/2021\/04\/kuryr-podpis.png\" alt=\"\" width=\"84\" height=\"24\" \/><\/p>\n<p><\/strong><\/span><\/p>\n","protected":false},"excerpt":{"rendered":"<p>\u201eIZRAELSK\u00c9 MASAKRY\u201c je nov\u00e1 online iniciativa dokumentuj\u00edc\u00ed \u201eizraelsk\u00e1 zv\u011brstva v\u016f\u010di Palestinc\u016fm\u201c v konfliktu od \u0159\u00edjna&#8230;<\/p>\n","protected":false},"author":2,"featured_media":44975,"comment_status":"closed","ping_status":"closed","sticky":false,"template":"","format":"standard","meta":[],"categories":[7],"tags":[178,107,20],"_links":{"self":[{"href":"https:\/\/www.infokuryr.cz\/n\/wp-json\/wp\/v2\/posts\/44974"}],"collection":[{"href":"https:\/\/www.infokuryr.cz\/n\/wp-json\/wp\/v2\/posts"}],"about":[{"href":"https:\/\/www.infokuryr.cz\/n\/wp-json\/wp\/v2\/types\/post"}],"author":[{"embeddable":true,"href":"https:\/\/www.infokuryr.cz\/n\/wp-json\/wp\/v2\/users\/2"}],"replies":[{"embeddable":true,"href":"https:\/\/www.infokuryr.cz\/n\/wp-json\/wp\/v2\/comments?post=44974"}],"version-history":[{"count":1,"href":"https:\/\/www.infokuryr.cz\/n\/wp-json\/wp\/v2\/posts\/44974\/revisions"}],"predecessor-version":[{"id":44976,"href":"https:\/\/www.infokuryr.cz\/n\/wp-json\/wp\/v2\/posts\/44974\/revisions\/44976"}],"wp:featuredmedia":[{"embeddable":true,"href":"https:\/\/www.infokuryr.cz\/n\/wp-json\/wp\/v2\/media\/44975"}],"wp:attachment":[{"href":"https:\/\/www.infokuryr.cz\/n\/wp-json\/wp\/v2\/media?parent=44974"}],"wp:term":[{"taxonomy":"category","embeddable":true,"href":"https:\/\/www.infokuryr.cz\/n\/wp-json\/wp\/v2\/categories?post=44974"},{"taxonomy":"post_tag","embeddable":true,"href":"https:\/\/www.infokuryr.cz\/n\/wp-json\/wp\/v2\/tags?post=44974"}],"curies":[{"name":"wp","href":"https:\/\/api.w.org\/{rel}","templated":true}]}}