{"id":4497,"date":"2021-09-03T03:04:33","date_gmt":"2021-09-03T01:04:33","guid":{"rendered":"http:\/\/www.infokuryr.cz\/n\/?p=4497"},"modified":"2021-09-03T03:04:33","modified_gmt":"2021-09-03T01:04:33","slug":"cinsky-mezinarodni-veletrh-sluzeb-globalni-summit-obchodu-se-sluzbami","status":"publish","type":"post","link":"https:\/\/www.infokuryr.cz\/n\/2021\/09\/03\/cinsky-mezinarodni-veletrh-sluzeb-globalni-summit-obchodu-se-sluzbami\/","title":{"rendered":"\u010c\u00ednsk\u00fd mezin\u00e1rodn\u00ed veletrh slu\u017eeb &#8211; glob\u00e1ln\u00ed summit obchodu se slu\u017ebami"},"content":{"rendered":"<div id=\"fb-root\"><\/div>\n<p>\u010c\u00ednsk\u00fd mezin\u00e1rodn\u00ed veletrh slu\u017eeb, glob\u00e1ln\u00ed summit obchodu se slu\u017ebami roku 2021, byl 2. z\u00e1\u0159\u00ed zah\u00e1jen v Pekingu. V\u00fdstavy se \u00fa\u010dastn\u00ed online i offline v\u00edce ne\u017e 10.000 podnik\u016f ze 153 zem\u00ed a region\u016f. \u010c\u00ednsk\u00fd prezident Xi Jinping (Si \u0164in-pching) p\u0159ednesl video-projev.<\/p>\n<p>Xi Jinping \u0159ekl, \u017ee \u010c\u00edna je ochotna spolupracovat se v\u0161emi stranami na podpo\u0159e otev\u0159en\u00e9 spolupr\u00e1ce, vz\u00e1jemn\u00e9ho prosp\u011bchu a v\u00fdhodn\u00e9ho rozvoje, sd\u00edlet p\u0159\u00edle\u017eitosti pro rozvoj obchodu se slu\u017ebami a spole\u010dn\u011b podporovat o\u017eiven\u00ed a r\u016fst sv\u011btov\u00e9 ekonomiky.<\/p>\n<p>Xi Jinping se vyslovil v tom smyslu, \u017ee \u010c\u00edna zv\u00fd\u0161\u00ed \u00farove\u0148 otev\u00edr\u00e1n\u00ed, bude podporovat prov\u00e1d\u011bn\u00ed seznamu p\u0159eshrani\u010dn\u00edho obchodu se slu\u017ebami v cel\u00e9 zemi a prozkoum\u00e1 vybudov\u00e1n\u00ed n\u00e1rodn\u00ed demonstra\u010dn\u00ed oblasti pro inovace a rozvoj obchodu se slu\u017ebami. \u010c\u00ednsk\u00e1 vl\u00e1da bude i nad\u00e1le podporovat rozvoj mal\u00fdch a st\u0159edn\u00edch podnik\u016f, z\u0159\u00edd\u00ed pekingskou burzu a podpo\u0159\u00ed hlavn\u00ed pozici mal\u00fdch a st\u0159edn\u00edch podnik\u016f v inovaci slu\u017eeb.<\/p>\n<p><img decoding=\"async\" loading=\"lazy\" class=\"alignnone size-full wp-image-1185\" src=\"http:\/\/www.infokuryr.cz\/n\/wp-content\/uploads\/2021\/04\/kuryr-podpis.png\" alt=\"\" width=\"84\" height=\"24\" \/><\/p>\n<p>&nbsp;<\/p>\n<p>&nbsp;<\/p>\n","protected":false},"excerpt":{"rendered":"<p>\u010c\u00ednsk\u00fd mezin\u00e1rodn\u00ed veletrh slu\u017eeb, glob\u00e1ln\u00ed summit obchodu se slu\u017ebami roku 2021, byl 2. z\u00e1\u0159\u00ed zah\u00e1jen&#8230;<\/p>\n","protected":false},"author":2,"featured_media":4498,"comment_status":"closed","ping_status":"closed","sticky":false,"template":"","format":"standard","meta":[],"categories":[7],"tags":[30,59,350],"_links":{"self":[{"href":"https:\/\/www.infokuryr.cz\/n\/wp-json\/wp\/v2\/posts\/4497"}],"collection":[{"href":"https:\/\/www.infokuryr.cz\/n\/wp-json\/wp\/v2\/posts"}],"about":[{"href":"https:\/\/www.infokuryr.cz\/n\/wp-json\/wp\/v2\/types\/post"}],"author":[{"embeddable":true,"href":"https:\/\/www.infokuryr.cz\/n\/wp-json\/wp\/v2\/users\/2"}],"replies":[{"embeddable":true,"href":"https:\/\/www.infokuryr.cz\/n\/wp-json\/wp\/v2\/comments?post=4497"}],"version-history":[{"count":0,"href":"https:\/\/www.infokuryr.cz\/n\/wp-json\/wp\/v2\/posts\/4497\/revisions"}],"wp:featuredmedia":[{"embeddable":true,"href":"https:\/\/www.infokuryr.cz\/n\/wp-json\/wp\/v2\/media\/4498"}],"wp:attachment":[{"href":"https:\/\/www.infokuryr.cz\/n\/wp-json\/wp\/v2\/media?parent=4497"}],"wp:term":[{"taxonomy":"category","embeddable":true,"href":"https:\/\/www.infokuryr.cz\/n\/wp-json\/wp\/v2\/categories?post=4497"},{"taxonomy":"post_tag","embeddable":true,"href":"https:\/\/www.infokuryr.cz\/n\/wp-json\/wp\/v2\/tags?post=4497"}],"curies":[{"name":"wp","href":"https:\/\/api.w.org\/{rel}","templated":true}]}}