{"id":4496,"date":"2021-09-03T03:01:53","date_gmt":"2021-09-03T01:01:53","guid":{"rendered":"http:\/\/www.infokuryr.cz\/n\/?p=4496"},"modified":"2021-09-03T03:01:53","modified_gmt":"2021-09-03T01:01:53","slug":"v-roce-2020-dosahly-zlociny-z-nenavisti-v-usa-noveho-maxima-za-12-let","status":"publish","type":"post","link":"https:\/\/www.infokuryr.cz\/n\/2021\/09\/03\/v-roce-2020-dosahly-zlociny-z-nenavisti-v-usa-noveho-maxima-za-12-let\/","title":{"rendered":"V roce 2020 dos\u00e1hly zlo\u010diny z nen\u00e1visti v USA nov\u00e9ho maxima za 12 let"},"content":{"rendered":"<div id=\"fb-root\"><\/div>\n<p>Podle posledn\u00ed zpr\u00e1vy Feder\u00e1ln\u00edho \u00fa\u0159adu pro vy\u0161et\u0159ov\u00e1n\u00ed (FBI) dos\u00e1hl v roce 2020 po\u010det zlo\u010din\u016f z nen\u00e1visti ve Spojen\u00fdch st\u00e1tech nejvy\u0161\u0161\u00ed \u00farovn\u011b za posledn\u00edch 12 let a do\u0161lo k n\u00e1r\u016fstu \u00fatok\u016f proti Afroameri\u010dan\u016fm a asijsk\u00fdm Ameri\u010dan\u016fm.<\/p>\n<p>Britsk\u00e9 noviny The Guardian 31. srpna informovaly, \u017ee z v\u00edce ne\u017e 15.000 p\u0159\u00edpad\u016f, kter\u00e9 FBI p\u0159edlo\u017eily americk\u00e9 st\u00e1tn\u00ed a m\u00edstn\u00ed policejn\u00ed agentury, bylo 7.759 zlo\u010din\u016f z nen\u00e1visti, co\u017e p\u0159edstavuje n\u00e1r\u016fst o 6 % oproti roku 2019 a \u00fatoky proti asijsk\u00fdm Ameri\u010dan\u016fm a Afroameri\u010dan\u016fm vzrostly o 70 % a 40 %.<\/p>\n<p>Americk\u00fd gener\u00e1ln\u00ed prokur\u00e1tor Merrick Garland v\u011b\u0159\u00ed, \u017ee v\u011bt\u0161ina zlo\u010din\u016f z nen\u00e1visti je motivov\u00e1na rasou, etnick\u00fdm p\u016fvodem, p\u016fvodem nebo genderovou identitou. Garland v kv\u011btnu varoval, \u017ee b\u00edl\u00ed rasist\u00e9 p\u0159edstavuj\u00ed rostouc\u00ed bezpe\u010dnostn\u00ed hrozbu, p\u0159i\u010dem\u017e zd\u016fraznil, \u017ee boj s terorismem ve Spojen\u00fdch st\u00e1tech je jeho \u201enejvy\u0161\u0161\u00ed prioritou\u201c.<\/p>\n<p>Garland tak\u00e9 \u0159ekl, \u017ee st\u00e1vaj\u00edc\u00ed \u00fadaje nezahrnuj\u00ed mnoho nenahl\u00e1\u0161en\u00fdch zlo\u010din\u016f z nen\u00e1visti. Mnoho aktivist\u016f a z\u00e1konod\u00e1rc\u016f se tak\u00e9 domn\u00edv\u00e1, \u017ee skute\u010dn\u00fd po\u010det zlo\u010din\u016f z nen\u00e1visti je vy\u0161\u0161\u00ed, ne\u017e se uv\u00e1d\u00ed, a m\u00edstn\u00ed policii chyb\u00ed \u0161kolen\u00ed, zdroje a z\u00e1jem o identifikaci a rozli\u0161ov\u00e1n\u00ed t\u011bchto zlo\u010din\u016f.<\/p>\n<p><img decoding=\"async\" loading=\"lazy\" class=\"alignnone size-full wp-image-1185\" src=\"http:\/\/www.infokuryr.cz\/n\/wp-content\/uploads\/2021\/04\/kuryr-podpis.png\" alt=\"\" width=\"84\" height=\"24\" \/><\/p>\n<p>&nbsp;<\/p>\n","protected":false},"excerpt":{"rendered":"<p>Podle posledn\u00ed zpr\u00e1vy Feder\u00e1ln\u00edho \u00fa\u0159adu pro vy\u0161et\u0159ov\u00e1n\u00ed (FBI) dos\u00e1hl v roce 2020 po\u010det zlo\u010din\u016f z&#8230;<\/p>\n","protected":false},"author":2,"featured_media":2862,"comment_status":"closed","ping_status":"closed","sticky":false,"template":"","format":"standard","meta":[],"categories":[7],"tags":[369,37],"_links":{"self":[{"href":"https:\/\/www.infokuryr.cz\/n\/wp-json\/wp\/v2\/posts\/4496"}],"collection":[{"href":"https:\/\/www.infokuryr.cz\/n\/wp-json\/wp\/v2\/posts"}],"about":[{"href":"https:\/\/www.infokuryr.cz\/n\/wp-json\/wp\/v2\/types\/post"}],"author":[{"embeddable":true,"href":"https:\/\/www.infokuryr.cz\/n\/wp-json\/wp\/v2\/users\/2"}],"replies":[{"embeddable":true,"href":"https:\/\/www.infokuryr.cz\/n\/wp-json\/wp\/v2\/comments?post=4496"}],"version-history":[{"count":0,"href":"https:\/\/www.infokuryr.cz\/n\/wp-json\/wp\/v2\/posts\/4496\/revisions"}],"wp:featuredmedia":[{"embeddable":true,"href":"https:\/\/www.infokuryr.cz\/n\/wp-json\/wp\/v2\/media\/2862"}],"wp:attachment":[{"href":"https:\/\/www.infokuryr.cz\/n\/wp-json\/wp\/v2\/media?parent=4496"}],"wp:term":[{"taxonomy":"category","embeddable":true,"href":"https:\/\/www.infokuryr.cz\/n\/wp-json\/wp\/v2\/categories?post=4496"},{"taxonomy":"post_tag","embeddable":true,"href":"https:\/\/www.infokuryr.cz\/n\/wp-json\/wp\/v2\/tags?post=4496"}],"curies":[{"name":"wp","href":"https:\/\/api.w.org\/{rel}","templated":true}]}}