{"id":4488,"date":"2021-09-02T08:01:19","date_gmt":"2021-09-02T06:01:19","guid":{"rendered":"http:\/\/www.infokuryr.cz\/n\/?p=4488"},"modified":"2021-09-02T08:01:19","modified_gmt":"2021-09-02T06:01:19","slug":"jaky-byl-skutecny-stav-policistu-vb-v-totalitni-udajne-profizlovane-cssr-v-porovnani-s-dneskem","status":"publish","type":"post","link":"https:\/\/www.infokuryr.cz\/n\/2021\/09\/02\/jaky-byl-skutecny-stav-policistu-vb-v-totalitni-udajne-profizlovane-cssr-v-porovnani-s-dneskem\/","title":{"rendered":"Jak\u00fd byl skute\u010dn\u00fd stav policist\u016f (VB) v totalitn\u00ed, \u00fadajn\u011b prof\u00edzlovan\u00e9 \u010cSSR v porovn\u00e1n\u00ed s dne\u0161kem?"},"content":{"rendered":"<div id=\"fb-root\"><\/div>\n<div class=\"introtext\">\n<p>V roce 1937 byla str\u00e1\u017e obrany st\u00e1tu organizov\u00e1na do 31 prapor\u016f, z nich\u017e 13 bylo dislokov\u00e1no v \u010cech\u00e1ch, 6 na Morav\u011b a ve Slezsku, 10 na Slovensku a 2 na Podkarpatsk\u00e9 Rusi.<\/p>\n<\/div>\n<div class=\"fulltext\">\n<p>K na\u0161emu st\u00e1tu pat\u0159ila i Podkarpatsk\u00e1 Rus, kter\u00e1 nebyla p\u0159\u00edli\u0161 os\u00eddlen\u00e1 a hlavn\u011b nem\u011bla policejn\u00ed strukturu stejn\u011b jako zaostal\u00e9 Slovensko a chodili tam \u010detn\u00edci z \u010cech.<\/p>\n<table class=\"wikitable\">\n<tbody>\n<tr>\n<th>obyvatelstvo celkem<\/th>\n<th colspan=\"2\">14 729 536<\/th>\n<\/tr>\n<\/tbody>\n<\/table>\n<p>V tu dobu byl po\u010det obyvatel nejv\u011bt\u0161\u00ed. Pak se to r\u016fzn\u011b m\u011bnilo, po v\u00e1lce klesl po\u010det obyvatel na 13,5 mili\u00f3nu a\u00a0 dne 28. b\u0159ezna 1977 dos\u00e1hl po\u010det obyvatel 15 mili\u00f3n\u016f. Tam se p\u0159ibli\u017en\u011b ust\u00e1lil: 10 mili\u00f3n\u016f v zem\u00edch \u010desk\u00fdch, 5 mili\u00f3n\u016f na Slovensku.<\/p>\n<p><strong>Tak\u017ee porovn\u00e1v\u00e1me po\u010det policist\u016f v totalitn\u00edm, &#8222;prof\u00edzlovan\u00e9m&#8220; st\u00e1t\u011b v roce 1988 s dne\u0161n\u00edm, \u00fadajn\u00fdm demokratick\u00fdm re\u017eimem.<\/strong>\u00a0A p\u0159ipome\u0148me, \u017ee tehdy\u00a0<strong>jsme byli o polovinu v\u011bt\u0161\u00ed, s 15 mili\u00f3ny obyvatel proti dne\u0161n\u00edm 10 mili\u00f3n\u016fm<\/strong>, kte\u0159\u00ed maj\u00ed k dispozici p\u0159\u00edstroje na evidenci a rychlost, o kter\u00e9 se komunist\u016fm ani nesnilo. V tu dobu dokonce nebyly ani po\u010d\u00edta\u010de a internet nato\u017e mobily, tak\u017ee se v\u0161e d\u011blalo ru\u010dn\u011b v\u010detn\u011b telefonov\u00e1n\u00ed, kdy jenom p\u00e1r m\u011blo vys\u00edla\u010dky a museli si v\u0161e od\u0161lapat. Jak to zvl\u00e1dali?<\/p>\n<p><strong>Tak\u017ee tenkr\u00e1t bylo 61000 policist\u016f na 15 mili\u00f3n\u016f obyvatel v\u010detn\u011b STB, dnes 55000 na 10 mili\u00f3n\u016f obyvatel s mnoh\u00fdmi ukryt\u00fdmi milicion\u00e1\u0159i v r\u016fzn\u00fdch neziskovk\u00e1ch a pomaha\u010d\u00edch vnitra.<\/strong><\/p>\n<p>(<em>pokud je n\u011bkde chyba, pros\u00edm, opravte n\u00e1s, \u0161patn\u011b se v\u0161e dohled\u00e1v\u00e1<\/em>)<\/p>\n<p>Nejlep\u0161\u00edm d\u016fkazem jsou autentick\u00e9 tabulky zde p\u0159edlo\u017een\u00e9<\/p>\n<p><img decoding=\"async\" loading=\"lazy\" class=\"\" src=\"https:\/\/www.skrytapravda.cz\/images\/blogy\/805\/Policie\/archiv_1988_1_e675d.png\" alt=\"archiv 1988 1 e675d\" width=\"669\" height=\"372\" \/><\/p>\n<p>&nbsp;<\/p>\n<p><img decoding=\"async\" loading=\"lazy\" class=\"\" src=\"https:\/\/www.skrytapravda.cz\/images\/blogy\/805\/Policie\/archiv_1988_2_63120.png\" alt=\"archiv 1988 2 63120\" width=\"672\" height=\"869\" \/><\/p>\n<p>&nbsp;<\/p>\n<p><img decoding=\"async\" loading=\"lazy\" class=\"\" src=\"https:\/\/www.skrytapravda.cz\/images\/blogy\/805\/Policie\/archiv_1988_3_9ab05.png\" alt=\"archiv 1988 3 9ab05\" width=\"665\" height=\"796\" \/><\/p>\n<p><strong>Jak je mo\u017en\u00e9, \u017ee nyn\u00ed pot\u0159ebujeme tolik policist\u016f, kdy\u017e by \u00fadajn\u011b m\u011blo b\u00fdt v\u0161e lep\u0161\u00ed?<\/strong><\/p>\n<div class=\"info_box cela_sirka jpalert\">\n<div class=\"explanationContent\">A co p\u0159ipo\u010d\u00edst tis\u00edce fl\u00e1ka\u010d\u016f z \u0159ad Lidov\u00fdch milic evropsk\u00e9ho st\u0159ihu, jako jsou Evropsk\u00e9 hodnoty, odd\u011blen\u00ed Centrum proti terorismu a hybridn\u00edm hrozb\u00e1m a v\u0161ichni jejich milicion\u00e1\u0159i, neziskov\u00e9 organizace jako nap\u0159\u00edklad pod bohulib\u00fdm n\u00e1zvem &#8222;\u010clov\u011bk v t\u00edsni&#8220; zab\u00fdvaj\u00edc\u00ed se propagandou a \u0161pehov\u00e1n\u00edm, a nahrazuj\u00edc\u00ed komunistick\u00e9 P\u0160M (Politick\u00e9 \u0161kolen\u00ed mu\u017estva) a dal\u0161\u00ed a dal\u0161\u00ed pouze ukazuje, \u017ee propaganda jede na 150%, ale ti, kte\u0159\u00ed minul\u00fd re\u017eim za\u017eili, \u017easnou, kde jsou ty lep\u0161\u00ed z\u00edt\u0159ky slibovan\u00e9 z\u00e1\u0159n\u00fdm z\u00e1padem.<\/div>\n<\/div>\n<p>A to maj\u00ed dne\u0161n\u00ed policist\u00e9 v\u00fdsluhy, o kter\u00fdch se n\u00e1m ani nesn\u00ed, zat\u00edmco je ud\u00e1v\u00e1na pouze z\u00e1kladn\u00ed mzda, aby lid\u00e9 nezu\u0159ili, pro\u010d se\u00a0<strong>op\u011bt tolik posiluj\u00ed represivn\u00ed slo\u017eky jak v dob\u011b nejtu\u017e\u0161\u00edho budov\u00e1n\u00ed komunismu.<\/strong><\/p>\n<p>Jak\u00fd je stav policie v roce 2021 jsme za\u017eili, kdy\u017e byli vyhn\u00e1ni &#8222;hledat covid&#8220; do ulic a \u00fato\u010dili na ka\u017ed\u00e9ho, kdo se jim nel\u00edbil.\u00a0 Net\u0159eba d\u00e1vat odkazy, v televiz\u00edch a vide\u00edch to vid\u011bli v\u0161ichni.<\/p>\n<p><strong>V\u00e1\u017en\u011b jste je\u0161t\u011b tak nad\u0161eni z\u00a0<\/strong><strong>dne\u0161n\u00ed, \u00fadajn\u011b svobodn\u00e9 spole\u010dnosti?<\/strong><\/p>\n<div class=\"clr\"><a href=\"https:\/\/www.skrytapravda.cz\/z-domova\/74-jaky-byl-skutecny-stav-policistu-vb-v-totalitni-udajne-profizlovane-cssr\">Petr Pokorn\u00fd<\/a><\/div>\n<div class=\"clauthor\">\n<div id=\"article_author\"><\/div>\n<\/div>\n<\/div>\n","protected":false},"excerpt":{"rendered":"<p>V roce 1937 byla str\u00e1\u017e obrany st\u00e1tu organizov\u00e1na do 31 prapor\u016f, z nich\u017e 13 bylo&#8230;<\/p>\n","protected":false},"author":2,"featured_media":4489,"comment_status":"closed","ping_status":"closed","sticky":false,"template":"","format":"standard","meta":[],"categories":[6],"tags":[29,788],"_links":{"self":[{"href":"https:\/\/www.infokuryr.cz\/n\/wp-json\/wp\/v2\/posts\/4488"}],"collection":[{"href":"https:\/\/www.infokuryr.cz\/n\/wp-json\/wp\/v2\/posts"}],"about":[{"href":"https:\/\/www.infokuryr.cz\/n\/wp-json\/wp\/v2\/types\/post"}],"author":[{"embeddable":true,"href":"https:\/\/www.infokuryr.cz\/n\/wp-json\/wp\/v2\/users\/2"}],"replies":[{"embeddable":true,"href":"https:\/\/www.infokuryr.cz\/n\/wp-json\/wp\/v2\/comments?post=4488"}],"version-history":[{"count":0,"href":"https:\/\/www.infokuryr.cz\/n\/wp-json\/wp\/v2\/posts\/4488\/revisions"}],"wp:featuredmedia":[{"embeddable":true,"href":"https:\/\/www.infokuryr.cz\/n\/wp-json\/wp\/v2\/media\/4489"}],"wp:attachment":[{"href":"https:\/\/www.infokuryr.cz\/n\/wp-json\/wp\/v2\/media?parent=4488"}],"wp:term":[{"taxonomy":"category","embeddable":true,"href":"https:\/\/www.infokuryr.cz\/n\/wp-json\/wp\/v2\/categories?post=4488"},{"taxonomy":"post_tag","embeddable":true,"href":"https:\/\/www.infokuryr.cz\/n\/wp-json\/wp\/v2\/tags?post=4488"}],"curies":[{"name":"wp","href":"https:\/\/api.w.org\/{rel}","templated":true}]}}