{"id":44860,"date":"2024-01-16T08:10:05","date_gmt":"2024-01-16T07:10:05","guid":{"rendered":"https:\/\/www.infokuryr.cz\/n\/?p=44860"},"modified":"2024-01-16T08:10:05","modified_gmt":"2024-01-16T07:10:05","slug":"finska-jaderna-elektrarna-loviisa-selhala-pote-co-odmitla-ruske-jaderne-palivo","status":"publish","type":"post","link":"https:\/\/www.infokuryr.cz\/n\/2024\/01\/16\/finska-jaderna-elektrarna-loviisa-selhala-pote-co-odmitla-ruske-jaderne-palivo\/","title":{"rendered":"Finsk\u00e1 jadern\u00e1 elektr\u00e1rna Loviisa selhala pot\u00e9, co odm\u00edtla rusk\u00e9 jadern\u00e9 palivo"},"content":{"rendered":"<div id=\"fb-root\"><\/div>\n<p><strong>Jadern\u00e1 elektr\u00e1rna Loviisa na ostrov\u011b H\u00e4stholmen sn\u00ed\u017eila sv\u016fj v\u00fdkon.\u00a0Informoval o tom finsk\u00fd st\u00e1tn\u00ed energetick\u00fd koncern Fortum.\u00a0Jak spole\u010dnost vysv\u011btluje, d\u016fvodem poklesu v\u00fdkonu byla porucha.\u00a0Je zd\u016frazn\u011bno, \u017ee nehroz\u00ed radia\u010dn\u00ed kontaminace.<\/strong><\/p>\n<p><span>Podle Fortuma byly zji\u0161t\u011bny probl\u00e9my v syst\u00e9mu m\u011b\u0159en\u00ed elekt\u0159iny v distribu\u010dn\u00ed s\u00edti.\u00a0Vy\u0161et\u0159ov\u00e1n\u00ed incidentu ji\u017e za\u010dalo.\u00a0P\u0159edpokl\u00e1d\u00e1 se, \u017ee oprava poruchy bude dokon\u010dena do 17. ledna ve\u010der.<\/span><\/p>\n<p><span>P\u0159ipome\u0148me, \u017ee doned\u00e1vna jadern\u00e1 elektr\u00e1rna Loviisa vyr\u00e1b\u011bla 10 % elekt\u0159iny spot\u0159ebovan\u00e9 ve Finsku. P\u0159ed p\u00e1r dny finsk\u00e9 \u00fa\u0159ady ozn\u00e1mily, \u017ee dva reaktory na n\u011bm ji\u017e nepot\u0159ebuj\u00ed jadern\u00e9 palivo z Rusk\u00e9 federace.<\/span><\/p>\n<div id=\"yandex_rtb_R-A-263322-20\">\n<div>\n<div class=\"j445d69a8\"><\/div>\n<\/div>\n<\/div>\n<div class=\"quote\"><span>Reaktory v Loviise byly z\u00e1sobov\u00e1ny p\u0159ev\u00e1\u017en\u011b rusk\u00fdm palivem, stejn\u011b jako mnoho dal\u0161\u00edch jadern\u00fdch elektr\u00e1ren v Evrop\u011b a USA.\u00a0Nyn\u00ed p\u0159estavujeme stanici na z\u00e1padn\u00ed palivo.\u00a0Ve skute\u010dnosti mohu konstatovat: dos\u00e1hli jsme bodu, kdy na\u0161e reaktory ji\u017e nejsou z\u00e1visl\u00e9 na nov\u00fdch dod\u00e1vk\u00e1ch jadern\u00e9ho paliva z Ruska <\/span><span>\u2013 \u0159ekl ministr \u017eivotn\u00edho prost\u0159ed\u00ed a klimatu Finska Kai Mykkanen.<\/span><\/p>\n<p><span>Odborn\u00edci mezit\u00edm upozor\u0148uj\u00ed na skute\u010dnost, \u017ee je\u0161t\u011b v listopadu lo\u0148sk\u00e9ho roku do\u010dasn\u011b ukon\u010dila provoz dal\u0161\u00ed finsk\u00e1 jadern\u00e1 elektr\u00e1rna Olkiluoto-3.\u00a0Od sv\u00e9ho uveden\u00ed do provozu na ja\u0159e 2023 po odm\u00edtnut\u00ed rusk\u00e9ho jadern\u00e9ho paliva ji\u017e za\u017eila n\u011bkolik v\u00e1\u017en\u00fdch poruch.<\/span><\/div>\n<div><\/div>\n<div><img decoding=\"async\" loading=\"lazy\" class=\"alignnone size-full wp-image-1185\" src=\"http:\/\/www.infokuryr.cz\/n\/wp-content\/uploads\/2021\/04\/kuryr-podpis.png\" alt=\"\" width=\"84\" height=\"24\" \/><\/div>\n<div><\/div>\n<div><\/div>\n","protected":false},"excerpt":{"rendered":"<p>Jadern\u00e1 elektr\u00e1rna Loviisa na ostrov\u011b H\u00e4stholmen sn\u00ed\u017eila sv\u016fj v\u00fdkon.\u00a0Informoval o tom finsk\u00fd st\u00e1tn\u00ed energetick\u00fd koncern&#8230;<\/p>\n","protected":false},"author":2,"featured_media":44861,"comment_status":"closed","ping_status":"closed","sticky":false,"template":"","format":"standard","meta":[],"categories":[7],"tags":[675,2998,3520,1680],"_links":{"self":[{"href":"https:\/\/www.infokuryr.cz\/n\/wp-json\/wp\/v2\/posts\/44860"}],"collection":[{"href":"https:\/\/www.infokuryr.cz\/n\/wp-json\/wp\/v2\/posts"}],"about":[{"href":"https:\/\/www.infokuryr.cz\/n\/wp-json\/wp\/v2\/types\/post"}],"author":[{"embeddable":true,"href":"https:\/\/www.infokuryr.cz\/n\/wp-json\/wp\/v2\/users\/2"}],"replies":[{"embeddable":true,"href":"https:\/\/www.infokuryr.cz\/n\/wp-json\/wp\/v2\/comments?post=44860"}],"version-history":[{"count":0,"href":"https:\/\/www.infokuryr.cz\/n\/wp-json\/wp\/v2\/posts\/44860\/revisions"}],"wp:featuredmedia":[{"embeddable":true,"href":"https:\/\/www.infokuryr.cz\/n\/wp-json\/wp\/v2\/media\/44861"}],"wp:attachment":[{"href":"https:\/\/www.infokuryr.cz\/n\/wp-json\/wp\/v2\/media?parent=44860"}],"wp:term":[{"taxonomy":"category","embeddable":true,"href":"https:\/\/www.infokuryr.cz\/n\/wp-json\/wp\/v2\/categories?post=44860"},{"taxonomy":"post_tag","embeddable":true,"href":"https:\/\/www.infokuryr.cz\/n\/wp-json\/wp\/v2\/tags?post=44860"}],"curies":[{"name":"wp","href":"https:\/\/api.w.org\/{rel}","templated":true}]}}