{"id":4486,"date":"2021-09-02T07:54:21","date_gmt":"2021-09-02T05:54:21","guid":{"rendered":"http:\/\/www.infokuryr.cz\/n\/?p=4486"},"modified":"2021-09-02T07:54:21","modified_gmt":"2021-09-02T05:54:21","slug":"nechte-se-ockovat-behem-nakupovani-v-primarku-ockovaci-divadlo-nekonci","status":"publish","type":"post","link":"https:\/\/www.infokuryr.cz\/n\/2021\/09\/02\/nechte-se-ockovat-behem-nakupovani-v-primarku-ockovaci-divadlo-nekonci\/","title":{"rendered":"\u201cNechte se o\u010dkovat b\u011bhem nakupov\u00e1n\u00ed v Primarku\u201d. O\u010dkovac\u00ed divadlo nekon\u010d\u00ed"},"content":{"rendered":"<div id=\"fb-root\"><\/div>\n<p>Britsk\u00e1 st\u00e1tn\u00ed zdravotn\u00ed organizace (National Health Service) zah\u00e1jila o\u010dkov\u00e1n\u00ed experiment\u00e1ln\u00edmi vakc\u00ednami\u00a0<a href=\"https:\/\/www.thisislocallondon.co.uk\/news\/19542417.covid-vaccinations-16s-wood-green-primark-store\/\">proti koronaviru v obchodech<\/a>\u00a0\u0159et\u011bzce s levn\u00fdm oble\u010den\u00edm Primark.\u00a0<strong>Podle heslem \u201cget vaxxed while you shop\u201d (nechte se o\u010dkovat b\u011bhem nakupov\u00e1n\u00ed) je mo\u017en\u00e9 si zdarma nechat vp\u00e1lit vakc\u00ednu v kabince, kter\u00e9 slou\u017e\u00ed ke zkou\u0161en\u00ed od\u011bv\u016f.<\/strong><\/p>\n<p>To nepostr\u00e1d\u00e1 jist\u00fd humorn\u00fd aspekt. \u017deny by mohly dost\u00e1vat n\u00e1sledn\u011b slevov\u00fd kupon na podprsenky a p\u00e1nov\u00e9 na tren\u00fdrky, kdy\u017e u\u017e se museli vysvl\u00e9ci kv\u016fli o\u010dkov\u00e1n\u00ed.\u00a0<strong>Z o\u010dkov\u00e1n\u00ed je nad\u0161en\u00fd \u0159editel prodeje Prim\u00e1rku pro UK K. Rogers, \u201cpr\u00fd se jedn\u00e1 o velk\u00fd \u00fasp\u011bch\u201d ve v\u0161ech obchodech Prim\u00e1rku, kde je podobn\u00e1 slu\u017eba nab\u00edzena!<\/strong><\/p>\n<figure class=\"wp-block-image size-large\"><img decoding=\"async\" loading=\"lazy\" class=\"wp-image-11156\" src=\"https:\/\/ceskavec.com\/wp-content\/uploads\/2021\/06\/primarkblack-665x1024.jpg\" sizes=\"(max-width: 665px) 100vw, 665px\" srcset=\"https:\/\/ceskavec.com\/wp-content\/uploads\/2021\/06\/primarkblack-665x1024.jpg 665w, https:\/\/ceskavec.com\/wp-content\/uploads\/2021\/06\/primarkblack-195x300.jpg 195w, https:\/\/ceskavec.com\/wp-content\/uploads\/2021\/06\/primarkblack-768x1182.jpg 768w, https:\/\/ceskavec.com\/wp-content\/uploads\/2021\/06\/primarkblack-998x1536.jpg 998w, https:\/\/ceskavec.com\/wp-content\/uploads\/2021\/06\/primarkblack-1331x2048.jpg 1331w, https:\/\/ceskavec.com\/wp-content\/uploads\/2021\/06\/primarkblack.jpg 1380w\" alt=\"\" width=\"300\" height=\"462\" \/><figcaption>Reklama z pra\u017esk\u00e9 pobo\u010dky Primarku? \u017dij\u00ed snad v Praze pouze \u010derno\u0161i?!<\/figcaption><\/figure>\n<p>Primark b\u00fdval zn\u00e1m\u00fd kvalitn\u00edm a levn\u00fdm oble\u010den\u00edm,\u00a0<strong>ale v posledn\u00edch letech se z n\u011bj stal propag\u00e1tor nejr\u016fzn\u011bj\u0161\u00ed globalistick\u00fdch agend. Multikulturalismu, LGBT, eco agendy atd. To bohu\u017eel plat\u00ed i pro jejich pra\u017eskou pobo\u010dku<\/strong>\u00a0(psali<a href=\"https:\/\/ceskavec.com\/2021\/06\/retezec-primark-vstoupil-do-prahy-s-masivni-multikulturni-reklamou-vsude-jsou-cerni-modelove-a-modelky-belosi-rasove-ohledy-nezasluhuji\">\u00a0jsme zde<\/a>).<\/p>\n<p><a href=\"https:\/\/ceskavec.com\/2021\/09\/nechte-se-ockovat-behem-nakupovani-v-primarku-ockovaci-divadlo-nekonci\">S\u00e1ra Stein, NYC, USA<\/a><\/p>\n<p>&nbsp;<\/p>\n","protected":false},"excerpt":{"rendered":"<p>Britsk\u00e1 st\u00e1tn\u00ed zdravotn\u00ed organizace (National Health Service) zah\u00e1jila o\u010dkov\u00e1n\u00ed experiment\u00e1ln\u00edmi vakc\u00ednami\u00a0proti koronaviru v obchodech\u00a0\u0159et\u011bzce s&#8230;<\/p>\n","protected":false},"author":2,"featured_media":4487,"comment_status":"closed","ping_status":"closed","sticky":false,"template":"","format":"standard","meta":[],"categories":[7],"tags":[213,764,48],"_links":{"self":[{"href":"https:\/\/www.infokuryr.cz\/n\/wp-json\/wp\/v2\/posts\/4486"}],"collection":[{"href":"https:\/\/www.infokuryr.cz\/n\/wp-json\/wp\/v2\/posts"}],"about":[{"href":"https:\/\/www.infokuryr.cz\/n\/wp-json\/wp\/v2\/types\/post"}],"author":[{"embeddable":true,"href":"https:\/\/www.infokuryr.cz\/n\/wp-json\/wp\/v2\/users\/2"}],"replies":[{"embeddable":true,"href":"https:\/\/www.infokuryr.cz\/n\/wp-json\/wp\/v2\/comments?post=4486"}],"version-history":[{"count":0,"href":"https:\/\/www.infokuryr.cz\/n\/wp-json\/wp\/v2\/posts\/4486\/revisions"}],"wp:featuredmedia":[{"embeddable":true,"href":"https:\/\/www.infokuryr.cz\/n\/wp-json\/wp\/v2\/media\/4487"}],"wp:attachment":[{"href":"https:\/\/www.infokuryr.cz\/n\/wp-json\/wp\/v2\/media?parent=4486"}],"wp:term":[{"taxonomy":"category","embeddable":true,"href":"https:\/\/www.infokuryr.cz\/n\/wp-json\/wp\/v2\/categories?post=4486"},{"taxonomy":"post_tag","embeddable":true,"href":"https:\/\/www.infokuryr.cz\/n\/wp-json\/wp\/v2\/tags?post=4486"}],"curies":[{"name":"wp","href":"https:\/\/api.w.org\/{rel}","templated":true}]}}