{"id":44852,"date":"2024-01-16T06:46:19","date_gmt":"2024-01-16T05:46:19","guid":{"rendered":"https:\/\/www.infokuryr.cz\/n\/?p=44852"},"modified":"2024-01-16T06:46:19","modified_gmt":"2024-01-16T05:46:19","slug":"madarsko-nehodla-pustit-svedsko-do-nato","status":"publish","type":"post","link":"https:\/\/www.infokuryr.cz\/n\/2024\/01\/16\/madarsko-nehodla-pustit-svedsko-do-nato\/","title":{"rendered":"Ma\u010farsko nehodl\u00e1 pustit \u0160v\u00e9dsko do NATO"},"content":{"rendered":"<div id=\"fb-root\"><\/div>\n<p class=\"lead\"><strong>Legislativn\u00ed program ma\u010farsk\u00e9 vl\u00e1dy nezahrnoval vstup \u0160v\u00e9dska do NATO, informuje televizn\u00ed kan\u00e1l ATV s odkazem na ma\u010farsk\u00e9ho m\u00edstop\u0159edsedu vl\u00e1dy Zsolta Semjena.<\/strong><\/p>\n<p><span>Vl\u00e1dn\u00ed program na jarn\u00ed sch\u016fzi parlamentu 2024 podle n\u011bj obsahuje 18 n\u00e1vrh\u016f z\u00e1kon\u016f a pozm\u011b\u0148ovac\u00edch n\u00e1vrh\u016f.\u00a0Vstup \u0160v\u00e9dska do NATO nebyl na seznamu dokument\u016f zahrnut.\u00a0Parlament bude hlasovat o ot\u00e1zk\u00e1ch souvisej\u00edc\u00edch s vodohospod\u00e1\u0159sk\u00fdmi slu\u017ebami v zemi a o p\u0159ijet\u00ed st\u00e1tn\u00edho rozpo\u010dtu na rok 2025.<\/span><\/p>\n<p><span>Velvyslanci \u0160v\u00e9dska a Finska podali \u017e\u00e1dosti o vstup do NATO v kv\u011btnu 2022.\u00a0V listopadu t\u00e9ho\u017e roku ma\u010farsk\u00fd premi\u00e9r\u00a0<\/span><strong><span>Viktor Orb\u00e1n<\/span><\/strong><span>\u00a0prohl\u00e1sil, \u017ee zem\u011b podpo\u0159\u00ed vstup st\u00e1t\u016f do aliance.\u00a04. dubna 2023 vstoupilo Finsko do NATO.<\/span><\/p>\n<p><span>Turecko a Ma\u010farsko jsou dodnes jedin\u00fdmi \u010dleny NATO, kte\u0159\u00ed neratifikovali \u017e\u00e1dost \u0160v\u00e9dska.\u00a0Budape\u0161\u0165 od\u016fvodnila sv\u016fj postoj t\u00edm, \u017ee Stockholm neust\u00e1le podkop\u00e1v\u00e1 bilater\u00e1ln\u00ed vztahy a stav\u00ed se do pozice \u201emor\u00e1ln\u00ed nad\u0159azenosti\u201c.<\/span><\/p>\n<p><span>Podle ma\u010farsk\u00e9 vl\u00e1dy se \u0160v\u00e9dsko opakovan\u011b sna\u017eilo ude\u0159it na Ma\u010farsko \u2013 nap\u0159\u00edklad v roce 2021, kdy \u0161v\u00e9dsk\u00fd premi\u00e9r\u00a0<\/span><strong><span>Ulf Kristersson<\/span><\/strong><span>\u00a0vyzval k tlaku na Ma\u010farsko v r\u00e1mci Evropsk\u00e9 unie a podpo\u0159e \u201est\u00e1le siln\u011bj\u0161\u00ed\u201c ma\u010farsk\u00e9 opozice.\u00a0Tak\u00e9 podle poradce ma\u010farsk\u00e9 vl\u00e1dy\u00a0<\/span><strong><span>Zolt\u00e1na Kov\u00e1cse<\/span><\/strong><span>\u00a0navrhla \u0161v\u00e9dsk\u00e1 ministryn\u011b pro z\u00e1le\u017eitosti EU\u00a0<\/span><strong><span>Jessica Rosewallov\u00e1<\/span><\/strong><span>\u00a0zastavit p\u0159evod pomoci EU do Ma\u010farska.<\/span><\/p>\n<p><img decoding=\"async\" loading=\"lazy\" class=\"alignnone size-full wp-image-1185\" src=\"http:\/\/www.infokuryr.cz\/n\/wp-content\/uploads\/2021\/04\/kuryr-podpis.png\" alt=\"\" width=\"84\" height=\"24\" \/><\/p>\n<p>&nbsp;<\/p>\n<p>&nbsp;<\/p>\n","protected":false},"excerpt":{"rendered":"<p>Legislativn\u00ed program ma\u010farsk\u00e9 vl\u00e1dy nezahrnoval vstup \u0160v\u00e9dska do NATO, informuje televizn\u00ed kan\u00e1l ATV s odkazem&#8230;<\/p>\n","protected":false},"author":2,"featured_media":15608,"comment_status":"closed","ping_status":"closed","sticky":false,"template":"","format":"standard","meta":[],"categories":[7],"tags":[78,39,124],"_links":{"self":[{"href":"https:\/\/www.infokuryr.cz\/n\/wp-json\/wp\/v2\/posts\/44852"}],"collection":[{"href":"https:\/\/www.infokuryr.cz\/n\/wp-json\/wp\/v2\/posts"}],"about":[{"href":"https:\/\/www.infokuryr.cz\/n\/wp-json\/wp\/v2\/types\/post"}],"author":[{"embeddable":true,"href":"https:\/\/www.infokuryr.cz\/n\/wp-json\/wp\/v2\/users\/2"}],"replies":[{"embeddable":true,"href":"https:\/\/www.infokuryr.cz\/n\/wp-json\/wp\/v2\/comments?post=44852"}],"version-history":[{"count":0,"href":"https:\/\/www.infokuryr.cz\/n\/wp-json\/wp\/v2\/posts\/44852\/revisions"}],"wp:featuredmedia":[{"embeddable":true,"href":"https:\/\/www.infokuryr.cz\/n\/wp-json\/wp\/v2\/media\/15608"}],"wp:attachment":[{"href":"https:\/\/www.infokuryr.cz\/n\/wp-json\/wp\/v2\/media?parent=44852"}],"wp:term":[{"taxonomy":"category","embeddable":true,"href":"https:\/\/www.infokuryr.cz\/n\/wp-json\/wp\/v2\/categories?post=44852"},{"taxonomy":"post_tag","embeddable":true,"href":"https:\/\/www.infokuryr.cz\/n\/wp-json\/wp\/v2\/tags?post=44852"}],"curies":[{"name":"wp","href":"https:\/\/api.w.org\/{rel}","templated":true}]}}