{"id":44850,"date":"2024-01-16T06:25:17","date_gmt":"2024-01-16T05:25:17","guid":{"rendered":"https:\/\/www.infokuryr.cz\/n\/?p=44850"},"modified":"2024-01-16T06:25:17","modified_gmt":"2024-01-16T05:25:17","slug":"michael-svatos-putinuv-definitivni-sach-mat-moci-usa-na-kavkaze-vytlacovani-zapadu-z-asie-v-plnem-proudu","status":"publish","type":"post","link":"https:\/\/www.infokuryr.cz\/n\/2024\/01\/16\/michael-svatos-putinuv-definitivni-sach-mat-moci-usa-na-kavkaze-vytlacovani-zapadu-z-asie-v-plnem-proudu\/","title":{"rendered":"Michael Svato\u0161: Putin\u016fv definitivn\u00ed \u0160ach-Mat moci USA na Kavkaze! Vytla\u010dov\u00e1n\u00ed Z\u00e1padu z Asie v pln\u00e9m proudu!"},"content":{"rendered":"<div id=\"fb-root\"><\/div>\n<p><span style=\"font-size: 18pt;\"><strong>Putin\u016fv definitivn\u00ed \u0160ach-Mat moci USA na Kavkaze! Vytla\u010dov\u00e1n\u00ed Z\u00e1padu z Asie v pln\u00e9m proudu! HIV hlavn\u00edm d\u016fvodem pro diagnosu Neschopen mobilizace! na Ukrajin\u011b!<\/strong><\/span><\/p>\n<p><em>T\u0159et\u00ed d\u00edl op\u011bt popisuje operaci \u017dab\u00e1k. Nejd\u011bsiv\u011bj\u0161\u00ed zpr\u00e1va z Ukrajiny je op\u011bt na konci dne\u0161n\u00ed anal\u00fdzy.<\/em><\/p>\n<p>\u010c\u00ednsk\u00fd ministr zahrani\u010d\u00ed Wang-Yi dorazil v sobotu ve\u010der p\u0159i sv\u00e9 prvn\u00ed leto\u0161n\u00ed zahrani\u010dn\u00ed cest\u011b do K\u00e1hiry, a<a href=\"https:\/\/www.globaltimes.cn\/page\/202401\/1305361.shtml\">\u00a0hned v pond\u011bl\u00ed podepsal s Egyptem<\/a>, nov\u00fdm \u010dlenem skupiny BRICS,\u00a0<em>druh\u00fd p\u011btilet\u00fd pl\u00e1n komplexn\u00edho strategick\u00e9ho partnerstv\u00ed mezi \u010c\u00ednou a Egyptem<\/em>. Pl\u00e1n zahrnuje v\u0161estrann\u00fd rozvoj Egypta, od otev\u0159en\u00ed nov\u00fdch ropn\u00fdch vrt\u016f, proto\u017ee v Egypt\u011b se na\u0161lo nov\u00e9 obrovsk\u00e9 nalezi\u0161t\u011b, p\u0159es vybudov\u00e1n\u00ed nov\u00fdch tov\u00e1ren, a\u017e po vypu\u0161t\u011bn\u00ed druh\u00e9ho egyptsk\u00e9ho satelitu \u010d\u00ednskou raketou. Egypt tak definitivn\u011b p\u0159e\u0161el pod patronaci Ruska a \u010c\u00edny,\u00a0<a href=\"https:\/\/www.youm7.com\/story\/2024\/1\/14\/%D9%85%D8%B5%D8%B1-%D9%88%D8%A7%D9%84%D8%B5%D9%8A%D9%86-%D8%AA%D9%88%D9%82%D8%B9%D8%A7%D9%86-%D8%B4%D8%B1%D8%A7%D9%83%D8%A9-%D8%A7%D8%B3%D8%AA%D8%B1%D8%A7%D8%AA%D9%8A%D8%AC%D9%8A%D8%A9-%D8%B4%D8%A7%D9%85%D9%84%D8%A9-%D8%AD%D8%AA%D9%89-2028-%D9%88%D8%B2%D9%8A%D8%B1-%D8%A7%D9%84%D8%AE%D8%A7%D8%B1%D8%AC%D9%8A%D8%A9\/6446696\">a oba minist\u0159i zahrani\u010d\u00ed si podle toho notovali<\/a>\u00a0\u2013\u00a0<em>Je t\u0159eba ukon\u010dit barbarskou v\u00e1lku v Gaze, je t\u0159eba odsoudit v Haagu Izrael za genocidu, je t\u0159eba, aby USA okam\u017eit\u011b p\u0159estaly bombardovat jemensk\u00e9 Hutie, proto\u017ee jim to OSN nepovolila<\/em>\u2026., a mohli bychom pokra\u010dovat. Wang-Yi teprve svoji leto\u0161n\u00ed cestu po Africe zah\u00e1jil, a v Bruselu i ve Washingtonu u\u017e hr\u016fzou vst\u00e1vaj\u00ed vlasy na hlav\u011b, co se bude d\u00edt d\u00e1l!<\/p>\n<p><a href=\"https:\/\/stranapro.cz\/\"><img decoding=\"async\" loading=\"lazy\" class=\"wp-image-40285 aligncenter\" src=\"http:\/\/www.infokuryr.cz\/n\/wp-content\/uploads\/2023\/11\/11pro-300x79.png\" alt=\"\" width=\"684\" height=\"180\" srcset=\"https:\/\/www.infokuryr.cz\/n\/wp-content\/uploads\/2023\/11\/11pro-300x79.png 300w, https:\/\/www.infokuryr.cz\/n\/wp-content\/uploads\/2023\/11\/11pro.png 363w\" sizes=\"(max-width: 684px) 100vw, 684px\" \/><\/a><\/p>\n<p>Na Kavkaze zase na p\u0159elomu roku ne\u010dekan\u011b mazan\u011b za\u00fa\u0159adoval Putin a\u00a0<a href=\"https:\/\/jamestown.org\/program\/aras-corridor-provides-problems-and-solutions-for-connectivity-issues-in-south-caucasus\/\">CIA hned psala do Washingtonu hore\u010dnat\u00e9 st\u00ed\u017enosti<\/a>, \u017ee i nejnov\u011bj\u0161\u00ed americk\u00fd pl\u00e1n na ovl\u00e1dnut\u00ed Kavkazu byl zase zma\u0159en. Jak CIA odhalila, Rusko a Ir\u00e1n, a \u00c1zerb\u00e1jd\u017e\u00e1n a Turecko, je\u0161t\u011b v roce 2020 zavil\u00ed nep\u0159\u00e1tel\u00e9 kv\u016fli Rusko-Ir\u00e1nsk\u00e9 podpo\u0159e Arm\u00e9nie, se te\u010f domluvily, \u017ee v pr\u016fb\u011bhu leto\u0161n\u00edho ledna podep\u00ed\u0161\u00ed smlouvy o vybudov\u00e1n\u00ed tzv.\u00a0<a href=\"https:\/\/en.trend.az\/business\/transport\/3838980.html\">Koridoru ARAS<\/a>, kter\u00fd spoj\u00ed Ir\u00e1n, \u00c1zerb\u00e1jd\u017e\u00e1n, Turecko, Gruzii a Rusko nov\u00fdmi \u017eeleznicemi a d\u00e1lnicemi, a kter\u00fd bude d\u016fsledn\u011b obch\u00e1zet \u00fazem\u00ed Arm\u00e9nie, zejm\u00e9na tzv. Zangezursk\u00fd koridor, kter\u00fd blokuje v\u0161echna st\u00e1vaj\u00edc\u00ed spojen\u00ed centr\u00e1ln\u00edho \u00c1zerb\u00e1jd\u017e\u00e1nu s jeho enkl\u00e1vou Nachi\u010devanem, a mezi v\u0161emi zem\u011bmi regionu.<\/p>\n<p>Arm\u00e9nsk\u00fd n\u00e1\u010deln\u00edk Nikol Pa\u0161injan\u00a0<a href=\"https:\/\/arka.am\/en\/news\/economy\/special_unit_set_up_to_ensure_safety_of_international_communications_passing_through_armenia_\/\">na rady sv\u00fdch nov\u00fdch z\u00e1padn\u00edch poradc\u016f zalo\u017eil 2. listopadu speci\u00e1ln\u00ed vojenskou jednotku<\/a>, kter\u00e1 m\u011bla na arm\u00e9nsk\u00e9m \u00fazem\u00ed v Zangezursk\u00e9m koridoru tzv. st\u0159e\u017eit a kontrolovat ve\u0161kerou dopravu mezi Ir\u00e1nem, \u00c1zerb\u00e1jd\u017e\u00e1nem, Tureckem, Ruskem a Gruzi\u00ed, tak ostrouhal, a te\u010f s p\u0159ekvapen\u00edm zjistil, \u017ee \u017e\u00e1dn\u00e1 doprava p\u0159es Arm\u00e9nii nebude, proto\u017ee v\u0161echny zem\u011b v jej\u00edm okol\u00ed se dohodly, \u017ee nov\u00e9 d\u00e1lnice a \u017eeleznice celou Arm\u00e9nii obejdou. Bude to drah\u00e9, ale \u010c\u00ed\u0148an\u00e9 i ropn\u00ed export\u00e9\u0159i maj\u00ed dolar\u016f nadbytek, a nehodlaj\u00ed p\u0159ipustit, aby jim n\u011bjak\u00fd nov\u00fd vazal Washingtonu na Kavkaze kontroloval n\u00e1klady, kter\u00e9 si mezi sebou pos\u00edlaj\u00ed. Analytici CIA ze smlouvy o koridoru ARAS vyvozuj\u00ed,\u00a0<a href=\"https:\/\/jamestown.org\/program\/aras-corridor-provides-problems-and-solutions-for-connectivity-issues-in-south-caucasus\/\">\u017ee tak brzy vejde v platnost nov\u00e1 smlouva, kter\u00e1 u\u017e je podepsan\u00e1,\u00a0 a podle kter\u00e9 budou ve\u0161ker\u00e9 mezin\u00e1rodn\u00ed dopravn\u00ed trasy a n\u00e1klady na Kavkaze st\u0159e\u017eit ne Z\u00e1padem vycvi\u010den\u00e9 arm\u00e9nsk\u00e9 jednotky, ale p\u0159\u00edmo Gosudarova arm\u00e1da!<\/a>\u00a0P\u0159edpokl\u00e1d\u00e1 se, \u017ee Pa\u0161injan, kter\u00fd vlaje jako korouhvi\u010dka, podle toho, kam v\u011btry foukaj\u00ed, rychle p\u0159ehod\u00ed v\u00fdhybky arm\u00e9nsk\u00e9 politiky a p\u0159ipoj\u00ed se k nov\u00e9mu Putinovu dopravn\u00edmu projektu. Ekonomicky mu nic jin\u00e9ho ani nezb\u00fdv\u00e1.<\/p>\n<p><img decoding=\"async\" loading=\"lazy\" class=\"wp-image-8720 aligncenter\" src=\"https:\/\/www.michalapetr.com\/wp-content\/uploads\/2024\/01\/1402102411422658629192434.jpg\" sizes=\"(max-width: 800px) 100vw, 800px\" srcset=\"https:\/\/www.michalapetr.com\/wp-content\/uploads\/2024\/01\/1402102411422658629192434.jpg 800w, https:\/\/www.michalapetr.com\/wp-content\/uploads\/2024\/01\/1402102411422658629192434-300x209.jpg 300w, https:\/\/www.michalapetr.com\/wp-content\/uploads\/2024\/01\/1402102411422658629192434-768x535.jpg 768w, https:\/\/www.michalapetr.com\/wp-content\/uploads\/2024\/01\/1402102411422658629192434-705x491.jpg 705w, https:\/\/www.michalapetr.com\/wp-content\/uploads\/2024\/01\/1402102411422658629192434-450x313.jpg 450w\" alt=\"\" width=\"799\" height=\"556\" \/><\/p>\n<p>14. ledna 2024<a href=\"https:\/\/www.tasnimnews.com\/en\/news\/2024\/01\/14\/3022941\/azeri-cadets-can-enroll-in-phd-courses-in-iran-commander\">\u00a0se gener\u00e1l major \u00c1zerb\u00e1jd\u017e\u00e1nu Arif Hasanov (vlevo) radil v Teher\u00e1nu s ir\u00e1nsk\u00fdm brig\u00e1dn\u00edm gener\u00e1lem Esmaeilem Ahmadi Moqaddamem<\/a>\u00a0o vysl\u00e1n\u00ed d\u016fstojn\u00edk\u016f \u00c1zerb\u00e1jd\u017e\u00e1nu ke zdokonalen\u00ed na Ir\u00e1nskou v\u00e1le\u010dnou akademii.\u00a0<a href=\"https:\/\/www.tasnimnews.com\/en\/news\/2023\/08\/23\/2945498\/iran-azerbaijan-military-cooperation-interaction-growing-in-all-fields-top-general\">Je to dal\u0161\u00ed krok v posilov\u00e1n\u00ed vojensk\u00e9 spolupr\u00e1ce obou zem\u00ed podle sc\u00e9n\u00e1\u0159e Putinova letn\u00edho gambitu<\/a>. Ir\u00e1n za odm\u011bnu<a href=\"https:\/\/www.tasnimnews.com\/en\/news\/2023\/11\/28\/2996773\/deal-done-iran-to-get-mil-mi-28-chopper-sukhoi-su-35-jet\">\u00a0z\u00edsk\u00e1 nejnov\u011bj\u0161\u00ed rusk\u00e9 st\u00edha\u010dky SU-35, a dal\u0161\u00ed modern\u00ed zbran\u011b<\/a>. (<a href=\"https:\/\/www.michalapetr.com\/map-1789-putinuv-armensky-gambit-washington-i-brusel-bezmocne-lapaji-po-dechu-co-jim-to-zase-putin-provedl-gargamelova-lekce-z-geopolitiky\/\">Podrobn\u011b o Putinov\u011b gambitu zde v MAP 1789.<\/a>\u00a0)<\/p>\n<p><img decoding=\"async\" loading=\"lazy\" class=\"wp-image-8722 aligncenter\" src=\"https:\/\/www.michalapetr.com\/wp-content\/uploads\/2024\/01\/1402102515205816929201694.jpg\" sizes=\"(max-width: 800px) 100vw, 800px\" srcset=\"https:\/\/www.michalapetr.com\/wp-content\/uploads\/2024\/01\/1402102515205816929201694.jpg 800w, https:\/\/www.michalapetr.com\/wp-content\/uploads\/2024\/01\/1402102515205816929201694-300x209.jpg 300w, https:\/\/www.michalapetr.com\/wp-content\/uploads\/2024\/01\/1402102515205816929201694-768x535.jpg 768w, https:\/\/www.michalapetr.com\/wp-content\/uploads\/2024\/01\/1402102515205816929201694-705x491.jpg 705w, https:\/\/www.michalapetr.com\/wp-content\/uploads\/2024\/01\/1402102515205816929201694-450x313.jpg 450w\" alt=\"\" width=\"799\" height=\"556\" \/><\/p>\n<p><a href=\"https:\/\/www.tasnimnews.com\/en\/news\/2024\/01\/15\/3023619\/iran-supports-navigation-safety-in-region\">V\u010dera 15. ledna se setkali indick\u00fd ministr zahrani\u010d\u00ed Jaishankar a ir\u00e1nsk\u00fd Amirabdollahian.<\/a>\u00a0Ir\u00e1nsk\u00fd ministr ozn\u00e1mil, \u017ee plavba v adensk\u00e9m z\u00e1livu je pro v\u0161echny lod\u011b, krom\u011b anglosask\u00fdch a izraelsk\u00fdch bezpe\u010dn\u00e1, proto\u017ee H\u00fatiov\u00e9 na tyto lod\u011b nebudou \u00fato\u010dit, a Indick\u00fd ministr ozn\u00e1mil, \u017ee Indie m\u00e1 mimo\u0159\u00e1dn\u00fd z\u00e1jem zapojit se v\u00fdstavby a vyu\u017e\u00edv\u00e1n\u00ed nov\u00fdch dopravn\u00edch koridor\u016f, kter\u00e9 povedou z Ir\u00e1nu do \u201cSevern\u00edch zem\u00ed\u201d, (Kavkaz + Rusko), a \u017ee Indie cel\u00fd projekt podporuje. Indick\u00fd ministr tak\u00e9 po\u017eadoval konec \u00fatok\u016f na lodi v oblasti, proto\u017ee to ohro\u017euje indick\u00e9 z\u00e1jmy, a dovoz ropy. A\u010dkoli byl indick\u00fd ministr ve sv\u00e9 r\u00e9torice zdr\u017eenliv\u011bj\u0161\u00ed, hlavn\u00ed strategii Putina na vytvo\u0159en\u00ed dopravn\u00edch koridor\u016f p\u0159es Ir\u00e1n do Indie, kter\u00e9 budou mimo kontrolu USA, jednozna\u010dn\u011b podpo\u0159il.<\/p>\n<p>Po n\u00e1letech USA a Brit\u00e1nie na Jemen, H\u00fat\u00edov\u00e9 v\u010dera p\u0159ekonali protiraketovou obranu z\u00e1padn\u00edho n\u00e1mo\u0159n\u00edho uskupen\u00ed v Adensk\u00e9m z\u00e1livu, a podp\u00e1lili americkou kontejnerovou lo\u010f.\u00a0<a href=\"https:\/\/t.me\/swodki\/340486\">Video z obrovsk\u00e9ho po\u017e\u00e1ru na lodi, zde na rusk\u00e9m kan\u00e1lu<\/a>. Britsko-americk\u00e1 hl\u00e1\u0161en\u00ed\u00a0<a href=\"https:\/\/www.bbc.com\/news\/world-middle-east-67986226\">potvrzuj\u00ed pouze z\u00e1sah kontejnerov\u00e9 lodi p\u0159ev\u00e1\u017eej\u00edc\u00ed ocel, a tvrd\u00ed: \u017e\u00e1dn\u00e1 zran\u011bn\u00ed ani v\u00fdznamn\u00e9 \u0161kody<\/a><\/p>\n<p>Nejd\u011bsiv\u011bj\u0161\u00ed zpr\u00e1va dne ov\u0161em p\u0159i\u0161la z Ukrajiny.\u00a0<a href=\"https:\/\/suspilne.media\/660270-na-zitomirsini-obmezeno-pridatnimi-do-sluzbi-viznali-43-tih-hto-prohodiv-vlk\/\">Podle n\u00ed se v roce 2023 stala nemoc HIV nej\u010dast\u011bj\u0161\u00edm d\u016fvodem pro stanoven\u00ed neschopnosti vykon\u00e1vat vojenskou slu\u017ebu pro mobilizovan\u00e9 Ukrajince<\/a>. Pr\u016fm\u011brn\u00e1 neschopnost mobilizovan\u00fdch slou\u017eit v arm\u00e1d\u011b se zv\u00fd\u0161ila ze 20% na 27%. P\u0159i\u010dem\u017e na v\u00fdchodn\u00ed Ukrajin\u011b dosahuje 54% v Dn\u011bpropetrovsk\u00e9m regionu, 43% v \u017ditomirsk\u00e9m a 38% ve Vinick\u00e9m regionu.\u00a0 Naopak nejm\u00e9n\u011b neschopn\u00fdch mobilizovan\u00fdch branc\u016f bylo nalezeno v z\u00e1padn\u00edch nacionalistick\u00fdch regionech\u00a0 \u2013 Lvov 18% a Rovno 16%. Na spodn\u00edm grafu od ukrajinsk\u00e9 N\u00e1rodn\u00ed agentury pro prevenci korupce modr\u00e9 \u00fadaje p\u0159edstavuj\u00ed neschopn\u00e9 mobilizovan\u00e9 brance v roce 2022, a \u017elut\u00e9 za prvn\u00edch 9 m\u011bs\u00edc\u016f lo\u0148sk\u00e9ho roku.<\/p>\n<p><img decoding=\"async\" loading=\"lazy\" class=\"wp-image-8724 aligncenter\" src=\"https:\/\/www.michalapetr.com\/wp-content\/uploads\/2024\/01\/07c88888.png\" sizes=\"(max-width: 794px) 100vw, 794px\" srcset=\"https:\/\/www.michalapetr.com\/wp-content\/uploads\/2024\/01\/07c88888.png 794w, https:\/\/www.michalapetr.com\/wp-content\/uploads\/2024\/01\/07c88888-300x168.png 300w, https:\/\/www.michalapetr.com\/wp-content\/uploads\/2024\/01\/07c88888-768x429.png 768w, https:\/\/www.michalapetr.com\/wp-content\/uploads\/2024\/01\/07c88888-705x394.png 705w, https:\/\/www.michalapetr.com\/wp-content\/uploads\/2024\/01\/07c88888-450x252.png 450w\" alt=\"\" width=\"973\" height=\"544\" \/><\/p>\n<p>Z grafu se zd\u00e1, bu\u010f, \u017ee V\u00fdchodn\u00ed Ukrajinci necht\u011bj\u00ed b\u00fdt mobilizov\u00e1ni, a korupce tam jenom kvete, a simulovat krevn\u00ed test na HIV nen\u00ed pro \u0161ikovnou komisi nic slo\u017eit\u00e9, nebo, \u017ee nemoc HIV \u0159\u00e1d\u00ed na Ukrajin\u011b v\u00edce ne\u017e si byly dosud ukrajinsk\u00e9 st\u00e1tn\u00ed org\u00e1ny ochotny p\u0159ipustit.\u00a0<a href=\"https:\/\/www.michalapetr.com\/map-1849-epidemie-hiv-se-na-ukrajine-vymkla-kontrole-1-ukrajincu-ma-hiv-priznala-vedouci-lekarka-ukrajiny-pro-boj-s-hiv-epidemii-zpusobila-valka-a-migrace-v-cr-je-tomu-uz-obdobne\/\">Jak jsme analyzovali v MAP 1849<\/a>, podle sd\u011blen\u00ed vedouc\u00ed ukrajinsk\u00e9 l\u00e9ka\u0159ky pro boj s HIV bylo \u00fa\u0159ady zji\u0161t\u011bno, \u017ee 1% ve\u0161ker\u00e9 populace Dn\u011bpropetrovska je u\u017e naka\u017eeno HIV! Situace v\u0161ak podle odhalen\u00ed vojensk\u00fdch mobiliza\u010dn\u00edch komis\u00ed m\u016f\u017ee b\u00fdt je\u0161t\u011b mnohem d\u011bsiv\u011bj\u0161\u00ed!!! V roce 2022 p\u0159edstavovaly hlavn\u00ed d\u016fvod neschopnosti pro povol\u00e1n\u00ed do arm\u00e1dy nemoci p\u00e1te\u0159e, v roce 2021 nemoci o\u010d\u00ed. V Kyjev\u011b chytili a soud\u00ed t\u0159i m\u011bstsk\u00e9 poslance, za to \u017ee se rok vyh\u00fdbali mobilizaci.<\/p>\n<p>Po velmi\u00a0<a href=\"https:\/\/cz24.news\/desivy-dopis-pred-smrti-umuceny-americky-valecny-zpravodaj-gonzalov-lira-z-vezeni-tajne-poslal-dopis-sestre-kde-popisuje-svoje-desive-umirani-lira-si-naivne-myslel-ze-k-odchodu-z-ukrajiny-mu-stac\/\">podez\u0159el\u00e9 smrti americk\u00e9ho novin\u00e1\u0159e Gonzalo Liry<\/a>, kter\u00fd byl Zelensk\u00fdm vsazen do ukrajinsk\u00e9ho v\u011bzen\u00ed, proto\u017ee pr\u00fd informoval v prorusk\u00e9m duchu, se v\u010dera do pozornosti dostal dal\u0161\u00ed novin\u00e1\u0159 v ohro\u017een\u00ed\u00a0 \u2013 Yuri Nikolov. Nikolov se proslavil odhalen\u00edm miliardov\u00e9 korupce na ministerstvu obrany, kter\u00e1 vedla k p\u00e1du ministra obrany Oleksie Reznikova, a Reznikov mu nejprve vyhro\u017eoval, \u017ee se o n\u011bj za\u010dne zaj\u00edmat ukrajinsk\u00e1 tajn\u00e1 slu\u017eba SBU, a potom, v\u010dera se u\u017e Nikolov stal ter\u010dem p\u0159\u00edm\u00e9ho \u00fatoku dosud nezn\u00e1m\u00fdch osob \u2013\u00a0<a href=\"https:\/\/www.kyivpost.com\/post\/26774\">ukrajinsk\u00e9 video zde.<\/a>\u00a0 Na Ukrajin\u011b z toho je velk\u00fd skand\u00e1l. Je ov\u0161em tak\u00e9 mo\u017en\u00e9, \u017ee jde o klasickou operaci\u00a0<a href=\"https:\/\/www.csfd.cz\/film\/5959-vrteti-psem\/prehled\/\">Vrt\u011bti psem<\/a>\u00a0na odveden\u00ed pozornosti.<\/p>\n<p><a href=\"https:\/\/www.michalapetr.com\/map-1884-putinuv-definitivni-sach-mat-moci-usa-na-kavkaze-vytlacovani-zapadu-z-asie-v-plnem-proudu-hiv-hlavnim-duvodem-pro-diagnosu-neschopen-mobilizace-na-ukrajine\/\">Michael Svato\u0161<\/a><\/p>\n<p><img decoding=\"async\" loading=\"lazy\" class=\"alignnone size-full wp-image-27204\" src=\"http:\/\/www.infokuryr.cz\/n\/wp-content\/uploads\/2023\/05\/Michael_Svatos.png\" alt=\"\" width=\"180\" height=\"180\" srcset=\"https:\/\/www.infokuryr.cz\/n\/wp-content\/uploads\/2023\/05\/Michael_Svatos.png 180w, https:\/\/www.infokuryr.cz\/n\/wp-content\/uploads\/2023\/05\/Michael_Svatos-150x150.png 150w\" sizes=\"(max-width: 180px) 100vw, 180px\" \/><\/p>\n<p>&nbsp;<\/p>\n<p>&nbsp;<\/p>\n","protected":false},"excerpt":{"rendered":"<p>Putin\u016fv definitivn\u00ed \u0160ach-Mat moci USA na Kavkaze! Vytla\u010dov\u00e1n\u00ed Z\u00e1padu z Asie v pln\u00e9m proudu! HIV&#8230;<\/p>\n","protected":false},"author":2,"featured_media":44851,"comment_status":"closed","ping_status":"closed","sticky":false,"template":"","format":"standard","meta":[],"categories":[6],"tags":[1042,760,5920,102,37],"_links":{"self":[{"href":"https:\/\/www.infokuryr.cz\/n\/wp-json\/wp\/v2\/posts\/44850"}],"collection":[{"href":"https:\/\/www.infokuryr.cz\/n\/wp-json\/wp\/v2\/posts"}],"about":[{"href":"https:\/\/www.infokuryr.cz\/n\/wp-json\/wp\/v2\/types\/post"}],"author":[{"embeddable":true,"href":"https:\/\/www.infokuryr.cz\/n\/wp-json\/wp\/v2\/users\/2"}],"replies":[{"embeddable":true,"href":"https:\/\/www.infokuryr.cz\/n\/wp-json\/wp\/v2\/comments?post=44850"}],"version-history":[{"count":0,"href":"https:\/\/www.infokuryr.cz\/n\/wp-json\/wp\/v2\/posts\/44850\/revisions"}],"wp:featuredmedia":[{"embeddable":true,"href":"https:\/\/www.infokuryr.cz\/n\/wp-json\/wp\/v2\/media\/44851"}],"wp:attachment":[{"href":"https:\/\/www.infokuryr.cz\/n\/wp-json\/wp\/v2\/media?parent=44850"}],"wp:term":[{"taxonomy":"category","embeddable":true,"href":"https:\/\/www.infokuryr.cz\/n\/wp-json\/wp\/v2\/categories?post=44850"},{"taxonomy":"post_tag","embeddable":true,"href":"https:\/\/www.infokuryr.cz\/n\/wp-json\/wp\/v2\/tags?post=44850"}],"curies":[{"name":"wp","href":"https:\/\/api.w.org\/{rel}","templated":true}]}}