{"id":44848,"date":"2024-01-16T06:18:57","date_gmt":"2024-01-16T05:18:57","guid":{"rendered":"https:\/\/www.infokuryr.cz\/n\/?p=44848"},"modified":"2024-01-16T06:18:57","modified_gmt":"2024-01-16T05:18:57","slug":"iran-odpaluje-rakety-na-teroristy-a-spiony-pobliz-americkeho-konzulatu","status":"publish","type":"post","link":"https:\/\/www.infokuryr.cz\/n\/2024\/01\/16\/iran-odpaluje-rakety-na-teroristy-a-spiony-pobliz-americkeho-konzulatu\/","title":{"rendered":"\u00cdr\u00e1n odpaluje rakety na \u201eteroristy a \u0161piony\u201c pobl\u00ed\u017e americk\u00e9ho konzul\u00e1tu"},"content":{"rendered":"<div id=\"fb-root\"><\/div>\n<p><span style=\"font-size: 18pt;\"><strong>\u00datoky v Ir\u00e1ku a S\u00fdrii byly odvetou za bombardov\u00e1n\u00ed Kerm\u00e1nu z 3. ledna, uvedly IRGC<\/strong><\/span><\/p>\n<p><span>Isl\u00e1msk\u00e9 revolu\u010dn\u00ed gardy uvedly, \u017ee v pond\u011bl\u00ed pou\u017eily balistick\u00e9 st\u0159ely proti z\u00e1kladn\u011b ISIS v S\u00fdrii a pevnosti izraelsk\u00e9 \u0161pion\u00e1\u017en\u00ed slu\u017eby Mossad v Ir\u00e1ku v odvet\u011b za ned\u00e1vn\u00e9 teroristick\u00e9 bombov\u00e9 \u00fatoky v \u00cdr\u00e1nu.<\/span><\/p>\n<p><span>Dva v\u00fdbuchy zabily 3. ledna v Kerm\u00e1nu t\u00e9m\u011b\u0159 100 lid\u00ed, kdy\u017e se poutn\u00edci shrom\u00e1\u017edili, aby uctili zesnul\u00e9ho gener\u00e1la K\u00e1sema Solejm\u00e1n\u00edho, zabit\u00e9ho USA v roce 2021. K odpov\u011bdnosti se p\u0159ihl\u00e1sil Isl\u00e1msk\u00fd st\u00e1t (IS, d\u0159\u00edve ISIS).\u00a0Minul\u00fd m\u011bs\u00edc dal\u0161\u00ed sebevra\u017eedn\u00fd atent\u00e1t ve m\u011bst\u011b Rask zabil 11 \u00edr\u00e1nsk\u00fdch policist\u016f.\u00a0Bylo to obvin\u011bno z p\u00e1kist\u00e1nsk\u00e9 skupiny Jaish Al-Adl.<\/span><\/p>\n<p><em><span>\u201eV reakci na ned\u00e1vn\u00e9 zlo\u010diny teroristick\u00fdch skupin, kter\u00e9 nespravedliv\u011b zabily skupinu na\u0161ich drah\u00fdch krajan\u016f v Kermanu a Rasku, jsme identifikovali m\u00edsta shroma\u017e\u010fov\u00e1n\u00ed velitel\u016f a slo\u017eek ISIS souvisej\u00edc\u00edch s ned\u00e1vn\u00fdmi teroristick\u00fdmi operacemi na okupovan\u00fdch \u00fazem\u00edch S\u00fdrie a zni\u010dili je. odp\u00e1len\u00edm \u0159ady balistick\u00fdch st\u0159el,\u201c<\/span><\/em><span>\u00a0uvedly IRGC v prohl\u00e1\u0161en\u00ed.<\/span><\/p>\n<div class=\"rtcode\">\n<div class=\"twitter-tweet twitter-tweet-rendered\"><iframe id=\"twitter-widget-0\" class=\"\" title=\"X Post\" src=\"https:\/\/platform.twitter.com\/embed\/Tweet.html?creatorScreenName=RT_com&amp;dnt=false&amp;embedId=twitter-widget-0&amp;features=eyJ0ZndfdGltZWxpbmVfbGlzdCI6eyJidWNrZXQiOltdLCJ2ZXJzaW9uIjpudWxsfSwidGZ3X2ZvbGxvd2VyX2NvdW50X3N1bnNldCI6eyJidWNrZXQiOnRydWUsInZlcnNpb24iOm51bGx9LCJ0ZndfdHdlZXRfZWRpdF9iYWNrZW5kIjp7ImJ1Y2tldCI6Im9uIiwidmVyc2lvbiI6bnVsbH0sInRmd19yZWZzcmNfc2Vzc2lvbiI6eyJidWNrZXQiOiJvbiIsInZlcnNpb24iOm51bGx9LCJ0ZndfZm9zbnJfc29mdF9pbnRlcnZlbnRpb25zX2VuYWJsZWQiOnsiYnVja2V0Ijoib24iLCJ2ZXJzaW9uIjpudWxsfSwidGZ3X21peGVkX21lZGlhXzE1ODk3Ijp7ImJ1Y2tldCI6InRyZWF0bWVudCIsInZlcnNpb24iOm51bGx9LCJ0ZndfZXhwZXJpbWVudHNfY29va2llX2V4cGlyYXRpb24iOnsiYnVja2V0IjoxMjA5NjAwLCJ2ZXJzaW9uIjpudWxsfSwidGZ3X3Nob3dfYmlyZHdhdGNoX3Bpdm90c19lbmFibGVkIjp7ImJ1Y2tldCI6Im9uIiwidmVyc2lvbiI6bnVsbH0sInRmd19kdXBsaWNhdGVfc2NyaWJlc190b19zZXR0aW5ncyI6eyJidWNrZXQiOiJvbiIsInZlcnNpb24iOm51bGx9LCJ0ZndfdXNlX3Byb2ZpbGVfaW1hZ2Vfc2hhcGVfZW5hYmxlZCI6eyJidWNrZXQiOiJvbiIsInZlcnNpb24iOm51bGx9LCJ0ZndfdmlkZW9faGxzX2R5bmFtaWNfbWFuaWZlc3RzXzE1MDgyIjp7ImJ1Y2tldCI6InRydWVfYml0cmF0ZSIsInZlcnNpb24iOm51bGx9LCJ0ZndfbGVnYWN5X3RpbWVsaW5lX3N1bnNldCI6eyJidWNrZXQiOnRydWUsInZlcnNpb24iOm51bGx9LCJ0ZndfdHdlZXRfZWRpdF9mcm9udGVuZCI6eyJidWNrZXQiOiJvbiIsInZlcnNpb24iOm51bGx9fQ%3D%3D&amp;frame=false&amp;hideCard=false&amp;hideThread=false&amp;id=1747000903423373781&amp;lang=cs&amp;origin=https%3A%2F%2Fswentr.site%2Fnews%2F590702-iran-missiles-terrorists-spies%2F&amp;sessionId=cf8949fdf5f0a7e3bcf622d0efb56a2c074992ca&amp;siteScreenName=RT_com&amp;theme=light&amp;widgetsVersion=2615f7e52b7e0%3A1702314776716&amp;width=550px\" frameborder=\"0\" scrolling=\"no\" allowfullscreen=\"allowfullscreen\" data-tweet-id=\"1747000903423373781\" data-mce-fragment=\"1\"><\/iframe><\/div>\n<\/div>\n<p><span>V n\u00e1sledn\u00e9m prohl\u00e1\u0161en\u00ed IRGC uvedla, \u017ee tak\u00e9 pou\u017eila rakety proti\u00a0<\/span><em><span>\u201ejednomu z hlavn\u00edch \u0161pion\u00e1\u017en\u00edch velitelstv\u00ed sionistick\u00e9ho re\u017eimu (Mossadu) v ir\u00e1ck\u00e9 oblasti Kurdist\u00e1n\u201c.<\/span><\/em><\/p>\n<p><span>\u00datok byl\u00a0<\/span><em><span>\u201ereakc\u00ed na ned\u00e1vn\u00e9 zlo sionistick\u00e9ho re\u017eimu p\u0159i umu\u010den\u00ed velitel\u016f Sboru revolu\u010dn\u00edch gard a Fronty odporu,\u201c<\/span><\/em><span>\u00a0dodaly IRGC.<\/span><\/p>\n<p><em><span>&#8222;Uji\u0161\u0165ujeme n\u00e1\u0161 milovan\u00fd n\u00e1rod, \u017ee \u00fato\u010dn\u00e9 operace IRGC budou pokra\u010dovat, dokud nebudou pomst\u011bny posledn\u00ed kapky krve mu\u010dedn\u00edk\u016f,&#8220;<\/span><\/em><span>\u00a0uvedla skupina.<\/span><\/p>\n<p><span>I kdy\u017e ozn\u00e1men\u00ed neup\u0159es\u0148ovala m\u00edsto obou \u00fader\u016f, zpr\u00e1vy z Ir\u00e1ku nazna\u010dovaly, \u017ee rakety zas\u00e1hly m\u011bsto Erbil.\u00a0<\/span><a href=\"https:\/\/swentr.site\/news\/551812-iran-responsibility-missil-attack-erbil\/\" target=\"_blank\" rel=\"noopener noreferrer\"><span>\u00cdr\u00e1n ji\u017e d\u0159\u00edve, v b\u0159eznu 2022<\/span><\/a><span>\u00a0, za\u00fato\u010dil na \u00fadajn\u00e9 izraelsk\u00e9 c\u00edle v Erbilu\u00a0v r\u00e1mci odvety za n\u00e1lety v S\u00fdrii, kter\u00e9 zabily dva d\u016fstojn\u00edky IRGC.<\/span><\/p>\n<p><span>Podez\u0159el\u00e1 z\u00e1kladna Mossad byla pobl\u00ed\u017e americk\u00e9ho konzul\u00e1tu v Erbilu, co\u017e vedlo k myln\u00fdm zpr\u00e1v\u00e1m, \u017ee c\u00edlem byli Ameri\u010dan\u00e9.<\/span><\/p>\n<p><span>Ir\u00e1ck\u00fd bezpe\u010dnostn\u00ed zdroj \u0159ekl ABC News, \u017ee v Erbilu byli zabiti \u010dty\u0159i lid\u00e9, ale \u017ee mezi nimi nebyli \u017e\u00e1dn\u00ed ameri\u010dt\u00ed voj\u00e1ci.\u00a0Stejn\u00fd zdroj uvedl, \u017ee bylo zasa\u017eeno\u00a0<\/span><em><span>\u201eosm m\u00edst\u201c<\/span><\/em><span>\u00a0pobl\u00ed\u017e americk\u00e9ho konzul\u00e1tu.<\/span><\/p>\n<p><span>\u00cdr\u00e1nsk\u00e1 m\u00e9dia rozeslala n\u011bkolik vide\u00ed, kter\u00e1 m\u011bla zachycovat odpalov\u00e1n\u00ed raket.\u00a0Objevily se nepotvrzen\u00e9 zpr\u00e1vy o n\u011bkolika exploz\u00edch a st\u0159elb\u011b v Erbilu, pravd\u011bpodobn\u011b od protivzdu\u0161n\u00e9 obrany, kter\u00e1 se pokou\u0161ela zas\u00e1hnout p\u0159il\u00e9taj\u00edc\u00ed projektily.<\/span><\/p>\n<p><img decoding=\"async\" loading=\"lazy\" class=\"alignnone size-full wp-image-1185\" src=\"http:\/\/www.infokuryr.cz\/n\/wp-content\/uploads\/2021\/04\/kuryr-podpis.png\" alt=\"\" width=\"84\" height=\"24\" \/><\/p>\n<p>&nbsp;<\/p>\n<p>&nbsp;<\/p>\n","protected":false},"excerpt":{"rendered":"<p>\u00datoky v Ir\u00e1ku a S\u00fdrii byly odvetou za bombardov\u00e1n\u00ed Kerm\u00e1nu z 3. ledna, uvedly IRGC&#8230;<\/p>\n","protected":false},"author":2,"featured_media":44849,"comment_status":"closed","ping_status":"closed","sticky":false,"template":"","format":"standard","meta":[],"categories":[7],"tags":[38,3269,349,835],"_links":{"self":[{"href":"https:\/\/www.infokuryr.cz\/n\/wp-json\/wp\/v2\/posts\/44848"}],"collection":[{"href":"https:\/\/www.infokuryr.cz\/n\/wp-json\/wp\/v2\/posts"}],"about":[{"href":"https:\/\/www.infokuryr.cz\/n\/wp-json\/wp\/v2\/types\/post"}],"author":[{"embeddable":true,"href":"https:\/\/www.infokuryr.cz\/n\/wp-json\/wp\/v2\/users\/2"}],"replies":[{"embeddable":true,"href":"https:\/\/www.infokuryr.cz\/n\/wp-json\/wp\/v2\/comments?post=44848"}],"version-history":[{"count":0,"href":"https:\/\/www.infokuryr.cz\/n\/wp-json\/wp\/v2\/posts\/44848\/revisions"}],"wp:featuredmedia":[{"embeddable":true,"href":"https:\/\/www.infokuryr.cz\/n\/wp-json\/wp\/v2\/media\/44849"}],"wp:attachment":[{"href":"https:\/\/www.infokuryr.cz\/n\/wp-json\/wp\/v2\/media?parent=44848"}],"wp:term":[{"taxonomy":"category","embeddable":true,"href":"https:\/\/www.infokuryr.cz\/n\/wp-json\/wp\/v2\/categories?post=44848"},{"taxonomy":"post_tag","embeddable":true,"href":"https:\/\/www.infokuryr.cz\/n\/wp-json\/wp\/v2\/tags?post=44848"}],"curies":[{"name":"wp","href":"https:\/\/api.w.org\/{rel}","templated":true}]}}