{"id":4484,"date":"2021-09-02T07:51:05","date_gmt":"2021-09-02T05:51:05","guid":{"rendered":"http:\/\/www.infokuryr.cz\/n\/?p=4484"},"modified":"2021-09-02T07:51:05","modified_gmt":"2021-09-02T05:51:05","slug":"prezident-eu-zatroubil-k-odchodu-z-nato-na-konferenci-ve-slovinsku","status":"publish","type":"post","link":"https:\/\/www.infokuryr.cz\/n\/2021\/09\/02\/prezident-eu-zatroubil-k-odchodu-z-nato-na-konferenci-ve-slovinsku\/","title":{"rendered":"Prezident EU zatroubil k odchodu z NATO, na konferenci ve Slovinsku&#8230;"},"content":{"rendered":"<div id=\"fb-root\"><\/div>\n<h4>VIDEO: Prezident EU zatroubil k odchodu z NATO, na konferenci ve Slovinsku v reflexi na fiasko USA v Afgh\u00e1nist\u00e1nu vyzval k ustanoven\u00ed bezpe\u010dnostn\u00ed autonomie Evropsk\u00e9 unie nez\u00e1visl\u00e9 na NATO a USA! Pobaltsk\u00e9 zem\u011b a Ukrajina zah\u00e1jily revize bezpe\u010dnostn\u00edch doktr\u00edn, nev\u011b\u0159\u00ed u\u017e na pomoc USA ani NATO v p\u0159\u00edpad\u011b vojensk\u00e9ho konfliktu s Ruskem! Ameri\u010dany st\u00e1l 1 den v Afgh\u00e1nist\u00e1nu skoro 300 milion\u016f dolar\u016f, za 20 let se utratily 2 biliony dolar\u016f! V\u00edme, kde skon\u010dily! Jak se Izrael rozhodne, tak v Afgh\u00e1nist\u00e1nu bude! N\u00e1stupn\u00ed platforma proti \u00cdr\u00e1nu!<\/h4>\n<p>N\u00e1sledky americk\u00e9ho odchodu z Afgh\u00e1nist\u00e1nu dosahuj\u00ed nedoz\u00edrn\u00fdch n\u00e1sledk\u016f a \u0161kod. Prvn\u00ed ob\u011bt\u00ed je Severoatlantick\u00e1 aliance, kter\u00e1 je v nejv\u011bt\u0161\u00ed krizi od sv\u00e9ho vzniku. V\u0161echny 3 pobaltsk\u00e9 zem\u011b podle rusk\u00fdch m\u00e9di\u00ed zah\u00e1jily dnes 1. z\u00e1\u0159\u00ed 2021 revize sv\u00fdch bezpe\u010dnostn\u00edch doktr\u00edn a u\u017e nov\u011b nev\u011b\u0159\u00ed na pomoc NATO a ani USA v p\u0159\u00edpad\u011b vypuknut\u00ed v\u00e1lky s Ruskou federac\u00ed.<\/p>\n<p>Ameri\u010dan\u00e9 jsou spat\u0159ov\u00e1ni jako nespolehliv\u00ed partne\u0159i, proto\u017ee zanechali v Afgh\u00e1nist\u00e1nu a\u017e 1 milion sv\u00fdch spolupracovn\u00edk\u016f, kte\u0159\u00ed jsou nyn\u00ed na \u00fat\u011bku z Afgh\u00e1nist\u00e1nu. A co je je\u0161t\u011b hor\u0161\u00ed, Ameri\u010dan\u00e9 pr\u00fd nepochopiteln\u011b p\u0159enechali Talibanu zbran\u011b, munici, letadla, vrtuln\u00edky, v\u00fdstroj, nic z toho nebylo odvezeno nebo alespo\u0148 zni\u010deno.\u00a0<strong>Pokud \u010dtete Aeronet, tak ji\u017e v\u00edte [<a href=\"https:\/\/aeronet.cz\/news\/?s=Taliban\">1<\/a>], jak\u00fd to m\u011blo \u00fa\u010del. Pro n\u00e1s to nen\u00ed \u017e\u00e1dn\u00e9 p\u0159ekvapen\u00ed. Afgh\u00e1nist\u00e1n m\u00e1 nyn\u00ed pro USA a jmenovit\u011b pro CIA \u00fapln\u011b jinou hodnotu a \u00fa\u010del.<\/strong>\u00a0<strong>Afgh\u00e1nist\u00e1n je zem\u011b, kter\u00e1 strategicky le\u017e\u00ed mezi dv\u011bma zem\u011bmi nejv\u011bt\u0161\u00edch nep\u0159\u00e1tel USA.<\/strong><\/p>\n<figure id=\"attachment_48174\" class=\"wp-caption aligncenter\" style=\"width: 519px;\"><a href=\"https:\/\/aeronet.cz\/news\/wp-content\/uploads\/CharlesMichelEU.jpg\"><img decoding=\"async\" loading=\"lazy\" class=\"wp-image-48174 \" src=\"https:\/\/aeronet.cz\/news\/wp-content\/uploads\/CharlesMichelEU-1024x576.jpg\" sizes=\"(max-width: 700px) 100vw, 700px\" srcset=\"https:\/\/aeronet.cz\/news\/wp-content\/uploads\/CharlesMichelEU-1024x576.jpg 1024w, https:\/\/aeronet.cz\/news\/wp-content\/uploads\/CharlesMichelEU-300x169.jpg 300w, https:\/\/aeronet.cz\/news\/wp-content\/uploads\/CharlesMichelEU-768x432.jpg 768w, https:\/\/aeronet.cz\/news\/wp-content\/uploads\/CharlesMichelEU-700x394.jpg 700w, https:\/\/aeronet.cz\/news\/wp-content\/uploads\/CharlesMichelEU-635x357.jpg 635w, https:\/\/aeronet.cz\/news\/wp-content\/uploads\/CharlesMichelEU-859x483.jpg 859w, https:\/\/aeronet.cz\/news\/wp-content\/uploads\/CharlesMichelEU.jpg 1280w\" alt=\"\" width=\"519\" height=\"292\" \/><\/a><figcaption class=\"wp-caption-text\">Charles Michel, prezident EU<\/figcaption><\/figure>\n<p>Ano, \u00fazem\u00ed Afgh\u00e1nist\u00e1nu le\u017e\u00ed mezi \u00cdr\u00e1nem na jedn\u00e9 stran\u011b a \u010c\u00ednou na stran\u011b druh\u00e9. Ameri\u010dan\u00e9 nemohou a necht\u011bj\u00ed otev\u0159en\u011b bojovat proti t\u011bmto dv\u011bma zem\u00edm, i kdy\u017e v p\u0159\u00edpad\u011b \u00cdr\u00e1nu se Izrael maxim\u00e1ln\u011b sna\u017e\u00ed, aby Ameri\u010dany pro zah\u00e1jen\u00ed v\u00e1lky proti \u00cdr\u00e1nu p\u0159esv\u011bd\u010dil, ale nen\u00ed k tomu p\u0159\u00edli\u0161 velk\u00e1 ochota v Pentagonu. \u00cdr\u00e1n m\u00e1 podobnou geografii jako Afgh\u00e1nist\u00e1n, je to hornat\u00e1 zem\u011b.<\/p>\n<p>A p\u0159\u00edpadn\u00e1 v\u00e1lka s \u00cdr\u00e1nem by se prom\u011bnila na jatka takov\u00fdch rozm\u011br\u016f, \u017ee Vietnam p\u0159i zp\u011btn\u00e9m pohledu by byl posuzov\u00e1n jako \u010dajov\u00fd d\u00fdch\u00e1nek.\u00a0<strong>Existuje v\u0161ak cesta, jak v\u00e9st v\u00e1lku proti \u00cdr\u00e1nu a \u010c\u00edn\u011b skryt\u011b, prost\u0159ednictv\u00edm sabot\u00e1\u017e\u00ed a terorismu.<\/strong>\u00a0Jen\u017ee k provozov\u00e1n\u00ed takov\u00e9ho boje pot\u0159ebuje Izrael a \u201cjeho\u201d americk\u00e1 administrativa zemi, ze kter\u00e9 by takov\u00e9 teroristick\u00e9 operace a sabot\u00e1\u017ee \u0161lo prov\u00e1d\u011bt a logisticky zabezpe\u010dovat, a to bez obav z toho, \u017ee americk\u00e1 vl\u00e1da \u010di arm\u00e1da bude obvin\u011bna z terorismu.<\/p>\n<h6><span style=\"font-size: 14pt;\">Pohled na Afgh\u00e1nist\u00e1n le\u017e\u00edc\u00ed mezi dv\u011bma nejv\u011bt\u0161\u00edmi nep\u0159\u00e1teli USA (a Izraele) je konceptu\u00e1ln\u00ed n\u00e1pov\u011bda pro tup\u00e9<\/span><\/h6>\n<p>A proto p\u0159i\u0161lo jedin\u00e9 mysliteln\u00e9 \u0159e\u0161en\u00ed. Strategick\u00e9 \u00fazem\u00ed Afgh\u00e1nist\u00e1nu mezi dv\u011bma nejv\u011bt\u0161\u00edmi nep\u0159\u00e1teli USA se prom\u011bn\u00ed jako m\u00e1vnut\u00edm kouzeln\u00e9ho nosat\u00e9ho proutku po 20 letech rekonstrukc\u00ed op\u011bt na teroristick\u00fd st\u00e1t a op\u011bt s t\u00edm sam\u00fdm Talibanem u moci jako p\u0159ed 20 lety. Tentokr\u00e1t je to ale jin\u00fd Taliban. Je vyzbrojen nejmodern\u011bj\u0161\u00ed americkou vojenskou i zpravodajskou technikou, kterou Talibanu jako pr\u00fd omylem zanechala evakuuj\u00edc\u00ed se americk\u00e1 arm\u00e1da, kter\u00e1 se evakuovala cel\u00fdch 14 m\u011bs\u00edc\u016f a nikoliv posledn\u00edch 14 dn\u016f.<strong>\u00a0Jak u\u017e jsme na Aeronetu p\u0159inesli informace a anal\u00fdzy, p\u0159ed n\u011bkolika dny m\u011bl v K\u00e1bulu \u0161\u00e9f CIA William Burns osobn\u00ed tajnou sch\u016fzku s \u0161\u00e9fem Talibanu, Abdulem Gh\u00e1n\u00edm Baradarem [<a href=\"https:\/\/aeronet.cz\/news\/neuveritelne-sef-cia-william-burns-odletel-tryskacem-z-jeruzalema-po-skonceni-navstevy-izraele-rovnou-do-kabulu-a-tajne-se-setkal-s-vudcem-talibanu-abdulem-ghanim-baradarem-aby-probrali-dalsi-postup\/\">2<\/a>].<\/strong><\/p>\n<figure id=\"attachment_48078\" class=\"wp-caption aligncenter\" style=\"width: 583px;\"><a href=\"https:\/\/aeronet.cz\/news\/wp-content\/uploads\/WilliamBurns.jpg\"><img decoding=\"async\" loading=\"lazy\" class=\"wp-image-48078 \" src=\"https:\/\/aeronet.cz\/news\/wp-content\/uploads\/WilliamBurns-1024x576.jpg\" sizes=\"(max-width: 700px) 100vw, 700px\" srcset=\"https:\/\/aeronet.cz\/news\/wp-content\/uploads\/WilliamBurns-1024x576.jpg 1024w, https:\/\/aeronet.cz\/news\/wp-content\/uploads\/WilliamBurns-300x169.jpg 300w, https:\/\/aeronet.cz\/news\/wp-content\/uploads\/WilliamBurns-768x432.jpg 768w, https:\/\/aeronet.cz\/news\/wp-content\/uploads\/WilliamBurns-700x394.jpg 700w, https:\/\/aeronet.cz\/news\/wp-content\/uploads\/WilliamBurns-635x357.jpg 635w, https:\/\/aeronet.cz\/news\/wp-content\/uploads\/WilliamBurns-859x483.jpg 859w, https:\/\/aeronet.cz\/news\/wp-content\/uploads\/WilliamBurns.jpg 1280w\" alt=\"\" width=\"583\" height=\"328\" \/><\/a><figcaption class=\"wp-caption-text\">William Burns, \u0159editel \u00dast\u0159edn\u00ed zpravodajsk\u00e9 slu\u017eby (CIA)<\/figcaption><\/figure>\n<p>Na tuto sch\u016fzku p\u0159ilet\u011bl z Jeruzal\u00e9ma, kde jednal nejen s nov\u00fdm premi\u00e9rem Naftali Bennettem, ale i s p\u0159edstaviteli Mossadu. Izrael chce za ka\u017edou cenu zah\u00e1jit v\u00e1lku v \u00cdr\u00e1nu, ale podle v\u0161eho nep\u016fjde o otev\u0159en\u00fd konflikt. K sabot\u00e1\u017e\u00edm proti \u00cdr\u00e1nu budou pou\u017e\u00edv\u00e1ny z\u00e1kladny v dnes ji\u017e nedemokratick\u00e9m a Talibanem uchv\u00e1cen\u00e9m Afgh\u00e1nist\u00e1nu. Kdy\u017e n\u011bco bouchne nebo vylet\u00ed do pov\u011bt\u0159\u00ed v \u00cdr\u00e1nu od t\u00e9to chv\u00edle, bude to pr\u00e1ce sabot\u00e9r\u016f a terorist\u016f z Afgh\u00e1nist\u00e1nu. A to sam\u00e9 plat\u00ed o \u010c\u00edn\u011b, i kdy\u017e podle v\u0161ech informac\u00ed te\u010f jde Izraeli a t\u00edm p\u00e1dem i CIA pouze a jedin\u011b o \u00cdr\u00e1n, \u010c\u00edna zat\u00edm nen\u00ed v hled\u00e1\u010dku spu\u0161t\u011bn\u00ed teroristick\u00fdch \u00fatok\u016f.<\/p>\n<h6><span style=\"font-size: 14pt;\">Otev\u0159en\u00e1 v\u00e1lka proti \u00cdr\u00e1nu nen\u00ed na po\u0159adu dne, a proto se \u00faloha Afgh\u00e1nist\u00e1nu musela narychlo zm\u011bnit<\/span><\/h6>\n<p>Taliban nebude muset hnout ani prstem. Jedin\u00e9, co musel CIA sl\u00edbit, byly neomezen\u00e9 a voln\u00e9 operace CIA a Mossadu na \u00fazem\u00ed Afgh\u00e1nist\u00e1nu, v\u010detn\u011b v\u00fdcvikov\u00fdch z\u00e1kladen. V\u00fdm\u011bnou za to dostal Taliban od Ameri\u010dan\u016f a americk\u00fdch da\u0148ov\u00fdch poplatn\u00edk\u016f \u00fapln\u011b v\u0161echnu americkou v\u00fdzbroj a v\u00fdstroj, o kter\u00e9 se nesn\u00ed dokonce ani arm\u00e1d\u00e1m \u010dlensk\u00fdch zem\u00ed NATO.<\/p>\n<p>Taliban je dnes l\u00e9pe vyzbrojen ne\u017e n\u011bmeck\u00fd Bundeswehr, nemluv\u011b o \u010desk\u00e9 ru\u010dn\u00edkov\u00e9 arm\u00e1d\u011b. Ofici\u00e1ln\u011b z\u016fstane Taliban fundamentalistick\u00fdm a teroristick\u00fdm hnut\u00edm v o\u010d\u00edch z\u00e1padn\u00edch zem\u00ed, i kdy\u017e jen v o\u010d\u00edch a nikoliv na pap\u00ed\u0159e, proto\u017ee\u00a0<strong>podle smlouvy [<a href=\"https:\/\/aeronet.cz\/news\/video-donald-trump-v-naivnim-projevu-v-roce-2020-doufal-ze-taliban-bude-na-zaklade-smlouvy-zabijet-teroristy-mike-pompeo-si-podle-vseho-namazal-donalda-na-chleba-prinasime-plny-cesky-preklad\/\">3<\/a>] z katarsk\u00e9ho Dauh\u00e1 z lo\u0148sk\u00e9ho \u00fanora mezi USA zastupuj\u00edc\u00edmi NATO a Talibanem ji\u017e nen\u00ed isl\u00e1msk\u00e1 organizace na seznamu teroristick\u00fdch zem\u00ed ani USA, ani \u010dlensk\u00fdch zem\u00ed NATO.<\/strong>\u00a0Afgh\u00e1nist\u00e1n je odte\u010f arabsk\u00fdm emir\u00e1tem a na jeho \u00fazem\u00ed podle p\u00e1kist\u00e1nsk\u00e9ho tisku ji\u017e pr\u00fd operuje ISIS a rovn\u011b\u017e Al-Kajda.<\/p>\n<figure id=\"attachment_48051\" class=\"wp-caption aligncenter\" style=\"width: 569px;\"><a href=\"https:\/\/aeronet.cz\/news\/wp-content\/uploads\/PompeoBaradar.jpg\"><img decoding=\"async\" loading=\"lazy\" class=\"wp-image-48051 \" src=\"https:\/\/aeronet.cz\/news\/wp-content\/uploads\/PompeoBaradar-1024x639.jpg\" sizes=\"(max-width: 700px) 100vw, 700px\" srcset=\"https:\/\/aeronet.cz\/news\/wp-content\/uploads\/PompeoBaradar.jpg 1024w, https:\/\/aeronet.cz\/news\/wp-content\/uploads\/PompeoBaradar-300x187.jpg 300w, https:\/\/aeronet.cz\/news\/wp-content\/uploads\/PompeoBaradar-768x479.jpg 768w, https:\/\/aeronet.cz\/news\/wp-content\/uploads\/PompeoBaradar-700x437.jpg 700w, https:\/\/aeronet.cz\/news\/wp-content\/uploads\/PompeoBaradar-572x357.jpg 572w, https:\/\/aeronet.cz\/news\/wp-content\/uploads\/PompeoBaradar-774x483.jpg 774w\" alt=\"\" width=\"569\" height=\"355\" \/><\/a><figcaption class=\"wp-caption-text\">Mike Pompeo a \u0161\u00e9f Talibanu Abdul Gh\u00e1n\u00ed Baradar v katarsk\u00e9m Dauh\u00e1 vloni v \u00fanoru<\/figcaption><\/figure>\n<p>Oboj\u00ed to jsou p\u0159itom organizace zalo\u017een\u00e9 americkou CIA. Douf\u00e1m, \u017ee u\u017e v\u00e1m to v t\u00e9to chv\u00edli v\u0161echno doch\u00e1z\u00ed, pro\u010d muselo NATO z Afgh\u00e1nist\u00e1nu odej\u00edt. Ano, Afgh\u00e1nist\u00e1n bude pou\u017eit jako \u00fazem\u00ed k vysoce nebezpe\u010dn\u00fdm teroristick\u00fdm a sabot\u00e1\u017en\u00edm hr\u00e1m proti \u00cdr\u00e1nu. A to by samoz\u0159ejm\u011b demokratick\u00e1, i kdy\u017e zna\u010dn\u011b zkorumpovan\u00e1 p\u016fvodn\u00ed afgh\u00e1nsk\u00e1 vl\u00e1da, nikdy nedovolila.<\/p>\n<p>Proto musela vl\u00e1da padnout, afgh\u00e1nsk\u00e1 arm\u00e1da byla rozebr\u00e1na, prezident uprchl a moci se ujal Taliban, jeho\u017e v\u016fdce se doslova jen p\u00e1r dn\u00ed po uchopen\u00ed moci setk\u00e1v\u00e1 v K\u00e1bulu na tajn\u00e9 sch\u016fzce s \u0161\u00e9fem CIA. V\u016fdce Talibanu se nesetk\u00e1 s duchovn\u00edmi, ani s velk\u00fdmi im\u00e1my, nezve na n\u00e1v\u0161t\u011bvu velk\u00e9 p\u0159edstavitele isl\u00e1mu, ne ne.\u00a0<strong>M\u00edsto toho m\u00e1 \u0161\u00e9f Talibanu hned svoji prvn\u00ed sch\u016fzku s \u0161\u00e9fem CIA. Komu tohle nedoch\u00e1z\u00ed, tak ho lituji, proto\u017ee takov\u00e1 konceptu\u00e1ln\u00ed tupost mus\u00ed \u010dlov\u011bka opravdu p\u0159iv\u00e1d\u011bt v \u017eivot\u011b do velk\u00fdch probl\u00e9m\u016f ohledn\u011b naivnosti.<\/strong><\/p>\n<h6><span style=\"font-size: 14pt;\">Ameri\u010dany st\u00e1lo anga\u017em\u00e1 v Afgh\u00e1nist\u00e1nu 2 biliony americk\u00fdch dolar\u016f za 20 let. Pen\u00edze skon\u010dily v kaps\u00e1ch nedohledateln\u00fdch akcion\u00e1\u0159\u016f americk\u00fdch a izraelsk\u00fdch zbroja\u0159sk\u00fdch firem<\/span><\/h6>\n<p>Nejenom rusk\u00e1 a \u010d\u00ednsk\u00e1 m\u00e9dia, ale dokonce i ta z\u00e1padn\u00ed ji\u017e hovo\u0159\u00ed o por\u00e1\u017ece USA v Afgh\u00e1nist\u00e1nu. Pomalu se zd\u00e1, \u017ee Ameri\u010dan\u00e9 byli pora\u017een\u00ed vojensky, ale to je nesmysl. Ameri\u010dan\u00e9 byli pora\u017eeni konceptu\u00e1ln\u011b, ideologicky, proto\u017ee nedok\u00e1zali v Afgh\u00e1nist\u00e1nu m\u00edstn\u00edm obyvatel\u016fm prodat jeden produkt, kter\u00fd jim po celou dobu nab\u00edzeli. Ano, Ameri\u010dan\u016fm se nepoda\u0159ilo prodat Afgh\u00e1nc\u016fm z\u00e1padn\u00ed model demokracie, tedy nosat\u00e9ho syst\u00e9mu korup\u010dn\u00edho \u0159\u00edzen\u00ed zalo\u017een\u00e9ho na pen\u011bz\u00edch a iluzi volby, kdy p\u0159itom ve\u0161kerou moc dr\u017e\u00ed politick\u00e9 strany na v\u00fdplatn\u00ed listin\u011b nosat\u00e9ho sv\u011btov\u00e9ho kagan\u00e1tu, tedy sv\u011btov\u00fdch sionist\u016f.<\/p>\n<figure id=\"attachment_48175\" class=\"wp-caption aligncenter\" style=\"width: 458px;\"><a href=\"https:\/\/aeronet.cz\/news\/wp-content\/uploads\/US_Arms_Left_Behind_Soldier.jpg\"><img decoding=\"async\" loading=\"lazy\" class=\"wp-image-48175 \" src=\"https:\/\/aeronet.cz\/news\/wp-content\/uploads\/US_Arms_Left_Behind_Soldier-741x1024.jpg\" sizes=\"(max-width: 700px) 100vw, 700px\" srcset=\"https:\/\/aeronet.cz\/news\/wp-content\/uploads\/US_Arms_Left_Behind_Soldier-741x1024.jpg 741w, https:\/\/aeronet.cz\/news\/wp-content\/uploads\/US_Arms_Left_Behind_Soldier-217x300.jpg 217w, https:\/\/aeronet.cz\/news\/wp-content\/uploads\/US_Arms_Left_Behind_Soldier-768x1061.jpg 768w, https:\/\/aeronet.cz\/news\/wp-content\/uploads\/US_Arms_Left_Behind_Soldier-700x967.jpg 700w, https:\/\/aeronet.cz\/news\/wp-content\/uploads\/US_Arms_Left_Behind_Soldier-258x357.jpg 258w, https:\/\/aeronet.cz\/news\/wp-content\/uploads\/US_Arms_Left_Behind_Soldier-349x483.jpg 349w, https:\/\/aeronet.cz\/news\/wp-content\/uploads\/US_Arms_Left_Behind_Soldier.jpg 1280w\" alt=\"\" width=\"458\" height=\"633\" \/><\/a><figcaption class=\"wp-caption-text\">Co v\u0161echno dostal Taliban od Ameri\u010dan\u016f v Afgh\u00e1nist\u00e1nu<\/figcaption><\/figure>\n<p><strong>Hlavn\u00edm a kl\u00ed\u010dov\u00fdm n\u00e1strojem \u0159\u00edzen\u00ed sv\u011btov\u00fdch sionist\u016f je globalismus.<\/strong>\u00a0Jen\u017ee, co se nepoda\u0159ilo demokraticky Ameri\u010dan\u016fm v Afgh\u00e1nist\u00e1nu, to se poda\u0159ilo z\u00e1kulisn\u011b, a to je dohoda mezi USA a Talibanem za pomoci pen\u011bz a \u00faplatk\u016f. Taliban se nechal Ameri\u010dany za nosat\u00e9 dolary koupit zp\u016fsobem, \u017ee se All\u00e1h mus\u00ed v nebi obracet. Izrael pot\u0159ebuje Afgh\u00e1nist\u00e1n pro beztrestn\u00e9 a neomezen\u00e9 operace a v\u00fdpady do \u00cdr\u00e1nu, a proto po 20 letech se americk\u00e1 arm\u00e1da ofici\u00e1ln\u011b odporou\u010dela, aby ji\u017e Afgh\u00e1nist\u00e1n nekontrolovala a nenesla za n\u011bj odpov\u011bdnost. A rovn\u011b\u017e se odporou\u010dela i loutkov\u00e1 demokratick\u00e1 vl\u00e1da.<\/p>\n<p><strong>Server Forbes p\u0159inesl v polovin\u011b srpna \u010dl\u00e1nek [<a href=\"https:\/\/href.li\/?https:\/\/www.forbes.com\/sites\/hanktucker\/2021\/08\/16\/the-war-in-afghanistan-cost-america-300-million-per-day-for-20-years-with-big-bills-yet-to-come\/?sh=a4916107f8dd\" target=\"_blank\" rel=\"nofollow noopener\">4<\/a>], ve kter\u00e9m spo\u010d\u00edtal, kolik americk\u00e9 da\u0148ov\u00e9 poplatn\u00edky st\u00e1la v\u00e1lka v Afgh\u00e1nist\u00e1nu. To \u010d\u00edslo si zapamatujte. Bylo to skoro 300 milion\u016f USD za ka\u017ed\u00fd kalend\u00e1\u0159n\u00ed den po dobu cel\u00fdch 20 let, tak\u017ee v \u00fahrnu p\u0159ibli\u017en\u011b 2 biliony USD, tedy 2 000 miliard americk\u00fdch dolar\u016f.<\/strong>\u00a0A pokud se pt\u00e1te, kde tyto pen\u00edze skon\u010dily, m\u00e1me pro v\u00e1s odpov\u011b\u010f. Drtiv\u00e1 v\u011bt\u0161ina t\u011bchto pen\u011bz skon\u010dila v kaps\u00e1ch akcion\u00e1\u0159\u016f americk\u00fdch a izraelsk\u00fdch zbroja\u0159sk\u00fdch firem. V samotn\u00e9m Afgh\u00e1nist\u00e1nu ty pen\u00edze nez\u016fstaly. Nejsou tam nikde k vid\u011bn\u00ed, tedy s v\u00fdjimkou t\u011bch americk\u00fdch zbran\u00ed a techniky, kterou Ameri\u010dan\u00e9 p\u0159enechali Talibanu. A ta \u010d\u00edsla jsou opravdu neuv\u011b\u0159iteln\u00e1\u00a0<strong>[<a href=\"https:\/\/href.li\/?https:\/\/aoav.org.uk\/2021\/inheritance-of-loss-the-weapons-left-behind-for-the-taliban-in-afghanistan\/\" target=\"_blank\" rel=\"nofollow noopener\">5<\/a>]<\/strong>.<\/p>\n<h6><span style=\"font-size: 14pt;\">Taliban m\u00e1 te\u010f od CIA\u2026 pardon, od americk\u00e9 arm\u00e1dy, lep\u0161\u00ed v\u00fdzbroj ne\u017e Bundeswehr a v\u011bt\u0161ina \u010dlen\u016f NATO dohromady<\/span><\/h6>\n<p>Podle den\u00edku The Times (viz. obr\u00e1zek n\u00ed\u017ee) se jedn\u00e1 o 22 174 vozidel Humvee, 64 363 kulomet\u016f, 358 530 \u00fato\u010dn\u00fdch pu\u0161ek, 33 vrtuln\u00edk\u016f Blackhawk, 176 d\u011blost\u0159eleck\u00fdch zbran\u00ed a 126 295 pistol\u00ed. Citov\u00e1n je i anonymn\u00ed americk\u00fd p\u0159edstavitel, kter\u00fd \u0159\u00edk\u00e1, \u017ee \u201c<em>v\u0161e, co nebylo zni\u010deno, je nyn\u00ed ve vlastnictv\u00ed Talibanu<\/em>\u201c.\u00a0<strong>Nap\u0159\u00edklad kdy\u017e Spojen\u00e9 st\u00e1ty v \u010dervenci 2021 p\u0159edaly kontrolu nad leteckou z\u00e1kladnou Bagr\u00e1m Afgh\u00e1nsk\u00e9 n\u00e1rodn\u00ed arm\u00e1d\u011b (ANA), zanechaly po sob\u011b odhadem\u00a03,5 miliardy kus\u016f\u00a0vojensk\u00e9ho invent\u00e1\u0159e americk\u00e9 arm\u00e1dy.<\/strong>\u00a0Podle gener\u00e1la ANA M\u00edra Asadull\u00e1ha Kohist\u00e1n\u00edho, o n\u011bm\u017e informovala agentura Associated Press, to zahrnovalo nezn\u00e1m\u00e9 mno\u017estv\u00ed ru\u010dn\u00edch zbran\u00ed a munice pro ru\u010dn\u00ed zbran\u011b (SAA).<\/p>\n<figure id=\"attachment_48171\" class=\"wp-caption aligncenter\" style=\"width: 427px;\"><a href=\"https:\/\/aeronet.cz\/news\/wp-content\/uploads\/US_Items_Left_Behind.jpg\"><img decoding=\"async\" loading=\"lazy\" class=\"wp-image-48171 \" src=\"https:\/\/aeronet.cz\/news\/wp-content\/uploads\/US_Items_Left_Behind.jpg\" sizes=\"(max-width: 700px) 100vw, 700px\" srcset=\"https:\/\/aeronet.cz\/news\/wp-content\/uploads\/US_Items_Left_Behind.jpg 700w, https:\/\/aeronet.cz\/news\/wp-content\/uploads\/US_Items_Left_Behind-157x300.jpg 157w, https:\/\/aeronet.cz\/news\/wp-content\/uploads\/US_Items_Left_Behind-536x1024.jpg 536w, https:\/\/aeronet.cz\/news\/wp-content\/uploads\/US_Items_Left_Behind-187x357.jpg 187w, https:\/\/aeronet.cz\/news\/wp-content\/uploads\/US_Items_Left_Behind-253x483.jpg 253w\" alt=\"\" width=\"427\" height=\"815\" \/><\/a><figcaption class=\"wp-caption-text\">Technika a zbran\u011b zanechan\u00e9 Ameri\u010dany v Afgh\u00e1nist\u00e1nu<\/figcaption><\/figure>\n<p>USA pop\u00edraj\u00ed, \u017ee by na leteck\u00e9 z\u00e1kladn\u011b zanechaly zbran\u011b, a\u010dkoli p\u0159izn\u00e1vaj\u00ed, \u017ee po sob\u011b zanechaly tis\u00edce civiln\u00edch a stovky vojensk\u00fdch vozidel. Z\u016fstaly zde tak\u00e9 mobiln\u00ed telefony, stavebn\u00ed materi\u00e1l, p\u0159\u00edd\u011bly potravin a \u010d\u00e1ste\u010dn\u011b za\u0159\u00edzen\u00e1 zdravotnick\u00e1 za\u0159\u00edzen\u00ed, t\u011blocvi\u010dny a za\u0159\u00edzen\u00ed pro voln\u00fd \u010das. ANA p\u0159edala leteckou z\u00e1kladnu Talibanu 15. srpna.\u00a0<strong>Americk\u00fd poradce pro n\u00e1rodn\u00ed bezpe\u010dnost Jake Sullivan p\u0159iznal, \u017ee Spojen\u00e9 st\u00e1ty \u201c<em>nemaj\u00ed \u00fapln\u00fd p\u0159ehled<\/em>\u201d o tom, kam se pod\u011bly jednotliv\u00e9 polo\u017eky obrann\u00e9ho materi\u00e1lu.<\/strong>\u00a0Ofici\u00e1ln\u00ed odhady d\u00e1le komplikuje skute\u010dnost, \u017ee leteck\u00e1 z\u00e1kladna Bagr\u00e1m byla po odchodu Spojen\u00fdch st\u00e1t\u016f v d\u016fsledku nedorozum\u011bn\u00ed s ANA p\u0159es noc vyrabov\u00e1na.<\/p>\n<h6><span style=\"font-size: 14pt;\">VIDEO: Evropsk\u00fd prezident objevil Ameriku a vyzval k bezpe\u010dnostn\u00ed autonomii EU pot\u00e9, co Ameri\u010dan\u00e9 nechali Afgh\u00e1nce napospas Talibanu<\/span><\/h6>\n<p>Nicm\u00e9n\u011b od doby, kdy USA p\u0159edaly leteckou z\u00e1kladnu Bagr\u00e1m ANA, v\u011bt\u0161ina zbran\u00ed a dal\u0161\u00edho vojensk\u00e9ho majetku v Afgh\u00e1nist\u00e1nu ji\u017e nepat\u0159ila zahrani\u010dn\u00edm arm\u00e1d\u00e1m. Je obt\u00ed\u017en\u00e9 naj\u00edt aktu\u00e1ln\u00ed \u00fadaje o ru\u010dn\u00edch paln\u00fdch zbran\u00edch v dr\u017een\u00ed T\u00e1lib\u00e1nu, ale je zn\u00e1mo, \u017ee\u00a0<strong>vl\u00e1da USA poslala do Ir\u00e1ku a Afgh\u00e1nist\u00e1nu v\u00edce ne\u017e 1,4 milionu zbran\u00ed. Z toho v\u00edme o 503 328 ru\u010dn\u00edch paln\u00fdch zbran\u00edch zaslan\u00fdch do Afgh\u00e1nist\u00e1nu v obdob\u00ed od 11. z\u00e1\u0159\u00ed do roku 2016<\/strong>.<\/p>\n<p>Samo americk\u00e9 ministerstvo obrany (DoD) p\u0159iznalo, \u017ee v letech 2001-2016 bylo do Afgh\u00e1nist\u00e1nu odesl\u00e1no 509 321 kus\u016f ru\u010dn\u00edch paln\u00fdch zbran\u00ed v\u010detn\u011b gran\u00e1tomet\u016f. S vylou\u010den\u00edm gran\u00e1tomet\u016f \u010din\u00ed tento celkov\u00fd po\u010det pro Afgh\u00e1nist\u00e1n 484 680 kus\u016f. Organizace pro dohled nad obchody se zbran\u011bmi (AOAV) v\u0161ak zjistila, \u017ee d\u00edky neozn\u00e1men\u00fdm kontrakt\u016fm DoD je jich v\u00edce. Nap\u0159\u00edklad DoD evidovalo o 17 634 pistol\u00ed v\u00edce a o 38 698 pu\u0161ek m\u00e9n\u011b, ne\u017e uv\u00e1d\u011bly ofici\u00e1ln\u00ed seznamy.<\/p>\n<p>&nbsp;<\/p>\n<div id=\"rumble_vjcb29\">\n<div id=\"vid_vjcb29\" class=\"rumble_vjcb29-Rumble-cls\">\n<div class=\"bigPlayUI ctp\">\n<div class=\"bigPlayUIInner ctp\"><div class='videoWrapper'>\r\n\t            <iframe src='https:\/\/rumble.com\/embed\/pj.vjcb29\/' frameborder='0' allowfullscreen><\/iframe>\r\n\t        <\/div><\/div>\n<\/div>\n<\/div>\n<\/div>\n<p>&nbsp;<\/p>\n<p>A pr\u00e1v\u011b v reakci na ostudn\u00fd konec NATO a USA v Afgh\u00e1nist\u00e1nu dnes 1. z\u00e1\u0159\u00ed zazn\u011blo\u00a0<strong>[<a href=\"https:\/\/href.li\/?https:\/\/www.consilium.europa.eu\/en\/press\/press-releases\/2021\/09\/01\/speech-by-president-charles-michel-at-the-opening-session-of-the-bled-strategic-forum\/\" target=\"_blank\" rel=\"nofollow noopener\">6<\/a>]<\/strong>\u00a0od prezidenta EU Charlese Michela na konferenci Bled Strategic Forum ve Slovinsku z\u00e1sadn\u00ed prohl\u00e1\u0161en\u00ed, \u017ee\u00a0<strong>Evropsk\u00e1 unie mus\u00ed usilovat o bezpe\u010dnostn\u00ed autonomii, tedy o nez\u00e1vislost na bezpe\u010dnostn\u00edch z\u00e1ruk\u00e1ch od NATO a USA.<\/strong>\u00a0Pobaltsk\u00e9 zem\u011b a Ukrajina p\u0159ehodnocuj\u00ed bezpe\u010dnostn\u00ed doktr\u00edny, podle zpr\u00e1v z m\u00edstn\u00edch tisk\u016f u\u017e m\u00edstn\u00ed politici nev\u011b\u0159\u00ed, \u017ee NATO a USA pomohou zm\u00edn\u011bn\u00fdm zem\u00edm v p\u0159\u00edpad\u011b v\u00e1lky s Ruskou federac\u00ed.<\/p>\n<p>Podle Michela se mus\u00ed EU soust\u0159edit na nov\u00e9 garan\u010dn\u00ed svazky, p\u0159edev\u0161\u00edm na V\u00fdchodn\u00ed partnerstv\u00ed (Ukrajina, B\u011blorusko a Gruzie), na bezpe\u010dnost Balk\u00e1nu a na spojenectv\u00ed s Afrikou v oblasti zabra\u0148ov\u00e1n\u00ed migrace do EU. Ameri\u010dan\u00e9 se toti\u017e odporou\u010deli po 20 letech z Afgh\u00e1nist\u00e1nu na \u017e\u00e1dost\u2026 Mossadu a Izraele, kter\u00fd pot\u0159ebuje Afgh\u00e1nist\u00e1n jako n\u00e1stupn\u00ed platformu pro operace a sabot\u00e1\u017ee v \u00cdr\u00e1nu. Nelze bombardovat \u00cdr\u00e1n z Izraele, to opravdu geograficky nejde a Ir\u00e1k by p\u0159elety nepovolil. Ov\u0161em z \u00fazem\u00ed Afgh\u00e1nist\u00e1nu nen\u00ed pot\u0159eba nasazovat \u017e\u00e1dn\u00e1 letadla. Afgh\u00e1nist\u00e1n m\u00e1 s \u00cdr\u00e1nem obrovskou a skoro 1 000 km dlouhou a nehl\u00eddanou hranici.<\/p>\n<h6><span style=\"font-size: 14pt;\">N\u011bkdo m\u00e1 p\u0159\u00edtele na telefonu, Ameri\u010dan\u00e9 maj\u00ed Izrael na telefonu\u2026 a nejen Ameri\u010dan\u00e9, ale i chud\u00e1ci \u010ce\u0161i, Slov\u00e1ci, Pol\u00e1ci, Ma\u010fa\u0159i\u2026<\/span><\/h6>\n<p>Byl to Donald Trump a jeho ministr zahrani\u010d\u00ed a b\u00fdval\u00fd \u0161\u00e9f CIA Mike Pompeo, kter\u00fd s Talibanem dohodu o odsunu vojsk USA a NATO vloni v \u00fanoru v katarsk\u00e9m Dauh\u00e1 dojednal. Nikoliv na pokyn americk\u00fdch da\u0148ov\u00fdch poplatn\u00edk\u016f, jak si bohu\u017eel mysl\u00ed i n\u011bkte\u0159\u00ed ameri\u010dt\u00ed alternativci, ale na pokyn \u017e\u00e1dosti Bibiho a izraelsk\u00e9ho Mossadu, proto\u017ee Izrael je rozhodnut a odhodl\u00e1n zah\u00e1jit vojensk\u00e9 operace uvnit\u0159 \u00cdr\u00e1nu, ale ne otev\u0159en\u011b, ale formou sabot\u00e1\u017e\u00ed. Ty ale nejde realizovat d\u00e1lkov\u011b z Izraele.\u00a0<strong>K tomu je pot\u0159eba n\u00e1stupn\u00ed platforma, vhodn\u00e1 sousedn\u00ed zem\u011b s \u00cdr\u00e1nem, jej\u00ed\u017e vl\u00e1da bude tolerovat z\u0159\u00edzen\u00ed sabot\u00e1\u017en\u00edch a v\u00fdcvikov\u00fdch z\u00e1kladen proti \u00cdr\u00e1nu na sv\u00e9m \u00fazem\u00ed.<\/strong>\u00a0A takovou soused\u00edc\u00ed zem\u00ed, jej\u00ed\u017e vl\u00e1da toto americk\u00e9 CIA a izraelsk\u00e9mu Mossadu umo\u017en\u00ed, je nep\u0159ekvapiv\u011b\u2026 Afgh\u00e1nist\u00e1n s vl\u00e1dou Talibanu.<\/p>\n<figure id=\"attachment_48082\" class=\"wp-caption aligncenter\" style=\"width: 501px;\"><a href=\"https:\/\/aeronet.cz\/news\/wp-content\/uploads\/GanzIranThreat.jpg\"><img decoding=\"async\" loading=\"lazy\" class=\"wp-image-48082 \" src=\"https:\/\/aeronet.cz\/news\/wp-content\/uploads\/GanzIranThreat-1024x683.jpg\" sizes=\"(max-width: 700px) 100vw, 700px\" srcset=\"https:\/\/aeronet.cz\/news\/wp-content\/uploads\/GanzIranThreat-1024x683.jpg 1024w, https:\/\/aeronet.cz\/news\/wp-content\/uploads\/GanzIranThreat-300x200.jpg 300w, https:\/\/aeronet.cz\/news\/wp-content\/uploads\/GanzIranThreat-768x512.jpg 768w, https:\/\/aeronet.cz\/news\/wp-content\/uploads\/GanzIranThreat-700x467.jpg 700w, https:\/\/aeronet.cz\/news\/wp-content\/uploads\/GanzIranThreat-535x357.jpg 535w, https:\/\/aeronet.cz\/news\/wp-content\/uploads\/GanzIranThreat-724x483.jpg 724w, https:\/\/aeronet.cz\/news\/wp-content\/uploads\/GanzIranThreat.jpg 1280w\" alt=\"\" width=\"501\" height=\"334\" \/><\/a><figcaption class=\"wp-caption-text\">\u201c\u00cdr\u00e1n jako glob\u00e1ln\u00ed hrozba, region\u00e1ln\u00ed hrozba, a hrozba pro st\u00e1t Izrael.\u201d \u2013 Zased\u00e1n\u00ed ministerstva obrany Izraele, v \u010dele ministr Benny Gantz<\/figcaption><\/figure>\n<p>Kruh se uzav\u0159el a vzniklo obrovsk\u00e9 chucpe ve vztahu k naivn\u00edm Ameri\u010dan\u016fm mysl\u00edc\u00edm si, \u017ee americk\u00e9 dolary v Afgh\u00e1nist\u00e1nu bojovaly za svobodu. Ne, dolary bojovaly nejprve za zisky vojensko-pr\u016fmyslov\u00e9ho komplexu a te\u010f budou bojovat pro zm\u011bnu za z\u00e1jmy Izraele. Mazeltov! A spol\u00e9hejte se potom na USA a na NATO, kdy\u017e se stahuj\u00ed ne ve chv\u00edli, kdy je hotovo, ale ve chv\u00edli, kdy\u017e zadrn\u010d\u00ed telefon od Bibiho, Naftaliho, \u0161\u00e9fa Mossadu, anebo n\u011bkoho jin\u00e9ho z Tel Avivu nebo Jeruzal\u00e9ma.<\/p>\n<p><strong>Evrop\u0161t\u00ed k\u00e1drov\u010diky maj\u00ed te\u010f hlavu jako v\u011brtel, proto\u017ee NATO zradilo Afgh\u00e1nist\u00e1n kv\u016fli z\u00e1jm\u016fm Izraele v \u00cdr\u00e1nu a ob\u010dan\u016fm to \u0159\u00edct narovinu nelze, to nen\u00ed dovoleno<\/strong>, ne ne, to by zase n\u011bkdo omylem vypadl z okna mrakodrapu, nebo by se zabil v koupeln\u011b ne\u0161\u0165astnou n\u00e1hodou, tak\u017ee se to ne\u0159ekne a p\u0159esko\u010d\u00ed se to, a potom rovnou se navrhne bezpe\u010dnostn\u00ed neutralita EU nez\u00e1visl\u00e1 na\u00a0NATO a USA\u2026 Izraeli. A kdo toto pochop\u00ed, tak zvl\u00e1dl konceptu\u00e1ln\u011b pochopit celou problematiku Bl\u00edzk\u00e9ho i St\u0159edn\u00edho V\u00fdchodu.<\/p>\n<p>-VK- \u0160\u00e9fredaktor AE News<\/p>\n<p><a href=\"https:\/\/aeronet.cz\/news\/video-prezident-eu-zatroubil-k-odchodu-z-nato-na-konferenci-ve-slovinsku-v-reflexi-na-fiasko-usa-v-afghanistanu-vyzval-k-ustanoveni-bezpecnostni-autonomie-evropske-unie-nezavisle-na-nato-a-usa\/\">ZDROJ<\/a><\/p>\n<p>&nbsp;<\/p>\n","protected":false},"excerpt":{"rendered":"<p>VIDEO: Prezident EU zatroubil k odchodu z NATO, na konferenci ve Slovinsku v reflexi na&#8230;<\/p>\n","protected":false},"author":2,"featured_media":4485,"comment_status":"closed","ping_status":"closed","sticky":false,"template":"","format":"standard","meta":[],"categories":[7],"tags":[41,39,37],"_links":{"self":[{"href":"https:\/\/www.infokuryr.cz\/n\/wp-json\/wp\/v2\/posts\/4484"}],"collection":[{"href":"https:\/\/www.infokuryr.cz\/n\/wp-json\/wp\/v2\/posts"}],"about":[{"href":"https:\/\/www.infokuryr.cz\/n\/wp-json\/wp\/v2\/types\/post"}],"author":[{"embeddable":true,"href":"https:\/\/www.infokuryr.cz\/n\/wp-json\/wp\/v2\/users\/2"}],"replies":[{"embeddable":true,"href":"https:\/\/www.infokuryr.cz\/n\/wp-json\/wp\/v2\/comments?post=4484"}],"version-history":[{"count":0,"href":"https:\/\/www.infokuryr.cz\/n\/wp-json\/wp\/v2\/posts\/4484\/revisions"}],"wp:featuredmedia":[{"embeddable":true,"href":"https:\/\/www.infokuryr.cz\/n\/wp-json\/wp\/v2\/media\/4485"}],"wp:attachment":[{"href":"https:\/\/www.infokuryr.cz\/n\/wp-json\/wp\/v2\/media?parent=4484"}],"wp:term":[{"taxonomy":"category","embeddable":true,"href":"https:\/\/www.infokuryr.cz\/n\/wp-json\/wp\/v2\/categories?post=4484"},{"taxonomy":"post_tag","embeddable":true,"href":"https:\/\/www.infokuryr.cz\/n\/wp-json\/wp\/v2\/tags?post=4484"}],"curies":[{"name":"wp","href":"https:\/\/api.w.org\/{rel}","templated":true}]}}