{"id":4483,"date":"2021-09-02T07:45:17","date_gmt":"2021-09-02T05:45:17","guid":{"rendered":"http:\/\/www.infokuryr.cz\/n\/?p=4483"},"modified":"2021-09-02T07:45:17","modified_gmt":"2021-09-02T05:45:17","slug":"pekova-zadne-rousky-vsichni-zpet-do-skoly-a-do-prace","status":"publish","type":"post","link":"https:\/\/www.infokuryr.cz\/n\/2021\/09\/02\/pekova-zadne-rousky-vsichni-zpet-do-skoly-a-do-prace\/","title":{"rendered":"Pekov\u00e1 &#8211; \u017d\u00e1dn\u00e9 rou\u0161ky, v\u0161ichni zp\u011bt do \u0161koly a do pr\u00e1ce"},"content":{"rendered":"<div id=\"fb-root\"><\/div>\n<p>Mutace koronaviru delta v\u00e1m ud\u011bl\u00e1 jen nudli u nosu a je t\u0159eba se p\u0159estat trapn\u011b b\u00e1t o sv\u016fj \u017eivot, zem\u0159\u00edt m\u016f\u017eete i ve v\u00fdtahu. Pro CNN Prima NEWS to v rozhovoru prohl\u00e1sila molekul\u00e1rn\u00ed geneti\u010dka So\u0148a Pekov\u00e1. Jak by postupovala, pokud by byla na m\u00edst\u011b premi\u00e9ra Andreje Babi\u0161e? Pro\u010d se rozhodla kandidovat do Sn\u011bmovny a lituje sv\u00fdch v\u00fdrok\u016f o tom, \u017ee koronavirus do V\u00e1noc zmiz\u00ed? Na to v\u0161e odpov\u00eddala v po\u0159adu K v\u011bci na CNN Prima NEWS.<\/p>\n<p>\u201eOkam\u017eit\u011b bych vr\u00e1tila v\u0161e do star\u00fdch kolej\u00ed. \u017d\u00e1dn\u00e9 soci\u00e1ln\u00ed distance, \u017e\u00e1dn\u00e9 rou\u0161ky, v\u0161ichni zp\u011bt do \u0161koly, do pr\u00e1ce. P\u0159estat se b\u00e1t o sv\u016fj \u017eivot \u00fapln\u011b trapn\u011b, \u017ee um\u0159u na n\u011bjak\u00fd virus.<\/p>\n<p>Sou\u010dasn\u00e1 mutace koronaviru \u2013\u2060 delta \u2013\u2060 se podle n\u00ed projevuje jen nudl\u00ed u nosu a nen\u00ed t\u0159eba kv\u016fli n\u00ed pokra\u010dovat ve tvrd\u00fdch opat\u0159en\u00edch, kter\u00e1 vl\u00e1da nastavuje.<\/p>\n<p><img decoding=\"async\" loading=\"lazy\" class=\"alignnone size-full wp-image-1185\" src=\"http:\/\/www.infokuryr.cz\/n\/wp-content\/uploads\/2021\/04\/kuryr-podpis.png\" alt=\"\" width=\"84\" height=\"24\" \/><\/p>\n<p>&nbsp;<\/p>\n","protected":false},"excerpt":{"rendered":"<p>Mutace koronaviru delta v\u00e1m ud\u011bl\u00e1 jen nudli u nosu a je t\u0159eba se p\u0159estat trapn\u011b&#8230;<\/p>\n","protected":false},"author":2,"featured_media":3215,"comment_status":"closed","ping_status":"closed","sticky":false,"template":"","format":"standard","meta":[],"categories":[6],"tags":[23,857],"_links":{"self":[{"href":"https:\/\/www.infokuryr.cz\/n\/wp-json\/wp\/v2\/posts\/4483"}],"collection":[{"href":"https:\/\/www.infokuryr.cz\/n\/wp-json\/wp\/v2\/posts"}],"about":[{"href":"https:\/\/www.infokuryr.cz\/n\/wp-json\/wp\/v2\/types\/post"}],"author":[{"embeddable":true,"href":"https:\/\/www.infokuryr.cz\/n\/wp-json\/wp\/v2\/users\/2"}],"replies":[{"embeddable":true,"href":"https:\/\/www.infokuryr.cz\/n\/wp-json\/wp\/v2\/comments?post=4483"}],"version-history":[{"count":0,"href":"https:\/\/www.infokuryr.cz\/n\/wp-json\/wp\/v2\/posts\/4483\/revisions"}],"wp:featuredmedia":[{"embeddable":true,"href":"https:\/\/www.infokuryr.cz\/n\/wp-json\/wp\/v2\/media\/3215"}],"wp:attachment":[{"href":"https:\/\/www.infokuryr.cz\/n\/wp-json\/wp\/v2\/media?parent=4483"}],"wp:term":[{"taxonomy":"category","embeddable":true,"href":"https:\/\/www.infokuryr.cz\/n\/wp-json\/wp\/v2\/categories?post=4483"},{"taxonomy":"post_tag","embeddable":true,"href":"https:\/\/www.infokuryr.cz\/n\/wp-json\/wp\/v2\/tags?post=4483"}],"curies":[{"name":"wp","href":"https:\/\/api.w.org\/{rel}","templated":true}]}}