{"id":44821,"date":"2024-01-16T00:45:58","date_gmt":"2024-01-15T23:45:58","guid":{"rendered":"https:\/\/www.infokuryr.cz\/n\/?p=44821"},"modified":"2024-01-15T19:56:57","modified_gmt":"2024-01-15T18:56:57","slug":"izrael-shrnul-prubezne-vysledky-po-100-dnech-valky-v-pasmu-gazy","status":"publish","type":"post","link":"https:\/\/www.infokuryr.cz\/n\/2024\/01\/16\/izrael-shrnul-prubezne-vysledky-po-100-dnech-valky-v-pasmu-gazy\/","title":{"rendered":"Izrael shrnul pr\u016fb\u011b\u017en\u00e9 v\u00fdsledky po 100 dnech v\u00e1lky v p\u00e1smu Gazy"},"content":{"rendered":"<div id=\"fb-root\"><\/div>\n<p><strong><span>14. ledna 2024 uplynulo 100 dn\u00ed eskalace v P\u00e1smu Gazy. Izrael shrnul pr\u016fb\u011b\u017en\u00e9 v\u00fdsledky a zve\u0159ejnil statistiky o v\u00fdsledc\u00edch 100 dn\u016f v\u00e1lky s Hamasem.<\/span><\/strong><strong>\u00a0<\/strong><\/p>\n<p><strong>Podle izraelsk\u00fdch statistik:<\/strong><\/p>\n<ul>\n<li><span>522 voj\u00e1k\u016f izraelsk\u00e9 arm\u00e1dy bylo zabito;<\/span><\/li>\n<li><span>36 z nich zem\u0159elo p\u0159i nebojov\u00fdch incidentech;<\/span><\/li>\n<li><span>19 bylo zabito v d\u016fsledku p\u0159\u00e1telsk\u00e9 palby;<\/span><\/li>\n<li><span>2 536 voj\u00e1k\u016f bylo zran\u011bno.<\/span><\/li>\n<\/ul>\n<p><strong>Pokud jde o ztr\u00e1ty Hamasu, izraelsk\u00e1 arm\u00e1da \u0159\u00edk\u00e1, \u017ee:<\/strong><\/p>\n<ul>\n<li><span>bylo zlikvidov\u00e1no asi 9 000 \u010dlen\u016f Hamasu,<\/span><\/li>\n<li><span>v\u010detn\u011b 2 velitel\u016f brig\u00e1d,<\/span><\/li>\n<li><span>19 velitel\u016f prapor\u016f;<\/span><\/li>\n<li><span>v\u00edce ne\u017e 50 velitel\u016f rot.<\/span><\/li>\n<\/ul>\n<p><span>Bylo zat\u010deno asi 2300 lid\u00ed podez\u0159el\u00fdch z napojen\u00ed na Ham\u00e1s.<\/span><\/p>\n<p><span>V p\u00e1smu Gazy bylo provedeno celkem 30 000 \u00fader\u016f.<\/span><\/p>\n<p><span>Asi 750 \u00fader\u016f bylo uskute\u010dn\u011bno na libanonsk\u00fdch a syrsk\u00fdch hranic\u00edch, kde bylo \u00fadajn\u011b zlikvidov\u00e1no asi 170 ozbrojenc\u016f.<\/span><\/p>\n<p><strong><span>Izraelsk\u00e1 arm\u00e1da zapomn\u011bla po\u010d\u00edtat civiln\u00ed ob\u011bti v d\u016fsledku sv\u00fdch operac\u00ed v p\u00e1smu Gazy.\u00a0Od 7. \u0159\u00edjna v enkl\u00e1v\u011b zem\u0159elo nejm\u00e9n\u011b 24 100 civilist\u016f, 60 834 dal\u0161\u00edch bylo zran\u011bno.<\/span><\/strong><\/p>\n<p><img decoding=\"async\" loading=\"lazy\" class=\"alignnone size-full wp-image-1185\" src=\"http:\/\/www.infokuryr.cz\/n\/wp-content\/uploads\/2021\/04\/kuryr-podpis.png\" alt=\"\" width=\"84\" height=\"24\" \/><\/p>\n<p>&nbsp;<\/p>\n<p>&nbsp;<\/p>\n","protected":false},"excerpt":{"rendered":"<p>14. ledna 2024 uplynulo 100 dn\u00ed eskalace v P\u00e1smu Gazy. Izrael shrnul pr\u016fb\u011b\u017en\u00e9 v\u00fdsledky a&#8230;<\/p>\n","protected":false},"author":2,"featured_media":44407,"comment_status":"closed","ping_status":"closed","sticky":false,"template":"","format":"standard","meta":[],"categories":[7],"tags":[348,107,220,2369],"_links":{"self":[{"href":"https:\/\/www.infokuryr.cz\/n\/wp-json\/wp\/v2\/posts\/44821"}],"collection":[{"href":"https:\/\/www.infokuryr.cz\/n\/wp-json\/wp\/v2\/posts"}],"about":[{"href":"https:\/\/www.infokuryr.cz\/n\/wp-json\/wp\/v2\/types\/post"}],"author":[{"embeddable":true,"href":"https:\/\/www.infokuryr.cz\/n\/wp-json\/wp\/v2\/users\/2"}],"replies":[{"embeddable":true,"href":"https:\/\/www.infokuryr.cz\/n\/wp-json\/wp\/v2\/comments?post=44821"}],"version-history":[{"count":0,"href":"https:\/\/www.infokuryr.cz\/n\/wp-json\/wp\/v2\/posts\/44821\/revisions"}],"wp:featuredmedia":[{"embeddable":true,"href":"https:\/\/www.infokuryr.cz\/n\/wp-json\/wp\/v2\/media\/44407"}],"wp:attachment":[{"href":"https:\/\/www.infokuryr.cz\/n\/wp-json\/wp\/v2\/media?parent=44821"}],"wp:term":[{"taxonomy":"category","embeddable":true,"href":"https:\/\/www.infokuryr.cz\/n\/wp-json\/wp\/v2\/categories?post=44821"},{"taxonomy":"post_tag","embeddable":true,"href":"https:\/\/www.infokuryr.cz\/n\/wp-json\/wp\/v2\/tags?post=44821"}],"curies":[{"name":"wp","href":"https:\/\/api.w.org\/{rel}","templated":true}]}}