{"id":44818,"date":"2024-01-16T00:44:58","date_gmt":"2024-01-15T23:44:58","guid":{"rendered":"https:\/\/www.infokuryr.cz\/n\/?p=44818"},"modified":"2024-01-15T19:53:21","modified_gmt":"2024-01-15T18:53:21","slug":"nad-azovskym-morem-byla-napadena-dve-ruska-letadla","status":"publish","type":"post","link":"https:\/\/www.infokuryr.cz\/n\/2024\/01\/16\/nad-azovskym-morem-byla-napadena-dve-ruska-letadla\/","title":{"rendered":"Nad Azovsk\u00fdm mo\u0159em  byla napadena dv\u011b rusk\u00e1 letadla"},"content":{"rendered":"<div id=\"fb-root\"><\/div>\n<p><strong><span>14. ledna ukrajinsk\u00e1 m\u00e9dia s odvol\u00e1n\u00edm na n\u011bkter\u00e9 poslance Nejvy\u0161\u0161\u00ed rady informovala, \u017ee nad Azovsk\u00fdm mo\u0159em byly sest\u0159eleny rusk\u00e9 vzdu\u0161n\u00e9 letouny v\u010dasn\u00e9 v\u00fdstrahy a \u0159\u00edzen\u00ed A-50 a letouny IL-22.<\/span><\/strong><\/p>\n<p><span>Bylo pouk\u00e1z\u00e1no na to, \u017ee IL-22 byl \u201ebombard\u00e9r\u201c, a\u010dkoli dnes \u017e\u00e1dn\u00e9 bombard\u00e9ry s takov\u00fdm n\u00e1zvem ve v\u00fdzbroji rusk\u00fdch leteck\u00fdch sil nejsou.\u00a0Pozd\u011bj\u0161\u00ed zpr\u00e1vy tvrdily, \u017ee doty\u010dn\u00fdm letounem byl Il-22 M, st\u0159edisko vzdu\u0161n\u00e9 kontroly.<\/span><\/p>\n<p><span>Ukrajin\u0161t\u00ed propagandist\u00e9 \u200b\u200bsv\u00e9 vlastn\u00ed zpr\u00e1vy pop\u0159eli.\u00a0Zve\u0159ejnili z\u00e1znam \u00fadajn\u00fdch jedn\u00e1n\u00ed mezi Il-22 s leti\u0161t\u011bm v Anap\u011b, potvrzuj\u00edc\u00ed, \u017ee letoun p\u0159ist\u00e1l i p\u0159es po\u0161kozen\u00ed.<\/span><\/p>\n<div style=\"width: 432px;\" class=\"wp-video\"><!--[if lt IE 9]><script>document.createElement('video');<\/script><![endif]-->\n<video class=\"wp-video-shortcode\" id=\"video-44818-1\" width=\"432\" height=\"244\" preload=\"metadata\" controls=\"controls\"><source type=\"video\/mp4\" src=\"http:\/\/www.infokuryr.cz\/n\/wp-content\/uploads\/2024\/01\/212.mp4?_=1\" \/><a href=\"http:\/\/www.infokuryr.cz\/n\/wp-content\/uploads\/2024\/01\/212.mp4\">http:\/\/www.infokuryr.cz\/n\/wp-content\/uploads\/2024\/01\/212.mp4<\/a><\/video><\/div>\n<p>&nbsp;<\/p>\n<div id=\"attachment_198254\" class=\"wp-caption aligncenter\" style=\"width: 597px;\"><a href=\"https:\/\/s2.cdnstatic.space\/wp-content\/uploads\/2024\/01\/il.jpg\" target=\"_blank\" rel=\"noopener\"><img decoding=\"async\" loading=\"lazy\" class=\"wp-image-198254\" title=\"Dv\u011b rusk\u00e1 letadla byla napadena nad Azovsk\u00fdm mo\u0159em - zpr\u00e1va\" src=\"https:\/\/s2.cdnstatic.space\/wp-content\/uploads\/2024\/01\/il-190x300.jpg\" sizes=\"(max-width: 600px) 100vw, 600px\" srcset=\"https:\/\/s2.cdnstatic.space\/wp-content\/uploads\/2024\/01\/il-190x300.jpg 190w, https:\/\/s2.cdnstatic.space\/wp-content\/uploads\/2024\/01\/il.jpg 539w\" alt=\"Dv\u011b rusk\u00e1 letadla byla napadena nad Azovsk\u00fdm mo\u0159em - zpr\u00e1va\" width=\"597\" height=\"941\" aria-describedby=\"caption-attachment-198254\" \/><\/a><\/p>\n<p id=\"caption-attachment-198254\" class=\"wp-caption-text\"><span>Po\u0161kozen\u00ed IL-22, kter\u00fd p\u0159ist\u00e1l v Anap\u011b<\/span><\/p>\n<\/div>\n<p><span>N\u011bkter\u00e9 rusk\u00e9 vojensk\u00e9 zdroje potvrdily ztr\u00e1tu A-50 s t\u00edm, \u017ee Il-22M p\u0159ist\u00e1l na leti\u0161ti v Krasnodarsk\u00e9m kraji, n\u011bkte\u0159\u00ed \u010dlenov\u00e9 pos\u00e1dky byli \u00fadajn\u011b zran\u011bni.\u00a0Ru\u0161t\u00ed vojen\u0161t\u00ed p\u0159edstavitel\u00e9 se v\u0161ak ke zpr\u00e1v\u00e1m zat\u00edm nevyj\u00e1d\u0159ili.<\/span><\/p>\n<p><span>Ukrajinsk\u00e9 zpr\u00e1vy se li\u0161\u00ed.\u00a0N\u011bkte\u0159\u00ed tvrd\u00ed, \u017ee letouny byly sest\u0159eleny americk\u00fdmi syst\u00e9my Patriot.\u00a0Ukrajinsk\u00e9 s\u00edly protivzdu\u0161n\u00e9 obrany v\u0161ak zjevn\u011b nemaj\u00ed s incidentem nic spole\u010dn\u00e9ho;\u00a0letadlo by pravd\u011bpodobn\u011b mohlo b\u00fdt zam\u011b\u0159eno \u201ep\u0159\u00e1telskou\u201c palbou.\u00a0Pokud se potvrd\u00ed ztr\u00e1ta letounu A-50, bude to pro rusk\u00e9 letectv\u00ed obrovsk\u00e1 ztr\u00e1ta, proto\u017ee takov\u00fdch letoun\u016f AWACS je ve v\u00fdzbroji rusk\u00e9 arm\u00e1dy jen n\u011bkolik.<\/span><\/p>\n<p><img decoding=\"async\" loading=\"lazy\" class=\"alignnone size-full wp-image-1185\" src=\"http:\/\/www.infokuryr.cz\/n\/wp-content\/uploads\/2021\/04\/kuryr-podpis.png\" alt=\"\" width=\"84\" height=\"24\" \/><\/p>\n<p>&nbsp;<\/p>\n<p>&nbsp;<\/p>\n","protected":false},"excerpt":{"rendered":"<p>14. ledna ukrajinsk\u00e1 m\u00e9dia s odvol\u00e1n\u00edm na n\u011bkter\u00e9 poslance Nejvy\u0161\u0161\u00ed rady informovala, \u017ee nad Azovsk\u00fdm&#8230;<\/p>\n","protected":false},"author":2,"featured_media":44820,"comment_status":"closed","ping_status":"closed","sticky":false,"template":"","format":"standard","meta":[],"categories":[7],"tags":[457,1300,22,26],"_links":{"self":[{"href":"https:\/\/www.infokuryr.cz\/n\/wp-json\/wp\/v2\/posts\/44818"}],"collection":[{"href":"https:\/\/www.infokuryr.cz\/n\/wp-json\/wp\/v2\/posts"}],"about":[{"href":"https:\/\/www.infokuryr.cz\/n\/wp-json\/wp\/v2\/types\/post"}],"author":[{"embeddable":true,"href":"https:\/\/www.infokuryr.cz\/n\/wp-json\/wp\/v2\/users\/2"}],"replies":[{"embeddable":true,"href":"https:\/\/www.infokuryr.cz\/n\/wp-json\/wp\/v2\/comments?post=44818"}],"version-history":[{"count":0,"href":"https:\/\/www.infokuryr.cz\/n\/wp-json\/wp\/v2\/posts\/44818\/revisions"}],"wp:featuredmedia":[{"embeddable":true,"href":"https:\/\/www.infokuryr.cz\/n\/wp-json\/wp\/v2\/media\/44820"}],"wp:attachment":[{"href":"https:\/\/www.infokuryr.cz\/n\/wp-json\/wp\/v2\/media?parent=44818"}],"wp:term":[{"taxonomy":"category","embeddable":true,"href":"https:\/\/www.infokuryr.cz\/n\/wp-json\/wp\/v2\/categories?post=44818"},{"taxonomy":"post_tag","embeddable":true,"href":"https:\/\/www.infokuryr.cz\/n\/wp-json\/wp\/v2\/tags?post=44818"}],"curies":[{"name":"wp","href":"https:\/\/api.w.org\/{rel}","templated":true}]}}