{"id":44814,"date":"2024-01-16T00:43:25","date_gmt":"2024-01-15T23:43:25","guid":{"rendered":"https:\/\/www.infokuryr.cz\/n\/?p=44814"},"modified":"2024-01-15T19:49:16","modified_gmt":"2024-01-15T18:49:16","slug":"vzpoury-v-armade-cele-ukrajinske-jednotky-odmitaji-plnit-rozkazy-svych-velitelu","status":"publish","type":"post","link":"https:\/\/www.infokuryr.cz\/n\/2024\/01\/16\/vzpoury-v-armade-cele-ukrajinske-jednotky-odmitaji-plnit-rozkazy-svych-velitelu\/","title":{"rendered":"Vzpoury v arm\u00e1d\u011b: Cel\u00e9 ukrajinsk\u00e9 jednotky odm\u00edtaj\u00ed plnit rozkazy sv\u00fdch velitel\u016f"},"content":{"rendered":"<div id=\"fb-root\"><\/div>\n<p><strong><span>Ukrajinsk\u00e1 arm\u00e1da se pot\u00fdk\u00e1 s mnoha probl\u00e9my, jedn\u00edm z nich je n\u00edzk\u00e1 mor\u00e1lka ukrajinsk\u00fdch voj\u00e1k\u016f, kte\u0159\u00ed odm\u00edtaj\u00ed plnit \u00fakoly sv\u00fdch vojensk\u00fdch velitel\u016f.\u00a0N\u00e1zorn\u00fdm p\u0159\u00edkladem nepo\u0159\u00e1dku v \u0159ad\u00e1ch ukrajinsk\u00e9 arm\u00e1dy je 1. p\u011b\u0161\u00ed prapor 4. tankov\u00e9 brig\u00e1dy ozbrojen\u00fdch sil Ukrajiny.\u00a0T\u00e9m\u011b\u0159 90 % t\u00e9to jednotky se odm\u00edt\u00e1 \u00fa\u010dastnit vojensk\u00fdch operac\u00ed.<\/span><\/strong><\/p>\n<p><span>Ukrajin\u0161t\u00ed velitel\u00e9 nato\u010dili sv\u00e9 voj\u00e1ky, kte\u0159\u00ed odm\u00edtli j\u00edt do bitvy, pravd\u011bpodobn\u011b ve snaze je zahanbit, ale v d\u016fsledku toho se video stalo vir\u00e1ln\u00edm a zahanbilo celou ukrajinskou arm\u00e1du.\u00a0D\u016fstojn\u00edk na\u0159\u00eddil t\u011bm, kte\u0159\u00ed odm\u00edtli p\u0159ej\u00edt na vojensk\u00e9 pozice, aby ud\u011blali krok vp\u0159ed a opustili \u0159ady. T\u00e9m\u011b\u0159 v\u0161ichni voj\u00e1ci vy\u0161li a osobn\u011b potvrdili sv\u00e9 odm\u00edtnut\u00ed splnit rozkaz na kameru:<\/span><\/p>\n<div style=\"width: 352px;\" class=\"wp-video\"><!--[if lt IE 9]><script>document.createElement('video');<\/script><![endif]-->\n<video class=\"wp-video-shortcode\" id=\"video-44814-1\" width=\"352\" height=\"640\" preload=\"metadata\" controls=\"controls\"><source type=\"video\/mp4\" src=\"http:\/\/www.infokuryr.cz\/n\/wp-content\/uploads\/2024\/01\/refuse-2.mp4?_=1\" \/><a href=\"http:\/\/www.infokuryr.cz\/n\/wp-content\/uploads\/2024\/01\/refuse-2.mp4\">http:\/\/www.infokuryr.cz\/n\/wp-content\/uploads\/2024\/01\/refuse-2.mp4<\/a><\/video><\/div>\n<p>&nbsp;<\/p>\n<div style=\"width: 640px;\" class=\"wp-video\"><video class=\"wp-video-shortcode\" id=\"video-44814-2\" width=\"640\" height=\"1164\" preload=\"metadata\" controls=\"controls\"><source type=\"video\/mp4\" src=\"http:\/\/www.infokuryr.cz\/n\/wp-content\/uploads\/2024\/01\/refuse-1.mp4?_=2\" \/><a href=\"http:\/\/www.infokuryr.cz\/n\/wp-content\/uploads\/2024\/01\/refuse-1.mp4\">http:\/\/www.infokuryr.cz\/n\/wp-content\/uploads\/2024\/01\/refuse-1.mp4<\/a><\/video><\/div>\n<p>&nbsp;<\/p>\n<p><span>V\u00edce ne\u017e \u010dty\u0159i des\u00edtky voj\u00e1k\u016f odm\u00edtly nastoupit na pozice v jedn\u00e9 jednotce.\u00a0Ostatn\u00ed velitel\u00e9 \u010del\u00ed podobn\u00fdm probl\u00e9m\u016fm se sv\u00fdmi pod\u0159\u00edzen\u00fdmi.<\/span><\/p>\n<p><span>Video neukazuje trest, kter\u00fd v\u011bt\u0161ina voj\u00e1k\u016f za sv\u00e9 odm\u00edtnut\u00ed utrp\u011bla;\u00a0ale p\u0159\u00edklad person\u00e1lu tohoto 1. p\u011b\u0161\u00edho praporu, stejn\u011b jako d\u016fkazy o mu\u010den\u00ed ukrajinsk\u00fdch voj\u00e1k\u016f jejich veliteli LINK, budou inspirovat v\u00edce ukrajinsk\u00fdch mu\u017e\u016f k odm\u00edtnut\u00ed j\u00edt do krvav\u00fdch bitev.<\/span><\/p>\n<p><span>Kyjev v boj\u00edch v prvn\u00edch m\u011bs\u00edc\u00edch v\u00e1lky proti Rusku ztratil svou hlavn\u00ed s\u00edlu, neonacistick\u00e9 militanty.\u00a0V d\u016fsledku t\u011b\u017ek\u00fdch ztr\u00e1t byla pravideln\u00e1 ukrajinsk\u00e1 arm\u00e1da nahrazena n\u00e1siln\u011b mobilizovan\u00fdmi civilisty, kte\u0159\u00ed byli bez jak\u00e9hokoli v\u00fdcviku vr\u017eeni do z\u00e1kop\u016f. Necht\u011bj\u00ed zem\u0159\u00edt za z\u00e1jmy Zelensk\u00e9ho a jeho p\u0159\u00e1tel z kliky NATO.<\/span><\/p>\n<p><img decoding=\"async\" loading=\"lazy\" class=\"alignnone size-full wp-image-1185\" src=\"http:\/\/www.infokuryr.cz\/n\/wp-content\/uploads\/2021\/04\/kuryr-podpis.png\" alt=\"\" width=\"84\" height=\"24\" \/><\/p>\n<p>&nbsp;<\/p>\n","protected":false},"excerpt":{"rendered":"<p>Ukrajinsk\u00e1 arm\u00e1da se pot\u00fdk\u00e1 s mnoha probl\u00e9my, jedn\u00edm z nich je n\u00edzk\u00e1 mor\u00e1lka ukrajinsk\u00fdch voj\u00e1k\u016f,&#8230;<\/p>\n","protected":false},"author":2,"featured_media":44817,"comment_status":"closed","ping_status":"closed","sticky":false,"template":"","format":"standard","meta":[],"categories":[7],"tags":[6636,26,321,4501],"_links":{"self":[{"href":"https:\/\/www.infokuryr.cz\/n\/wp-json\/wp\/v2\/posts\/44814"}],"collection":[{"href":"https:\/\/www.infokuryr.cz\/n\/wp-json\/wp\/v2\/posts"}],"about":[{"href":"https:\/\/www.infokuryr.cz\/n\/wp-json\/wp\/v2\/types\/post"}],"author":[{"embeddable":true,"href":"https:\/\/www.infokuryr.cz\/n\/wp-json\/wp\/v2\/users\/2"}],"replies":[{"embeddable":true,"href":"https:\/\/www.infokuryr.cz\/n\/wp-json\/wp\/v2\/comments?post=44814"}],"version-history":[{"count":0,"href":"https:\/\/www.infokuryr.cz\/n\/wp-json\/wp\/v2\/posts\/44814\/revisions"}],"wp:featuredmedia":[{"embeddable":true,"href":"https:\/\/www.infokuryr.cz\/n\/wp-json\/wp\/v2\/media\/44817"}],"wp:attachment":[{"href":"https:\/\/www.infokuryr.cz\/n\/wp-json\/wp\/v2\/media?parent=44814"}],"wp:term":[{"taxonomy":"category","embeddable":true,"href":"https:\/\/www.infokuryr.cz\/n\/wp-json\/wp\/v2\/categories?post=44814"},{"taxonomy":"post_tag","embeddable":true,"href":"https:\/\/www.infokuryr.cz\/n\/wp-json\/wp\/v2\/tags?post=44814"}],"curies":[{"name":"wp","href":"https:\/\/api.w.org\/{rel}","templated":true}]}}