{"id":44812,"date":"2024-01-16T00:42:35","date_gmt":"2024-01-15T23:42:35","guid":{"rendered":"https:\/\/www.infokuryr.cz\/n\/?p=44812"},"modified":"2024-01-15T19:37:43","modified_gmt":"2024-01-15T18:37:43","slug":"netanjahu-vzdoruje-mezinarodnimu-soudnimu-dvoru-nikdo-nas-nezastavi","status":"publish","type":"post","link":"https:\/\/www.infokuryr.cz\/n\/2024\/01\/16\/netanjahu-vzdoruje-mezinarodnimu-soudnimu-dvoru-nikdo-nas-nezastavi\/","title":{"rendered":"Netanjahu vzdoruje Mezin\u00e1rodn\u00edmu soudn\u00edmu dvoru \u2013 \u201eNikdo n\u00e1s nezastav\u00ed\u201c"},"content":{"rendered":"<div id=\"fb-root\"><\/div>\n<p><span style=\"font-size: 14pt;\"><strong>Navzdory \u0159\u00edzen\u00ed u Mezin\u00e1rodn\u00edho soudn\u00edho dvora dal Benjamin Netanjahu jasn\u011b najevo, \u017ee Izrael nem\u00e1 v \u00famyslu polevit ve sv\u00e9m genocidn\u00edm \u00fatoku na Gazu: \u201eNikdo n\u00e1s nezastav\u00ed \u2013 ani Haag, ani osa zla, ani nikdo jin\u00fd.<\/strong><\/span><\/p>\n<p>Jihoafrick\u00fd pr\u00e1vn\u00ed t\u00fdm argumentoval\u00a0minul\u00fd \u010dtvrtek u Mezin\u00e1rodn\u00edho soudn\u00edho dvora (ICJ) v Haagu proti izraelsk\u00e9 genocid\u011b v Gaze\u00a0<a href=\"https:\/\/mondoweiss.net\/2024\/01\/an-international-law-expert-explains-why-south-africas-case-at-the-icj-is-so-important\/\">.\u00a0<\/a>Bylo to dechberouc\u00ed v\u00edce ne\u017e t\u0159\u00edhodinov\u00e9 sezen\u00ed s n\u011bkolika vynikaj\u00edc\u00edmi, mor\u00e1ln\u011b promy\u0161len\u00fdmi projevy, jako byl ten irsk\u00e9 advok\u00e1tky Blinne N\u00ed Ghr\u00e1laigh \u2013 byl jsem ohromen detailem a p\u0159ehledem.\u00a0Tyto projevy mus\u00ed b\u00fdt zachov\u00e1ny pro potomky jako jedny z nejd\u016fle\u017eit\u011bj\u0161\u00edch v historii.\u00a0Jejich shrnut\u00ed zazn\u011blo jako zvon, kter\u00fd m\u011bl ot\u0159\u00e1st cel\u00fdm sv\u011btem, jako kdy\u017e N\u00ed Ghr\u00e1laigh pronesl: \u201eSv\u011bt by m\u011bl b\u00fdt naprosto pobou\u0159en&#8230; V Gaze nen\u00ed \u017e\u00e1dn\u00fd bezpe\u010dn\u00fd prostor a sv\u011bt by se m\u011bl styd\u011bt\u201c.<\/p>\n<p>Izraelsk\u00fd premi\u00e9r Benjamin Netanjahu se ale nestyd\u00ed.\u00a0Pokud je n\u011b\u010d\u00edm pobou\u0159en, pak je to \u201epokryteck\u00fd \u00fatok na \u017eidovsk\u00fd st\u00e1t v Haagu\u201c.<\/p>\n<p>V sobotu v\u00a0<a href=\"https:\/\/www.youtube.com\/watch?v=WEP-ZMZiY3w\">dev\u00edtiminutov\u00e9m \u017eiv\u00e9m projevu<\/a>\u00a0(v hebrej\u0161tin\u011b) na izraelsk\u00e9m kan\u00e1lu 14 Netanjahu znovu vyvolal \u201ev\u00e1lku syn\u016f sv\u011btla proti syn\u016fm temnoty\u201c, stejnou p\u0159edstavu, kterou pou\u017eil\u00a0<a href=\"https:\/\/mondoweiss.net\/2023\/10\/weekly-briefing-israels-vengeance-spreads-fear-in-washington\/?ml_recipient=110366639586805071&amp;ml_link=110366637093291535&amp;utm_source=newsletter&amp;utm_medium=email&amp;utm_term=2024-01-14&amp;utm_campaign=Weekly+Briefing+1+14+24\">ji\u017e v \u0159\u00edjnu<\/a>\u00a0.\u00a0Tak\u00e9 p\u0159\u00edmo vzdoroval ICJ: &#8222;Nikdo n\u00e1s nezastav\u00ed &#8211; ani Haag, ani osa zla a nikdo jin\u00fd.&#8220;<\/p>\n<p>Odvolat se takto k Mezin\u00e1rodn\u00edmu soudn\u00edmu dvoru, nejvy\u0161\u0161\u00edmu pr\u00e1vn\u00edmu org\u00e1nu OSN, kter\u00fd p\u0159edstavuje nejvy\u0161\u0161\u00ed mezin\u00e1rodn\u00ed konsensus v mezin\u00e1rodn\u00edm pr\u00e1vu, vy\u017eaduje naprostou drzost.\u00a0Nazna\u010dovat, \u017ee jej\u00ed rozhodnut\u00ed nebudou m\u00edt \u017e\u00e1dn\u00e9 d\u016fsledky, je nehor\u00e1zn\u011b ur\u00e1\u017eliv\u00e9.\u00a0Krom\u011b toho Netanjahu ve sv\u00e9m projevu tak\u00e9 lhal a tvrdil, \u017ee n\u011bmeck\u00fd kancl\u00e9\u0159 Olaf Scholz ozna\u010dil Ham\u00e1s za \u201enov\u00e9 nacisty\u201c, i kdy\u017e to ve skute\u010dnosti\u00a0<a href=\"https:\/\/www.jungewelt.de\/artikel\/464389.krieg-gegen-gaza-netanjahus-l%C3%BCge.html\">\u0159ekl s\u00e1m<\/a>\u00a0Netanjahu .<\/p>\n<p>Ale Netanjahu se nestar\u00e1, ani o pravdu, ani o po\u0161pin\u011bn\u00ed ICJ.\u00a0Ke sv\u00e9mu z\u00e1stupu mluvil hebrejsky.\u00a0A zat\u00edmco se jeho skand\u00e1ln\u00ed odvol\u00e1n\u00ed ICJ dostalo do titulk\u016f, Netanjahu\u016fv projev obsahoval dal\u0161\u00ed mraziv\u00e1 varov\u00e1n\u00ed, \u017ee Izrael nem\u00e1 v \u00famyslu ustoupit od sv\u00e9ho genocidn\u00edho \u00fatoku.<\/p>\n<p>Ve skute\u010dnosti z\u00e1v\u011br jeho projevu, o kter\u00e9m se p\u0159\u00edli\u0161 nemluvilo, obsahoval je\u0161t\u011b dal\u0161\u00ed biblick\u00fd odkaz, kter\u00fd nen\u00e1padn\u011b nazna\u010duje bo\u017eskou pomstu na nep\u0159\u00e1tel\u00edch Izraele, podobn\u011b jako jeho nechvaln\u011b zn\u00e1m\u00fd\u00a0<a href=\"https:\/\/mondoweiss.net\/2023\/12\/i-used-to-think-the-term-judeo-nazis-was-excessive-i-dont-any-longer\/\">Am\u00e1lek\u016fv<\/a>\u00a0odkaz (kde m\u011bl b\u00fdt tento starov\u011bk\u00fd n\u00e1rod vym\u00fdcen a\u017e na nemluv\u0148ata a zv\u00ed\u0159ata).<\/p>\n<p>\u201eJak je \u0159e\u010deno v t\u00fddenn\u00ed biblick\u00e9 epizod\u011b,\u201c \u0159ekl Netanjahu, \u201epak budou \u017e\u00edt ve sv\u00e9 vlastn\u00ed zemi, kterou jsem dal sv\u00e9mu sluhovi Jacobovi.\u00a0Budou tam \u017e\u00edt v bezpe\u010d\u00ed a budou stav\u011bt domy a s\u00e1zet vinice.&#8220;<\/p>\n<p>Cit\u00e1t poch\u00e1z\u00ed z Ezechiela 28:25, 26. Na prvn\u00ed pohled p\u016fsob\u00ed vl\u00eddn\u011b, ale cit\u00e1t pokra\u010duje.\u00a0Netanjahu ve sv\u00e9m projevu vynechal cel\u00fd cit\u00e1t, ale ti, kte\u0159\u00ed znaj\u00ed jejich bibli, jako je n\u00e1bo\u017eensko-nacionalistick\u00e1 z\u00e1kladna, o kterou se Netanjahu siln\u011b op\u00edr\u00e1, poselstv\u00ed pochop\u00ed.\u00a0Cit\u00e1t pokra\u010duje:<\/p>\n<p>&#8222;Budou \u017e\u00edt v bezpe\u010d\u00ed, kdy\u017e uval\u00edm trest na v\u0161echny jejich sousedy, kte\u0159\u00ed je pomlouvali.&#8220;\u00a0Tehdy poznaj\u00ed, \u017ee j\u00e1 jsem Hospodin, jejich B\u016fh.&#8220;<\/p>\n<p>Po biblick\u00e9 citaci Netanjahu zakon\u010dil projev slovy: \u201eSpole\u010dn\u011b budeme bojovat a spole\u010dn\u011b s pomoc\u00ed Bo\u017e\u00ed zv\u00edt\u011bz\u00edme.<\/p>\n<p>Tato slova bychom m\u011bli br\u00e1t velmi v\u00e1\u017en\u011b.\u00a0Toto je izraelsk\u00fd premi\u00e9r.\u00a0A p\u0159esto se n\u011bkte\u0159\u00ed st\u00e1le sna\u017e\u00ed vysv\u011btlit tyto opakovan\u00e9 v\u00fdzvy ke genocid\u011b jako v\u00fdjimky.\u00a0Je neuv\u011b\u0159iteln\u00e9, \u017ee i liber\u00e1ln\u00ed m\u00e9dia jako\u00a0<a href=\"https:\/\/mondoweiss.net\/2024\/01\/dont-believe-haaretz-and-the-nyt-israeli-society-fully-supports-the-gaza-genocide\/\">Haaretz<\/a>\u00a0rad\u00ed, \u017ee nejlep\u0161\u00ed obranou Izraele u ICJ by bylo, kdyby Netanjahu vyhodil extremistick\u00e9 ministry, kte\u0159\u00ed takov\u00e9 v\u011bci pron\u00e1\u0161ej\u00ed \u2013 kdy\u017e tyhle v\u011bci \u0159\u00edk\u00e1 po\u0159\u00e1d!<\/p>\n<p>A pak je tu Fania Oz-Salzberger, dcera Amose Oze, kter\u00e1\u00a0<a href=\"https:\/\/twitter.com\/faniaoz\/status\/1745402280277324018\">navrhla<\/a>\u00a0, \u017ee v\u0161echny tyto genocidn\u00ed hovory jsou jen p\u0159\u00edklady \u201edivok\u00e9 svobody slova\u201c a \u201ek\u0159iklouni k\u0159i\u010d\u00edc\u00ed o genocid\u011b a Amalekovi\u201c, kte\u0159\u00ed si \u201eneuv\u011bdomuj\u00ed hlubokou nesoulad, obrovsk\u00e9 \u0161kody, opr\u00e1vn\u011bn\u00e9 pobou\u0159en\u00ed.&#8220;\u00a0<a href=\"https:\/\/mondoweiss.net\/2024\/01\/dont-believe-haaretz-and-the-nyt-israeli-society-fully-supports-the-gaza-genocide\/\">V souladu s\u00a0<em>Haaretzem<\/em>\u00a0a\u00a0<em>New York Times<\/em><\/a>\u00a0nazna\u010duje, \u017ee jde jen o \u0161patn\u00e1 jablka: \u201ePouze mal\u00e1 men\u0161ina chce skute\u010dnou genocidu v Gaze a je mor\u00e1ln\u011b dost ochromen\u00e1 na to, aby ji provedla: extr\u00e9mn\u00ed n\u00e1rodn\u011b-n\u00e1bo\u017eensk\u00e1 pravice.\u00a0A &#8222;Ne, Izrael neprov\u00e1d\u00ed genocidu&#8230; Ale jeho pokra\u010duj\u00edc\u00ed \u017ev\u00e1st o &#8218;srovn\u00e1v\u00e1n\u00ed Gazy&#8216; u\u017e nen\u00ed kuri\u00f3zn\u00edm vedlej\u0161\u00edm efektem na\u0161eho argumenta\u010dn\u00edho d\u011bdictv\u00ed.&#8220;<\/p>\n<p>To je absurdn\u00ed \u2013 Oz-Salzberger se sna\u017e\u00ed p\u0159ekonat\u00a0<a href=\"https:\/\/mondoweiss.net\/2019\/01\/liberal-zionist-zealotry\/\">sv\u00e9ho otce<\/a>\u00a0, pokud jde o prod\u00e1vat hasbaru.<\/p>\n<p>Drtiv\u00e1 v\u011bt\u0161ina izraelsk\u00e9 populace\u00a0<a href=\"https:\/\/mondoweiss.net\/2024\/01\/dont-believe-haaretz-and-the-nyt-israeli-society-fully-supports-the-gaza-genocide\/\">genocidu podporuje<\/a>\u00a0, jen tomu \u0159\u00edkaj\u00ed jinak, t\u0159eba sebeobrana.\u00a0V\u011bt\u0161ina z nich si mysl\u00ed, \u017ee se pou\u017e\u00edv\u00e1 p\u0159\u00edli\u0161 m\u00e1lo palebn\u00e9 s\u00edly, a v\u011bt\u0161ina z nich podporuje pl\u00e1n \u201edobrovoln\u00e9 emigrace\u201c (etnick\u00e9 \u010distky, pokud n\u011bkdo pochybuje).<\/p>\n<p>V\u0161echna tato slova, Netanjahuova i slova liber\u00e1ln\u00edch propagandist\u016f, jsou sou\u010d\u00e1st\u00ed t\u00e9\u017ee genocidn\u00ed reality.\u00a0Izrael p\u00e1ch\u00e1 genocidu a sv\u011bt m\u00e1 odpov\u011bdnost chr\u00e1nit Palestince.\u00a0Netanjahu ozn\u00e1mil, \u017ee se nezastav\u00ed p\u0159ed ni\u010d\u00edm, i kdy\u017e nejvy\u0161\u0161\u00ed soud na sv\u011bt\u011b \u0159\u00edk\u00e1, \u017ee mus\u00ed.\u00a0Mus\u00edme tedy st\u00e1t s Palestinci proti t\u00e9to izraelsk\u00e9 ose zla.<\/p>\n<p><em>H\/t Tali Shapiro, Steffen Groth<\/em><\/p>\n<p>&nbsp;<\/p>\n","protected":false},"excerpt":{"rendered":"<p>Navzdory \u0159\u00edzen\u00ed u Mezin\u00e1rodn\u00edho soudn\u00edho dvora dal Benjamin Netanjahu jasn\u011b najevo, \u017ee Izrael nem\u00e1 v&#8230;<\/p>\n","protected":false},"author":2,"featured_media":41712,"comment_status":"closed","ping_status":"closed","sticky":false,"template":"","format":"standard","meta":[],"categories":[7],"tags":[4537,178,312,276],"_links":{"self":[{"href":"https:\/\/www.infokuryr.cz\/n\/wp-json\/wp\/v2\/posts\/44812"}],"collection":[{"href":"https:\/\/www.infokuryr.cz\/n\/wp-json\/wp\/v2\/posts"}],"about":[{"href":"https:\/\/www.infokuryr.cz\/n\/wp-json\/wp\/v2\/types\/post"}],"author":[{"embeddable":true,"href":"https:\/\/www.infokuryr.cz\/n\/wp-json\/wp\/v2\/users\/2"}],"replies":[{"embeddable":true,"href":"https:\/\/www.infokuryr.cz\/n\/wp-json\/wp\/v2\/comments?post=44812"}],"version-history":[{"count":1,"href":"https:\/\/www.infokuryr.cz\/n\/wp-json\/wp\/v2\/posts\/44812\/revisions"}],"predecessor-version":[{"id":44813,"href":"https:\/\/www.infokuryr.cz\/n\/wp-json\/wp\/v2\/posts\/44812\/revisions\/44813"}],"wp:featuredmedia":[{"embeddable":true,"href":"https:\/\/www.infokuryr.cz\/n\/wp-json\/wp\/v2\/media\/41712"}],"wp:attachment":[{"href":"https:\/\/www.infokuryr.cz\/n\/wp-json\/wp\/v2\/media?parent=44812"}],"wp:term":[{"taxonomy":"category","embeddable":true,"href":"https:\/\/www.infokuryr.cz\/n\/wp-json\/wp\/v2\/categories?post=44812"},{"taxonomy":"post_tag","embeddable":true,"href":"https:\/\/www.infokuryr.cz\/n\/wp-json\/wp\/v2\/tags?post=44812"}],"curies":[{"name":"wp","href":"https:\/\/api.w.org\/{rel}","templated":true}]}}