{"id":44810,"date":"2024-01-16T00:41:16","date_gmt":"2024-01-15T23:41:16","guid":{"rendered":"https:\/\/www.infokuryr.cz\/n\/?p=44810"},"modified":"2024-01-15T19:31:16","modified_gmt":"2024-01-15T18:31:16","slug":"101-den-kolaps-zdravotnickeho-sektoru-gazy-nejhorsi-clovekem-zpusobena-lekarska-katastrofa-v-moderni-historii","status":"publish","type":"post","link":"https:\/\/www.infokuryr.cz\/n\/2024\/01\/16\/101-den-kolaps-zdravotnickeho-sektoru-gazy-nejhorsi-clovekem-zpusobena-lekarska-katastrofa-v-moderni-historii\/","title":{"rendered":"101. den: Kolaps zdravotnick\u00e9ho sektoru Gazy, \u201enejhor\u0161\u00ed \u010dlov\u011bkem zp\u016fsoben\u00e1 l\u00e9ka\u0159sk\u00e1 katastrofa v modern\u00ed historii\u201c"},"content":{"rendered":"<div id=\"fb-root\"><\/div>\n<p><span style=\"font-size: 18pt;\"><strong>15.leden 2024<\/strong><\/span><\/p>\n<p><span style=\"font-size: 14pt;\"><strong>Vzhledem k tomu, \u017ee potvrzen\u00fd po\u010det ob\u011bt\u00ed izraelsk\u00e9ho \u00fatoku na Gazu dosahuje 24 000, jsou USA \u00fadajn\u011b \u201efrustrovan\u00e9\u201c, Izrael nad\u00e1le ignoruje v\u00fdzvy k omezen\u00ed sv\u00fdch \u00fatok\u016f.\u00a0Hamas zve\u0159ejnil video t\u0159\u00ed izraelsk\u00fdch zajatc\u016f s t\u00edm, \u017ee osud bude odhalen dnes.<\/strong><\/span><\/p>\n<h2 class=\"wp-block-heading\"><strong><span>Ztr\u00e1ty<\/span><\/strong><\/h2>\n<ul>\n<li><span>23 968+ zabito* a nejm\u00e9n\u011b 60 582 zran\u011bno v p\u00e1smu Gazy.<\/span><\/li>\n<li><span>Na okupovan\u00e9m Z\u00e1padn\u00edm b\u0159ehu a ve v\u00fdchodn\u00edm Jeruzal\u00e9m\u011b bylo zabito v\u00edce ne\u017e 387 Palestinc\u016f<\/span><\/li>\n<li><span>Izrael reviduje sv\u016fj odhadovan\u00fd po\u010det ob\u011bt\u00ed ze 7. \u0159\u00edjna na 1 400 na 1 147.<\/span><\/li>\n<li><span>Od 7. \u0159\u00edjna bylo zabito 522 izraelsk\u00fdch voj\u00e1k\u016f a nejm\u00e9n\u011b 2 193 zran\u011bno.**<\/span><\/li>\n<\/ul>\n<p><em><span>* Toto \u010d\u00edslo bylo potvrzeno ministerstvem zdravotnictv\u00ed Gazy 14. ledna. N\u011bkter\u00e9 organizace na ochranu lidsk\u00fdch pr\u00e1v uv\u00e1d\u011bj\u00ed po\u010det ob\u011bt\u00ed na\u00a0<\/span><a href=\"https:\/\/twitter.com\/EuroMedHR\/status\/1746253558427607077\"><span>v\u00edce ne\u017e 31 000<\/span><\/a><span>\u00a0, kdy\u017e po\u010d\u00edtaj\u00ed s t\u011bmi, o kter\u00fdch se p\u0159edpokl\u00e1d\u00e1, \u017ee jsou mrtv\u00ed.<\/span><\/em><\/p>\n<p><em><span>** Tento \u00fadaj zve\u0159ejnila izraelsk\u00e1 arm\u00e1da.<\/span><\/em><\/p>\n<h2 class=\"wp-block-heading\"><strong><span>Kl\u00ed\u010dov\u00fd v\u00fdvoj\u00a0<\/span><\/strong><\/h2>\n<ul>\n<li><span>Ham\u00e1s zve\u0159ej\u0148uje video t\u0159\u00ed izraelsk\u00fdch zajatc\u016f, kte\u0159\u00ed \u0159\u00edkaj\u00ed sv\u00e9 vl\u00e1d\u011b, aby zastavila ofenz\u00edvu, a n\u00e1sleduje zpr\u00e1va, \u017ee jejich \u201eosud\u201c bude ur\u010den v pond\u011bl\u00ed.<\/span><\/li>\n<li><span>Okupovan\u00fd Z\u00e1padn\u00ed b\u0159eh Jord\u00e1nu: P\u011bt Palestinc\u016f zabily izraelsk\u00e9 s\u00edly ve t\u0159ech samostatn\u00fdch incidentech v ned\u011bli.<\/span><\/li>\n<li><span>Republik\u00e1ni z nejvy\u0161\u0161\u00ed sn\u011bmovny vyhro\u017euj\u00ed zam\u011bstnanc\u016fm americk\u00e9 vl\u00e1dy, kte\u0159\u00ed se \u00fa\u010dastn\u00ed st\u00e1vky na protest proti pokra\u010duj\u00edc\u00ed podpo\u0159e Washingtonu Izraeli.<\/span><\/li>\n<li><span>Americk\u00e1 st\u00edha\u010dka sest\u0159elila protilodn\u00ed \u0159\u00edzenou st\u0159elu Ansar Allah vyp\u00e1lenou na americk\u00fd torp\u00e9doborec v Rud\u00e9m mo\u0159i.<\/span><\/li>\n<li><span>Palestinsk\u00fd novin\u00e1\u0159\u00a0<\/span><a href=\"https:\/\/english.wafa.ps\/Pages\/Details\/140730\"><span>Yazan Zweidi<\/span><\/a><span>\u00a0zabit izraelsk\u00fdm ost\u0159elov\u00e1n\u00edm p\u0159i pr\u00e1ci v severn\u00edm p\u00e1smu Gazy.<\/span><\/li>\n<li><span>Izraelsk\u00e9 s\u00edly\u00a0<\/span><a href=\"https:\/\/english.wafa.ps\/Pages\/Details\/140743\"><span>zatkly 25 student\u016f<\/span><\/a><span>\u00a0z N\u00e1bulussk\u00e9 univerzity An-Najah, okupovan\u00e9 Z\u00e1padn\u00edm b\u0159ehem Jord\u00e1nu.\u00a0<\/span><\/li>\n<li><span>T\u0159i pr\u00e1vn\u00ed a lidskopr\u00e1vn\u00ed skupiny\u00a0<\/span><a href=\"https:\/\/www.alhaq.org\/advocacy\/22509.html\"><span>nal\u00e9haj\u00ed na Mezin\u00e1rodn\u00ed soudn\u00ed dv\u016fr,<\/span><\/a><span>\u00a0aby vydal prozat\u00edmn\u00ed opat\u0159en\u00ed po\u017eadovan\u00e1 Jihoafrickou republikou.<\/span><\/li>\n<li><span>Protitankov\u00e1 st\u0159ela Hizball\u00e1hu zabila 70letou Izrael\u010danku a jej\u00edho syna,\u00a0<\/span><a href=\"https:\/\/www.timesofisrael.com\/elderly-woman-and-her-son-killed-at-home-in-hezbollah-anti-tank-missile-attack\/\"><span>uv\u00e1d\u00ed Times of Israel.<\/span><\/a><\/li>\n<li><span>Ansar Allah\u00a0<\/span><a href=\"https:\/\/news.usni.org\/2024\/01\/14\/houthis-fire-anti-ship-missile-at-uss-laboon\"><span>slibuje<\/span><\/a><span>\u00a0odvetu za americk\u00e9 a britsk\u00e9 n\u00e1lety na Jemen.<\/span><\/li>\n<li><a href=\"https:\/\/twitter.com\/netblocks\/status\/1746546602544689574?ref_src=twsrc%5Etfw%7Ctwcamp%5Etweetembed%7Ctwterm%5E1746546602544689574%7Ctwgr%5E27258ffceb13bf692e0af24c4a723085d9aa535c%7Ctwcon%5Es1_&amp;ref_url=https%3A%2F%2Fwww.aljazeera.com%2Fnews%2Fliveblog%2F2024%2F1%2F14%2Fisraels-war-on-gaza-live-100-days-of-war-in-gaza-as-more-children-killed\"><span>Observato\u0159 NetBlocks:<\/span><\/a><span>\u00a0V\u00edce ne\u017e 48hodinov\u00fd v\u00fdpadek zp\u016fsobil, \u017ee \u201ev\u011bt\u0161ina obyvatel byla od\u0159\u00edznuta\u201c, proto\u017ee v\u00e1lka v enkl\u00e1v\u011b p\u0159ekro\u010dila hranici 100 dn\u016f.<\/span><\/li>\n<li><a href=\"https:\/\/twitter.com\/netblocks\/status\/1746546602544689574?ref_src=twsrc%5Etfw%7Ctwcamp%5Etweetembed%7Ctwterm%5E1746546602544689574%7Ctwgr%5E27258ffceb13bf692e0af24c4a723085d9aa535c%7Ctwcon%5Es1_&amp;ref_url=https%3A%2F%2Fwww.aljazeera.com%2Fnews%2Fliveblog%2F2024%2F1%2F14%2Fisraels-war-on-gaza-live-100-days-of-war-in-gaza-as-more-children-killed\"><span>Observato\u0159 NetBlocks:<\/span><\/a><span>\u00a0Dva oprav\u00e1\u0159i Patel byli zabiti p\u0159i pokusu o obnoven\u00ed komunika\u010dn\u00edch slu\u017eeb v Gaze.<\/span><\/li>\n<li><a href=\"https:\/\/twitter.com\/PalestineRCS\/status\/1746518860906266813?ref_src=twsrc%5Etfw%7Ctwcamp%5Etweetembed%7Ctwterm%5E1746518860906266813%7Ctwgr%5E27258ffceb13bf692e0af24c4a723085d9aa535c%7Ctwcon%5Es1_&amp;ref_url=https%3A%2F%2Fwww.aljazeera.com%2Fnews%2Fliveblog%2F2024%2F1%2F14%2Fisraels-war-on-gaza-live-100-days-of-war-in-gaza-as-more-children-killed\"><span>PRCS<\/span><\/a><span>\u00a0: Po izraelsk\u00fdch \u00fatoc\u00edch na zdravotnick\u00e1 centra a sanitky byly obnoveny pohotovostn\u00ed l\u00e9ka\u0159sk\u00e9 slu\u017eby pro m\u011bsto Gaza a severn\u00ed oblast Gazy.<\/span><\/li>\n<\/ul>\n<h2 class=\"wp-block-heading\"><strong><span>Zran\u011bn\u00ed v Gaze nar\u016fstaj\u00ed uprost\u0159ed kolapsu zdravotnictv\u00ed\u00a0<\/span><\/strong><\/h2>\n<p><span>Izraelsk\u00e1 v\u00e1lka v Gaze ofici\u00e1ln\u011b p\u0159ekro\u010dila 100 dn\u00ed a zanechala v oble\u017een\u00e9 enkl\u00e1v\u011b st\u00edn sv\u00e9ho b\u00fdval\u00e9ho j\u00e1, napln\u011bn\u00e9ho smrt\u00ed, vys\u00eddlen\u00edm, hladem a zoufalstv\u00edm.\u00a0\u00a0<\/span><\/p>\n<p><span>Nejm\u00e9n\u011b 44 Palestinc\u016f bylo v pond\u011bl\u00ed zabito izraelsk\u00fdm bombardov\u00e1n\u00edm, v\u010detn\u011b 33 lid\u00ed v ji\u017en\u00ed \u010d\u00e1sti Khan Younis a 12 lid\u00ed v obytn\u00e9 budov\u011b v severn\u00ed \u010d\u00e1sti Gazy,\u00a0<\/span><a href=\"https:\/\/aje.io\/3aenaj?update=2621805\"><span>uvedla Al-D\u017eaz\u00edra<\/span><\/a><span>\u00a0.\u00a0<\/span><\/p>\n<p><span>Des\u00edtky dal\u0161\u00edch byly zran\u011bny a v d\u016fsledku izraelsk\u00fdch \u00fatok\u016f na zdravotnictv\u00ed maj\u00ed v Gaze extr\u00e9mn\u011b omezen\u00e9 mo\u017enosti l\u00e9\u010dby.\u00a0<\/span><\/p>\n<p><span>Sv\u011btov\u00e1 zdravotnick\u00e1 organizace (WHO) nav\u0161t\u00edvila nemocnici Al-Aks\u00e1 v centru Gazy a nemocnici Nasser v ji\u017en\u00ed \u010d\u00e1sti Ch\u00e1n J\u00fanis, aby vyzvala k ochran\u011b zdravotn\u00edch st\u0159edisek.\u00a0Po n\u00e1v\u0161t\u011bv\u011b WHO zjistila, \u017ee pacienti ut\u00edkaj\u00ed ze strachu a po\u010det zdravotnick\u00e9ho person\u00e1lu v nemocnici Al-Aks\u00e1 je n\u00edzk\u00fd.<\/span><\/p>\n<p><span>V nemocnici N\u00e1sir skupina dokumentovala nedostatek l\u016f\u017eek, v are\u00e1lu bylo 700 pacient\u016f spolu s asi 7 000 vnit\u0159n\u011b vys\u00eddlen\u00fdmi Palestinci.\u00a0<\/span><\/p>\n<p><span>\u201eTato za\u0159\u00edzen\u00ed vy\u017eaduj\u00ed trvalou podporu a ochranu, aby z\u016fstala funk\u010dn\u00ed.\u00a0N\u00e1r\u016fst nep\u0159\u00e1telstv\u00ed na jihu P\u00e1sma zt\u011b\u017euje, aby se k nim pomoc dostala,\u201c\u00a0<\/span><a href=\"https:\/\/twitter.com\/DrTedros\/status\/1746504627153981480?ref_src=twsrc%5Etfw%7Ctwcamp%5Etweetembed%7Ctwterm%5E1746504627153981480%7Ctwgr%5E27258ffceb13bf692e0af24c4a723085d9aa535c%7Ctwcon%5Es1_&amp;ref_url=https%3A%2F%2Fwww.aljazeera.com%2Fnews%2Fliveblog%2F2024%2F1%2F14%2Fisraels-war-on-gaza-live-100-days-of-war-in-gaza-as-more-children-killedhttps:\/\/twitter.com\/DrTedros\/status\/1746504627153981480?ref_src=twsrc%5Etfw%7Ctwcamp%5Etweetembed%7Ctwterm%5E1746504627153981480%7Ctwgr%5E27258ffceb13bf692e0af24c4a723085d9aa535c%7Ctwcon%5Es1_&amp;ref_url=https%3A%2F%2Fwww.aljazeera.com%2Fnews%2Fliveblog%2F2024%2F1%2F14%2Fisraels-war-on-gaza-live-100-days-of-war-in-gaza-as-more-children-killed\"><span>\u0159ekl \u0161\u00e9f WHO Tedros Adhanom Ghebreyesus<\/span><\/a><span>\u00a0.<\/span><\/p>\n<p><span>\u201eV Gaze je syst\u00e9m zdravotn\u00ed p\u00e9\u010de na pokraji kolapsu.\u00a0V jak\u00e9mkoli konfliktu nebo krizi je p\u0159\u00edstup ke zdravotn\u00ed p\u00e9\u010di ot\u00e1zkou \u017eivota nebo smrti,\u201c uvedl gener\u00e1ln\u00ed tajemn\u00edk Mezin\u00e1rodn\u00ed federace \u010cerven\u00e9ho k\u0159\u00ed\u017ee Jagan Chapagain\u00a0<\/span><a href=\"https:\/\/twitter.com\/jagan_chapagain\/status\/1746617588140909001?ref_src=twsrc%5Etfw%7Ctwcamp%5Etweetembed%7Ctwterm%5E1746617588140909001%7Ctwgr%5E4cee96f54835b8516a3389291f1398df7dfdb6f4%7Ctwcon%5Es1_&amp;ref_url=https%3A%2F%2Fwww.aljazeera.com%2Fnews%2Fliveblog%2F2024%2F1%2F14%2Fisraels-war-on-gaza-live-100-days-of-war-in-gaza-as-more-children-killed\"><span>na X.<\/span><\/a><\/p>\n<p><span>\u201eCiviln\u00ed obyvatelstvo v Gaze trp\u011blo dost a zdravotn\u00ed p\u00e9\u010de je jedn\u00edm z posledn\u00edch zb\u00fdvaj\u00edc\u00edch maj\u00e1k\u016f nad\u011bje.\u00a0Je to humanit\u00e1rn\u00ed a mor\u00e1ln\u00ed imperativ zajistit lidem v Gaze p\u0159\u00edstup ke zdravotn\u00ed p\u00e9\u010di,\u201c pokra\u010doval Chapagain.<\/span><\/p>\n<p><span>Podobn\u011b Dr. Mads Gilbert, l\u00e9ka\u0159, kter\u00fd pracoval v Gaze v\u00edce ne\u017e 20 let,\u00a0<\/span><a href=\"https:\/\/aje.io\/3aenaj?update=2621714\"><span>\u0159ekl Al-D\u017eaz\u00ed\u0159e<\/span><\/a><span>\u00a0: \u201eJe to hrozn\u00e1 situace.\u00a0Kapacita zdravotnictv\u00ed v\u016fbec nesta\u010d\u00ed na zvl\u00e1dnut\u00ed tohoto masivn\u00edho po\u010dtu 61 000 zran\u011bn\u00fdch.\u00a0V\u0161echno jim chyb\u00ed;\u00a0nemaj\u00ed antibiotika, anestetika, infuze.\u201c\u00a0<\/span><\/p>\n<p><a href=\"https:\/\/thepeninsulaqatar.com\/article\/15\/01\/2024\/live-updates-israel-continues-onslaught-communication-blackout-medical-disaster-adds-to-plight-in-gaza#:~:text=The%20mayor%20of%20Gaza%20City,massive%20number%20of%2061%2C000%20injured.\"><span>Na severu ozn\u00e1mil<\/span><\/a><span>\u00a0starosta m\u011bsta Gaza, \u017ee\u00a0u\u017e n\u011bkolik m\u011bs\u00edc\u016f nedostal \u201eani kapku paliva\u201c, a na jihu jsou nemocnice p\u0159epln\u011bn\u00e9 ran\u011bn\u00fdmi.<\/span><\/p>\n<p><span>\u201eToto je systematick\u00e1 katastrofa zp\u016fsoben\u00e1 \u010dlov\u011bkem.\u00a0To je napl\u00e1nov\u00e1no a provedeno izraelskou vl\u00e1dou s plnou podporou USA. Je to nejhor\u0161\u00ed l\u00e9ka\u0159sk\u00e1 katastrofa zp\u016fsoben\u00e1 \u010dlov\u011bkem v modern\u00ed historii,\u201c \u0159ekl Gilbert.\u00a0<\/span><\/p>\n<p><a href=\"https:\/\/www.ochaopt.org\/content\/hostilities-gaza-strip-and-israel-flash-update-92?_gl=1*yb8dhg*_ga*MTk5NTM5MjY1MS4xNzAzODY3Mjc1*_ga_E60ZNX2F68*MTcwNTMxMTcyMS40LjAuMTcwNTMxMTcyMS42MC4wLjA.\"><span>UNOCHA uvedl, \u017ee<\/span><\/a><span>\u00a0izraelsk\u00e9 odep\u0159en\u00ed p\u0159\u00edstupu pro humanit\u00e1rn\u00ed mise se od za\u010d\u00e1tku roku 2024 zv\u00fd\u0161ilo, p\u0159i\u010dem\u017e pouze asi 24 procent pl\u00e1novan\u00fdch humanit\u00e1rn\u00edch dod\u00e1vek do severn\u00ed Gazy dorazilo do sv\u00fdch destinac\u00ed v prvn\u00edch t\u00fddnech roku.<\/span><\/p>\n<p><span>Podobn\u011b Diaa Rashwan, p\u0159edseda egyptsk\u00e9 St\u00e1tn\u00ed informa\u010dn\u00ed slu\u017eby (SIS), \u0159\u00edk\u00e1, \u017ee Izrael je jedinou p\u0159\u00ed\u010dinou nedostatku pomoci vstupuj\u00edc\u00ed do Gazy p\u0159es Rafah a dal\u0161\u00ed hrani\u010dn\u00ed p\u0159echody.<\/span><\/p>\n<p><span>Rashwan dodal, \u017ee p\u0159echod Rafah nebyl na egyptsk\u00e9 stran\u011b uzav\u0159en \u201ena jedin\u00fd okam\u017eik\u201c.\u00a0Izraelsk\u00e9 \u00fa\u0159ady z\u00e1rove\u0148 z\u00e1m\u011brn\u011b naru\u0161ily nebo zdr\u017eely vstup pomoci \u201epod z\u00e1minkou jej\u00ed kontroly\u201c.<\/span><\/p>\n<p><span>\u201eB\u011bhem t\u011bchto 100 dn\u016f tvrdohlavost a z\u00e1m\u011brnost okupa\u010dn\u00edch izraelsk\u00fdch \u00fa\u0159ad\u016f na jin\u00fdch p\u0159echodech P\u00e1sma Gazy zdr\u017eovala inspekci pomoci p\u0159ed povolen\u00edm jej\u00edho pr\u016fchodu na palestinskou stranu, a to d\u00edky sv\u00e9 vojensk\u00e9 kontrole nad \u00fazem\u00edm Gazy. Strip,\u201c citoval ho v p\u0159\u00edsp\u011bvku SIS na Facebooku,\u00a0<\/span><a href=\"https:\/\/aje.io\/3aenaj?update=2621550\"><span>jak jej citovala Al-D\u017eaz\u00edra<\/span><\/a><span>\u00a0.<\/span><\/p>\n<p><span>Agentura OSN pro palestinsk\u00e9 uprchl\u00edky (UNRWA) uvedla,\u00a0<\/span><a href=\"https:\/\/twitter.com\/UNRWA\/status\/1746543228449419571\"><span>\u017ee<\/span><\/a><span>\u00a0\u201emasivn\u00ed ni\u010den\u00ed, vys\u00eddlen\u00ed, hlad a ztr\u00e1ta posledn\u00edch 100 dn\u00ed poskvr\u0148uj\u00ed na\u0161i sd\u00edlenou lidskost\u201c.<\/span><\/p>\n<p><span>\u201eHumanit\u00e1rn\u00ed operace se stala jednou z nejslo\u017eit\u011bj\u0161\u00edch a nejn\u00e1ro\u010dn\u011bj\u0161\u00edch na sv\u011bt\u011b,\u201c uvedlo se, \u201evzhledem k t\u011bsn\u00e9mu oble\u017een\u00ed v p\u00e1smu Gazy poskytnut\u00e1 pomoc ani zdaleka nesta\u010d\u00ed k uspokojen\u00ed pot\u0159eb lid\u00ed.\u00a0<\/span><\/p>\n<h2 class=\"wp-block-heading\"><strong><span>Nov\u00fd norm\u00e1l: ka\u017edodenn\u00ed \u00fatoky na okupovan\u00fd Z\u00e1padn\u00ed b\u0159eh Jord\u00e1nu<\/span><\/strong><\/h2>\n<p><span>Mezit\u00edm na okupovan\u00e9m Z\u00e1padn\u00edm b\u0159ehu provedly izraelsk\u00e9 s\u00edly dal\u0161\u00ed noc t\u011b\u017ek\u00e9ho n\u00e1sil\u00ed na palestinsk\u00fdch \u010dtvrt\u00edch a m\u011bstech.\u00a0<\/span><\/p>\n<p><span>Jako p\u0159edzv\u011bst no\u010dn\u00edch izraelsk\u00fdch vojensk\u00fdch n\u00e1let\u016f zabila arm\u00e1da v ned\u011bli ve t\u0159ech samostatn\u00fdch incidentech p\u011bt Palestinc\u016f, v\u010detn\u011b t\u0159\u00ed d\u011bt\u00ed.\u00a0<\/span><\/p>\n<p><span>Mezi zabit\u00fdmi jsou \u0161estn\u00e1ctilet\u00fd Khaled Hmeidat a 17let\u00fd Suleiman Kanaan v el-Bireh, \u0161estn\u00e1ctilet\u00fd Louay Al-Sufi b\u011bhem n\u00e1letu na uprchlick\u00fd t\u00e1bor Ain Sultan severn\u011b od m\u011bsta Jericho a dva Palestinci v Sairu, severn\u011b od Hebronu, v aut\u011b podle arm\u00e1dy prorazili kontroln\u00ed stanovi\u0161t\u011b.<\/span><\/p>\n<p><span>Izraelsk\u00e9 s\u00edly tak\u00e9 v ned\u011bli v noci na dne\u0161ek\u00a0<\/span><a href=\"https:\/\/english.wafa.ps\/Pages\/Details\/140743\"><span>zatkli 25 student\u016f,<\/span><\/a><span>\u00a0kte\u0159\u00ed v kampusu protestovali proti vysok\u00e9mu \u0161koln\u00e9mu na univerzit\u011b An-Najah v N\u00e1bulusu na okupovan\u00e9m Z\u00e1padn\u00edm b\u0159ehu Jord\u00e1nu.\u00a0<\/span><\/p>\n<p><span>Wasel Abu Yousef, \u010dlen v\u00fdkonn\u00e9ho v\u00fdboru Organizace pro osvobozen\u00ed Palestiny,\u00a0<\/span><a href=\"https:\/\/aje.io\/twchcd?update=2620817\"><span>\u0159ekl Al-D\u017eaz\u00ed\u0159e<\/span><\/a><span>\u00a0, \u017ee jak okupovan\u00fd Z\u00e1padn\u00ed b\u0159eh Jord\u00e1nu, tak Gaza jsou sou\u010d\u00e1st\u00ed \u201eizraelsk\u00e9 genocidy proti Palestinc\u016fm, jej\u00edm\u017e c\u00edlem je zlomit je a jejich kolektivn\u00ed v\u016fli\u201c.<\/span><\/p>\n<p><span>&#8222;Jak Izrael b\u011bhem 100 dn\u016f v\u00e1lky sp\u00e1chal masakry v p\u00e1smu Gazy, pokra\u010duje v \u00fatoc\u00edch proti Palestinc\u016fm na Z\u00e1padn\u00edm b\u0159ehu Jord\u00e1nu a okupovan\u00e9m v\u00fdchodn\u00edm Jeruzal\u00e9m\u011b,&#8220; \u0159ekl Ab\u00fa J\u00fasef.<\/span><\/p>\n<p><span>&#8222;Okupace se sna\u017e\u00ed vnutit nov\u00e1 fakta na zem a sna\u017e\u00ed se realizovat sv\u00e9 pl\u00e1ny na vys\u00eddlen\u00ed Palestinc\u016f rozbit\u00edm Z\u00e1padn\u00edho b\u0159ehu a zab\u00edjen\u00edm a ni\u010den\u00edm,&#8220; \u0159ekl.<\/span><\/p>\n<p><span>\u201eSkrze opakovan\u00e9 n\u00e1jezdy a \u00fatoky Izrael douf\u00e1, \u017ee lid\u00e9 odejdou dobrovoln\u011b,\u201c dodal.\u00a0<\/span><\/p>\n<h2 class=\"wp-block-heading\"><span>Video\u00a0<\/span><strong><span>izraelsk\u00fdch zajatc\u016f<\/span><\/strong><\/h2>\n<p><span>V ned\u011bli ve\u010der Hamas zve\u0159ejnil nedatovan\u00e9 37sekundov\u00e9 video t\u0159\u00ed Izraelc\u016f zajat\u00fdch 7. \u0159\u00edjna, Noa Argamaniho (26), Yossiho Sharabiho (53) a Itaie Svirsk\u00e9ho (38), apeluj\u00ed na svou vl\u00e1du, aby zastavila ofenz\u00edvu.<\/span><\/p>\n<p><span>&#8222;Z\u00edtra v\u00e1s budeme informovat o jejich osudu,&#8220; uvedl video bez dal\u0161\u00edch podrobnost\u00ed.<\/span><\/p>\n<p><span>P\u0159ed n\u011bkolika hodinami, ve stejn\u00fd den, mluv\u010d\u00ed Ham\u00e1sov\u00fdch brig\u00e1d Kas\u00e1m Ab\u00fa Obaida\u00a0<\/span><a href=\"https:\/\/aje.io\/twchcd?update=2620655\"><span>\u0159ekl<\/span><\/a><span>\u00a0, \u017ee osud mnoha izraelsk\u00fdch zajatc\u016f se v posledn\u00edch t\u00fddnech stal \u201enezn\u00e1m\u00fdm\u201c.<\/span><\/p>\n<p><span>&#8222;Mnoho z nich bylo s nejv\u011bt\u0161\u00ed pravd\u011bpodobnost\u00ed zabito kv\u016fli izraelsk\u00e9mu bombardov\u00e1n\u00ed,&#8220; \u0159ekl Abu Obeida.<\/span><\/p>\n<p><span>&#8222;Zbytek je v nebezpe\u010d\u00ed a nep\u0159\u00edtel nese odpov\u011bdnost za jejich osud,&#8220; dodal.\u00a0<\/span><\/p>\n<p><span>Izrael tvrd\u00ed, \u017ee 132 z\u016fst\u00e1v\u00e1 v Gaze a 25 zem\u0159elo v zajet\u00ed.\u00a0Z asi 240 lid\u00ed, kter\u00e9 Ham\u00e1s zabavil 7. \u0159\u00edjna, byla t\u00e9m\u011b\u0159 polovina propu\u0161t\u011bna v r\u00e1mci listopadov\u00e9ho p\u0159\u00edm\u011b\u0159\u00ed.\u00a0<\/span><\/p>\n<p><span>Abu Obaida tak\u00e9\u00a0<\/span><a href=\"https:\/\/aje.io\/twchcd?update=2620504\"><span>ozn\u00e1mil<\/span><\/a><span>\u00a0, \u017ee za 100 dn\u00ed jsme \u201eprovedli stovky operac\u00ed\u201c v p\u0159edem nahran\u00e9 video zpr\u00e1v\u011b.\u00a0<\/span><\/p>\n<p><span>Od 7. \u0159\u00edjna jsme \u201ezni\u010dili nebo zne\u0161kodnili 1 000 izraelsk\u00fdch vojensk\u00fdch vozidel a provedli jsme stovky operac\u00ed proti okupaci,\u201c pokra\u010doval, pokra\u010doval.\u00a0\u00a0<\/span><\/p>\n<p><span>Biden v\u00a0<\/span><a href=\"https:\/\/www.whitehouse.gov\/briefing-room\/statements-releases\/2024\/01\/14\/statement-from-president-joe-biden-marking-100-days-of-captivity-for-hostages-in-gaza\/\"><span>prohl\u00e1\u0161en\u00ed<\/span><\/a><span>\u00a0ke 100 dn\u016fm v\u00e1lky v Gaze uvedl, \u017ee st\u00e1le pracuje na vyjedn\u00e1v\u00e1n\u00ed o propu\u0161t\u011bn\u00ed zajatc\u016f.<\/span><\/p>\n<p><span>\u201eNikdy nezapomenu na smutek a utrpen\u00ed, kter\u00e9 jsem sly\u0161el na sv\u00fdch setk\u00e1n\u00edch s rodinami americk\u00fdch rukojm\u00edch.\u00a0Nikdo by nem\u011bl vydr\u017eet ani jeden den toho, \u010d\u00edm si pro\u0161el, nato\u017e 100,\u201c pokra\u010doval Biden a nezm\u00ednil se o t\u00e9m\u011b\u0159 24 000 zabit\u00fdch Palestinc\u00edch v Gaze.<\/span><\/p>\n<p><span>Palestinsk\u00e1 mise OSN kritizovala americk\u00e9ho ministra zahrani\u010d\u00ed\u00a0<\/span><a href=\"https:\/\/twitter.com\/Palestine_UN\/status\/1746734275930546614?ref_src=twsrc%5Etfw%7Ctwcamp%5Etweetembed%7Ctwterm%5E1746734275930546614%7Ctwgr%5Ef8d6a74f7dc32b4e572c830978501f086140914f%7Ctwcon%5Es1_&amp;ref_url=https%3A%2F%2Fwww.aljazeera.com%2Fnews%2Fliveblog%2F2024%2F1%2F15%2Fisraels-war-on-gaza-live-hunger-cold-threaten-more-lives-in-gaza\"><span>na X<\/span><\/a><span>\u00a0za to, \u017ee se ve sv\u00e9m p\u0159\u00edsp\u011bvku u p\u0159\u00edle\u017eitosti 100 dn\u016f v\u00e1lky nezm\u00ednil o 24 000 Palestinc\u00edch zabit\u00fdch v p\u00e1smu Gazy, z nich\u017e asi polovina jsou d\u011bti.<\/span><\/p>\n<p><span>\u201eHanba t\u011bm, kte\u0159\u00ed z\u016fst\u00e1vaj\u00ed spoluvin\u00edky a nevyz\u00fdvaj\u00ed k okam\u017eit\u00e9mu p\u0159\u00edm\u011b\u0159\u00ed v Gaze.\u00a0Hanba jim,\u201c st\u00e1lo v n\u011bm.<\/span><\/p>\n<h2 class=\"wp-block-heading\"><strong><span>Izrael zva\u017euje sn\u00ed\u017een\u00ed rozpo\u010dtu na vzd\u011bl\u00e1v\u00e1n\u00ed, aby mohl financovat v\u00e1lku<\/span><\/strong><\/h2>\n<p><strong>\u00a0<\/strong><span>Jak izraelsk\u00e1 v\u00e1lka v Gaze vstupuje do \u010dtvrt\u00e9ho m\u011bs\u00edce, jeho ekonomika trp\u00ed, proto\u017ee utr\u00e1c\u00ed miliardy na udr\u017een\u00ed prob\u00edhaj\u00edc\u00edch vojensk\u00fdch operac\u00ed v oble\u017een\u00e9 enkl\u00e1v\u011b.\u00a0<\/span><\/p>\n<p><span>Izrael ji\u017e od 7. \u0159\u00edjna\u00a0<\/span><a href=\"https:\/\/www.timesofisrael.com\/liveblog_entry\/total-cost-of-war-expected-to-amount-to-more-than-nis-2-billion-bank-of-israel-says\/\"><span>utratil 24,7 miliardy izraelsk\u00fdch \u0161ekel\u016f<\/span><\/a><span>\u00a0(6,6 miliardy dolar\u016f) na v\u00e1lku, v\u010detn\u011b pos\u00edlen\u00ed izraelsk\u00fdch hranic a financov\u00e1n\u00ed v\u00edce ne\u017e 100 000 lid\u00ed vys\u00eddlen\u00fdch ze severu a jihu zem\u011b.<\/span><\/p>\n<p><span>\u201eProb\u00edh\u00e1 oh\u0148ostroj\u201c nad t\u00edm, jak financovat v\u00e1le\u010dn\u00fd rozpo\u010det izraelsk\u00e9 vl\u00e1dy v roce 2024, kter\u00fd stoj\u00ed Izrael ka\u017ed\u00fd den asi 269 milion\u016f dolar\u016f,\u00a0<\/span><a href=\"https:\/\/aje.io\/3aenaj?update=2621861\"><span>uvedla Al Jazeera.<\/span><\/a><\/p>\n<p><span>N\u011bkter\u00e9 z izraelsk\u00fdch n\u00e1vrh\u016f financov\u00e1n\u00ed zahrnuj\u00ed \u0161krty v rozpo\u010dtu ministerstva \u0161kolstv\u00ed o 239 milion\u016f dolar\u016f a v\u00edce ne\u017e 100 milion\u016f dolar\u016f v rozpo\u010dtu ministerstva zdravotnictv\u00ed.\u00a0Hodn\u011b v\u011bc\u00ed je ovlivn\u011bno, pokra\u010dovala Al-D\u017eaz\u00edra.\u00a0<\/span><\/p>\n<p><span>Navzdory americk\u00e9mu tlaku na omezen\u00ed smrt\u00edc\u00edch \u00fader\u016f na civilisty v Gaze, Washington Post informoval, \u017ee\u00a0<\/span><a href=\"https:\/\/www.washingtonpost.com\/national-security\/2024\/01\/14\/israel-gaza-low-intensity\/\"><span>izraelsk\u00e9<\/span><\/a><span>\u00a0\u00a0 veden\u00ed se rozhodlo \u201epokra\u010dovat ve sv\u00e9 vysoce intenzivn\u00ed kampani po cel\u00fd leden\u201c.<\/span><\/p>\n<p><a href=\"https:\/\/www.timesofisrael.com\/war-with-hamas-to-cost-israel-at-least-nis-50-billion-in-2024-says-treasury\/\"><span>Podle izraelsk\u00fdch m\u00e9di\u00ed<\/span><\/a><span>\u00a0ministerstvo zahrani\u010d\u00ed odhaduje, \u017ee na v\u00e1lku v Gaze bude v letech 2023 a\u017e 2025 vynalo\u017eeno asi 210 miliard izraelsk\u00fdch \u0161ekel\u016f (54 miliard dolar\u016f).<\/span><\/p>\n<h2 class=\"wp-block-heading\"><span>Nap\u011bt\u00ed s\u00a0<\/span><strong><span>Bidenovou administrativou<\/span><\/strong><\/h2>\n<p><span>Zat\u00edmco Izrael pl\u00e1nuje sv\u016fj vojensk\u00fd rozpo\u010det, mluv\u010d\u00ed Rady n\u00e1rodn\u00ed bezpe\u010dnosti B\u00edl\u00e9ho domu John Kirby\u00a0<\/span><a href=\"https:\/\/www.dawn.com\/news\/1806005\/john-kirby-says-time-is-now-for-israel-to-move-to-lower-intensity-operations-dawn-news-english\"><span>\u0159ekl<\/span><\/a><span>\u00a0, \u017ee USA \u201eintenzivn\u011b\u201c hovo\u0159\u00ed s Izraelem o p\u0159echodu na operace \u201eni\u017e\u0161\u00ed intenzity\u201c v Gaze.<\/span><\/p>\n<p><span>Spojen\u00e9 st\u00e1ty nal\u00e9haly na Izrael, aby tento posun provedl ji\u017e n\u011bkolik t\u00fddn\u016f, ale odm\u00edtly uvalovat jak\u00e9koli \u010dasov\u00e9 r\u00e1mce nebo \u010derven\u00e9 \u010d\u00e1ry vl\u00e1d\u011b s t\u00edm, \u017ee tato rozhodnut\u00ed jsou na izraelsk\u00fdch v\u016fdc\u00edch.<\/span><\/p>\n<p><span>&#8222;V\u011b\u0159\u00edme, \u017ee je ten spr\u00e1vn\u00fd \u010das pro tento p\u0159echod.&#8220;\u00a0A o tom te\u010f mluv\u00edme,\u201c \u0159ekl Kirby\u00a0<\/span><a href=\"https:\/\/aje.io\/twchcd?update=2620262\"><span>podle Al-D\u017eaz\u00edry<\/span><\/a><span>\u00a0a dodal, \u017ee Izrael ji\u017e podnikl n\u011bjak\u00e9 \u201ep\u0159edb\u011b\u017en\u00e9 kroky\u201c ke sn\u00ed\u017een\u00ed leteck\u00fdch \u00fatok\u016f a operov\u00e1n\u00ed v omezen\u011bj\u0161\u00ed kapacit\u011b.\u00a0<\/span><\/p>\n<p><span>Vzhledem k tomu, \u017ee izraelsk\u00e9 \u00fatoky v posledn\u00edch dnech zabily stovky Palestinc\u016f, je v\u0161ak obt\u00ed\u017en\u00e9 tyto p\u0159edb\u011b\u017en\u00e9 kroky identifikovat.<\/span><\/p>\n<p><span>Mezit\u00edm\u00a0<\/span><a href=\"http:\/\/axios.com\/2024\/01\/14\/biden-netanyahu-israel-gaza-war-tensions\"><span>tiskov\u00e1 agentura Axios tvrd\u00ed<\/span><\/a><span>\u00a0, \u017ee americk\u00e1 administrativa je frustrovan\u00e1 t\u00edm, \u017ee Izrael odm\u00edtl v\u011bt\u0161inu jejich ned\u00e1vn\u00fdch \u017e\u00e1dost\u00ed souvisej\u00edc\u00edch s v\u00e1lkou v Gaze.<\/span><\/p>\n<p><span>\u201eSituace je nanic a my jsme uv\u00edzli.\u00a0Prezidentova trp\u011blivost doch\u00e1z\u00ed,\u201c \u0159ekl \u00fadajn\u011b americk\u00fd p\u0159edstavitel zpravodaji.\u00a0<\/span><\/p>\n<p><span>&#8222;V ka\u017ed\u00e9m okam\u017eiku Netanjahu uk\u00e1zal Bidenovi prst,&#8220; \u0159ekl americk\u00fd sen\u00e1tor Chris Van Hollen Axios.\u00a0&#8222;Pros\u00ed Netanjahuovu koalici, ale dost\u00e1vaj\u00ed facku znovu a znovu.&#8220;<\/span><\/p>\n<p><span>Navzdory zpr\u00e1v\u00e1m o eskalaci nap\u011bt\u00ed mezi izraelskou vl\u00e1dou a USA, Bidenova administrativa pokra\u010dovala v poskytov\u00e1n\u00ed kompletn\u00ed podpory Izraeli tv\u00e1\u0159\u00ed v tv\u00e1\u0159 mezin\u00e1rodn\u00edmu pobou\u0159en\u00ed v podob\u011b dod\u00e1vek munice a v OSN.\u00a0\u00a0<\/span><\/p>\n<h2 class=\"wp-block-heading\"><strong><span>Trestn\u00e1 opat\u0159en\u00ed pro zam\u011bstnance americk\u00e9 vl\u00e1dy, kter\u00e1 volaj\u00ed po p\u0159\u00edm\u011b\u0159\u00ed\u00a0<\/span><\/strong><\/h2>\n<p><span>Navzdory rostouc\u00edm obav\u00e1m mezi \u010dleny americk\u00e9 vl\u00e1dy USA tvrd\u011b pracuj\u00ed na potla\u010den\u00ed jejich protest\u016f proti bezohledn\u00fdm operac\u00edm Izraele na obyvatel\u00edch Gazy.<\/span><\/p>\n<p><span>Republik\u00e1ni z nejvy\u0161\u0161\u00ed sn\u011bmovny ozn\u00e1mili, \u017ee budou tla\u010dit na feder\u00e1ln\u00ed \u00fa\u0159ady, aby potrestaly pracovn\u00edky, kte\u0159\u00ed se v \u00fater\u00fd z\u00fa\u010dastn\u00ed pl\u00e1novan\u00e9ho odchodu na protest proti pokra\u010duj\u00edc\u00ed podpo\u0159e Washingtonu izraelsk\u00e9 agresi.\u00a0<\/span><\/p>\n<p><span>\u201eKa\u017ed\u00fd vl\u00e1dn\u00ed pracovn\u00edk, kter\u00fd odejde z pr\u00e1ce na protest proti americk\u00e9 podpo\u0159e na\u0161eho spojence Izraele, ignoruje svou odpov\u011bdnost a zneu\u017e\u00edv\u00e1 d\u016fv\u011bru da\u0148ov\u00fdch poplatn\u00edk\u016f.\u00a0Zaslou\u017e\u00ed si b\u00fdt vyhozeni,\u201c napsal republik\u00e1nsk\u00fd p\u0159edseda americk\u00e9 Sn\u011bmovny reprezentant\u016f\u00a0<\/span><a href=\"https:\/\/www.axios.com\/2024\/01\/14\/mike-johnson-gop-federal-workers-gaza\"><span>Mike Johnson.<\/span><\/a><\/p>\n<p><span>Johnson dodal, \u017ee spolupracoval s p\u0159edsedou dozor\u010d\u00edho v\u00fdboru Sn\u011bmovny reprezentant\u016f, aby \u201ezajistil, \u017ee ka\u017ed\u00e1 feder\u00e1ln\u00ed agentura zah\u00e1j\u00ed p\u0159\u00edslu\u0161n\u00e9 disciplin\u00e1rn\u00ed \u0159\u00edzen\u00ed proti jak\u00e9koli osob\u011b, kter\u00e1 odejde ze sv\u00e9 pr\u00e1ce\u201c.\u00a0<\/span><\/p>\n<p><span>&#8222;Zaslou\u017e\u00ed si b\u00fdt vyhozeni,&#8220; uzav\u0159el.<\/span><\/p>\n<p><span style=\"font-size: 10pt;\"><em><strong>\u00davodn\u00ed fotografie:<\/strong> POHLED ZEVNIT\u0158 SANITKY, KTER\u00c1 BYLA ZNI\u010cENA \u00daTOKEM IZRAELSK\u00c9 ARM\u00c1DY V DEIR AL-BALAH V GAZE 12. LEDNA 2024. MINISTERSTVO ZDRAVOTNICTV\u00cd GAZY HL\u00c1S\u00cd, \u017dE OD 7. \u0158\u00cdJNA BYLO ZNI\u010cENO IZRAELSK\u00ddMI SILAMI V GAZE NEJM\u00c9N\u011a 121 SANITEK JE V PROVOZU POUZE \u0160EST ZB\u00ddVAJ\u00cdC\u00cdCH SANITEK PRO V\u00cdCE NE\u017d DVA MILIONY OBYVATEL.\u00a0(FOTO: APA IMAGES)<\/em><\/span><\/p>\n<p><span class=\"by\"><span>AUTOR:\u00a0<\/span><\/span><a class=\"author url fn\" title=\"P\u0159\u00edsp\u011bvky od Leily Warah\" href=\"https:\/\/mondoweiss.net\/author\/leila-warah\/\" rel=\"author\"><span>LEILA WARAH<\/span><\/a><\/p>\n<p>&nbsp;<\/p>\n<p>&nbsp;<\/p>\n","protected":false},"excerpt":{"rendered":"<p>15.leden 2024 Vzhledem k tomu, \u017ee potvrzen\u00fd po\u010det ob\u011bt\u00ed izraelsk\u00e9ho \u00fatoku na Gazu dosahuje 24&#8230;<\/p>\n","protected":false},"author":2,"featured_media":44811,"comment_status":"closed","ping_status":"closed","sticky":false,"template":"","format":"standard","meta":[],"categories":[7],"tags":[348,178,107,6518,40],"_links":{"self":[{"href":"https:\/\/www.infokuryr.cz\/n\/wp-json\/wp\/v2\/posts\/44810"}],"collection":[{"href":"https:\/\/www.infokuryr.cz\/n\/wp-json\/wp\/v2\/posts"}],"about":[{"href":"https:\/\/www.infokuryr.cz\/n\/wp-json\/wp\/v2\/types\/post"}],"author":[{"embeddable":true,"href":"https:\/\/www.infokuryr.cz\/n\/wp-json\/wp\/v2\/users\/2"}],"replies":[{"embeddable":true,"href":"https:\/\/www.infokuryr.cz\/n\/wp-json\/wp\/v2\/comments?post=44810"}],"version-history":[{"count":0,"href":"https:\/\/www.infokuryr.cz\/n\/wp-json\/wp\/v2\/posts\/44810\/revisions"}],"wp:featuredmedia":[{"embeddable":true,"href":"https:\/\/www.infokuryr.cz\/n\/wp-json\/wp\/v2\/media\/44811"}],"wp:attachment":[{"href":"https:\/\/www.infokuryr.cz\/n\/wp-json\/wp\/v2\/media?parent=44810"}],"wp:term":[{"taxonomy":"category","embeddable":true,"href":"https:\/\/www.infokuryr.cz\/n\/wp-json\/wp\/v2\/categories?post=44810"},{"taxonomy":"post_tag","embeddable":true,"href":"https:\/\/www.infokuryr.cz\/n\/wp-json\/wp\/v2\/tags?post=44810"}],"curies":[{"name":"wp","href":"https:\/\/api.w.org\/{rel}","templated":true}]}}