{"id":4481,"date":"2021-09-02T07:42:47","date_gmt":"2021-09-02T05:42:47","guid":{"rendered":"http:\/\/www.infokuryr.cz\/n\/?p=4481"},"modified":"2021-09-02T07:42:47","modified_gmt":"2021-09-02T05:42:47","slug":"polsko-sni-o-prevzeti-ukrajiny","status":"publish","type":"post","link":"https:\/\/www.infokuryr.cz\/n\/2021\/09\/02\/polsko-sni-o-prevzeti-ukrajiny\/","title":{"rendered":"Polsko sn\u00ed o p\u0159evzet\u00ed Ukrajiny"},"content":{"rendered":"<div id=\"fb-root\"><\/div>\n<section class=\"perex\">\u201eKreml se ni\u010deho neob\u00e1v\u00e1 tolik jako pos\u00edlen\u00ed polsko-ukrajinsk\u00e9ho spojenectv\u00ed. A dob\u0159e, a\u0165 se t\u0159esou, maj\u00ed se \u010deho b\u00e1t!\u201c. T\u011bmito slovy Var\u0161ava vyz\u00fdv\u00e1 Kyjev k u\u017e\u0161\u00ed integraci s Polskem. Jak by takov\u00e1 integrace vypadala a pro\u010d by se j\u00ed m\u011bla v\u00edce ob\u00e1vat Ukrajina, a ne Rusko?<\/p>\n<\/section>\n<section class=\"clanek-obsah\">Pol\u0161t\u00ed nacionalist\u00e9 cht\u011bj\u00ed Ukrajin\u011b u\u010dinit nab\u00eddku, kterou pova\u017euj\u00ed za oboustrann\u011b v\u00fdhodnou. Jde o to, aby Kyjev p\u0159estal s\u00e1zet na n\u011bmeckou kartu a vsadil na polskou. A m\u00edsto toho, abyste sledovali, co \u0159\u00edk\u00e1 Berl\u00edn, zapojte se do region\u00e1ln\u00edch integra\u010dn\u00edch projekt\u016f Var\u0161avy.<\/p>\n<p><a href=\"https:\/\/inosmi.ru\/politic\/20210831\/250408448.html\" target=\"_blank\" rel=\"external noopener\">P\u00ed\u0161e<\/a>\u00a0o tom novin\u00e1\u0159 Jerzy Lubach v listu Gazeta Polska Codziennie, jednom z \u0159ady polsk\u00fdch m\u00e9di\u00ed, kter\u00e9 bylo doned\u00e1vna pova\u017eov\u00e1na za radik\u00e1ln\u00ed, ale nyn\u00ed se pod vl\u00e1dou stejn\u011b sm\u00fd\u0161lej\u00edc\u00ed strany Pr\u00e1vo a spravedlnost (PIS) stalo t\u00e9m\u011b\u0159 mainstreamem. Odraz n\u00e1zor\u016f polsk\u00fdch org\u00e1n\u016f na dom\u00e1c\u00ed a zahrani\u010dn\u00ed politiku. Zejm\u00e9na v ot\u00e1zce zapojen\u00ed Kyjeva do polsk\u00fdch integra\u010dn\u00edch projekt\u016f, kter\u00e9 je podle n\u00e1zoru Jerzyho Lubacha a jeho spolupracovn\u00edk\u016f pro Moskvu skute\u010dnou no\u010dn\u00ed m\u016frou. \u201eKreml se ni\u010deho neob\u00e1v\u00e1 tolik jako pos\u00edlen\u00ed polsko-ukrajinsk\u00e9 unie. A dob\u0159e, a\u0165 se t\u0159esou, maj\u00ed se \u010deho b\u00e1t!\u201c &#8211; uji\u0161\u0165uje pan Lubach.<\/p>\n<p>M\u00e1 se tedy Moskva b\u00e1t?<\/p>\n<p>Ano, polsk\u00e9 projekty jsou skute\u010dn\u011b velmi ambici\u00f3zn\u00ed. Net\u00fdkaj\u00ed se pouze Ukrajiny, ale cel\u00e9 st\u0159edn\u00ed Evropy &#8211; prostoru st\u0159edn\u00ed a v\u00fdchodn\u00ed Evropy. P\u016fvodn\u011b se t\u00edmto term\u00ednem ozna\u010dovala n\u011bmeck\u00e1 sf\u00e9ra vlivu, ale nyn\u00ed chce Polsko, aby to byla jeho sf\u00e9ra, a naz\u00fdv\u00e1 ji \u201eT\u0159i mo\u0159e\u201c (\u010cern\u00e9 mo\u0159e, Baltsk\u00e9 mo\u0159e, Jadersk\u00e9 mo\u0159e &#8211; tedy v\u0161echny zem\u011b v troj\u00faheln\u00edku Gruzie-Estonsko-Slovinsko) nebo Mezimo\u0159\u00ed. Pol\u00e1ci spojili t\u0159i v podstat\u011b odli\u0161n\u00e9 projekty do jednoho, aby tak vyj\u00e1d\u0159ili sv\u00e9 vedouc\u00ed postaven\u00ed v tomto rozs\u00e1hl\u00e9m regionu.<\/p>\n<p>Pol\u0161t\u00ed nacionalist\u00e9 zd\u016fraz\u0148uj\u00ed, \u017ee jde o v\u016fdcovstv\u00ed, kter\u00e9 m\u00e1 zadr\u017eet Rusko. \u201eV konfrontaci s obnovuj\u00edc\u00edm se imp\u00e9riem dnes Polsko nen\u00ed samo. V\u011bt\u0161ina poroben\u00fdch n\u00e1rod\u016f z\u00edskala nez\u00e1vislost, Litva, Estonsko a Loty\u0161sko jsou s n\u00e1mi spojeny vojensk\u00fdm spojenectv\u00edm a posiluj\u00ed hospod\u00e1\u0159sk\u00e9 kontakty v r\u00e1mci Iniciativy t\u0159\u00ed mo\u0159\u00ed,\u201c p\u00ed\u0161e Jerzy Lubach. Samotn\u00e1 Iniciativa t\u0159\u00ed mo\u0159\u00ed sdru\u017euje Rakousko, Bulharsko, Chorvatsko, \u010ceskou republiku, Estonsko, Litvu, Loty\u0161sko, Polsko, Rumunsko, Slovensko, Slovinsko a Ma\u010farsko. \u201eT\u0159i mo\u0159e je 120 milion\u016f lid\u00ed v EU, T\u0159i mo\u0159e jsou nyn\u00ed obrovskou sou\u010d\u00e1st\u00ed hospod\u00e1\u0159sk\u00e9ho rozvoje Evropy a jej\u00ed nejdynami\u010dt\u011bji se rozv\u00edjej\u00edc\u00ed \u010d\u00e1st\u00ed,\u201c\u00a0<a href=\"https:\/\/www.polsatnews.pl\/wiadomosc\/2021-07-09\/inicjatywa-trojmorza-coraz-bardziej-atrakcyjna-globalnie-lotwa-przejmuje-prezydencje\/\" target=\"_blank\" rel=\"external noopener\">\u0159ekl<\/a>\u00a0Andrzej Duda. Nyn\u00ed cht\u011bj\u00ed zahrnout i Moldavsko &#8211; a samoz\u0159ejm\u011b Ukrajinu.<\/p>\n<h2>Status je t\u0159eba si zaslou\u017eit<\/h2>\n<p>Nab\u00edz\u00ed se v\u0161ak ot\u00e1zka: Pro\u010d tedy tak velk\u00e9 Polsko, kter\u00e9 konsoliduje celou v\u00fdchodn\u00ed Evropu, tolik pot\u0159ebuje chudou Ukrajinu? Odpov\u011b\u010f je jednoduch\u00e1. Polsk\u00e1 integrace se ve skute\u010dnosti zastavila. P\u0159edev\u0161\u00edm proto, \u017ee Polsko je vn\u00edm\u00e1no jako l\u00eddr v\u00fdchodn\u00ed Evropy pouze samotn\u00fdmi Pol\u00e1ky.<\/p>\n<p>\u201cPolsko je\u0161t\u011b ani nestihlo ud\u011blat z Visegr\u00e1dsk\u00e9 skupiny \u201esvou\u201c a u\u017e se oh\u00e1n\u00ed T\u0159emi Moravami&#8230; \u010cesk\u00e1 republika a Slovinsko pova\u017euj\u00ed Pol\u00e1ky za \u201echud\u00e9 p\u0159\u00edbuzn\u00e9\u201c a nejsou a nebudou pod nimi. Slovensko n\u00e1sleduje \u010ceskou republiku. Ma\u010farsko pova\u017euje Polsko za taktick\u00e9ho spojence v konfrontaci s Bruselem, ale nen\u00ed p\u0159ipraveno se pod n\u011bj jednozna\u010dn\u011b podepsat. Mo\u017en\u00e1, \u017ee Rumunsko, Chorvatsko a Loty\u0161sko jsou p\u0159ipraveny postavit se po bok Polska,\u201c vysv\u011btlil listu VZGLYAD Vadim Trucha\u010dev, expert RIAC. &#8211; Polsko je p\u0159\u00edli\u0161 chud\u00e9 na to, aby ovl\u00e1dlo region. M\u016f\u017ee fungovat pouze jako \u201ehlavn\u00ed hl\u00eddac\u00ed pes\u201c USA. Ale \u010cesk\u00e1 republika, Ma\u010farsko a Slovinsko pod n\u011bj nep\u016fjdou ani v t\u00e9to funkci.<\/p>\n<p>Polsko pot\u0159ebuje Ukrajinu, aby zv\u00fd\u0161ilo svou geopolitickou v\u00e1hu, k \u010demu\u017e Var\u0161ava vyu\u017e\u00edv\u00e1 protirusk\u00e9 n\u00e1lady Kyjeva. \u201ePolsko podporovalo a st\u00e1le podporuje podn\u011bcov\u00e1n\u00ed ukrajinsko-rusk\u00e9 konfrontace. Za prv\u00e9 jsou Pol\u00e1ci r\u00e1di, \u017ee se jim poda\u0159ilo posunout n\u00e1razn\u00edkovou z\u00f3nu ze sv\u00e9ho \u00fazem\u00ed d\u00e1le na Ukrajinu, a za druh\u00e9 p\u0159esn\u011b v\u011bd\u00ed, jak konfrontaci s Ruskem prodat Z\u00e1padu. Nen\u00ed n\u00e1hodou, \u017ee Polsko opakovan\u011b deklarovalo svou roli v evropsk\u00e9 integraci Ukrajiny jako jej\u00ed zast\u00e1nce a jasn\u011b si n\u00e1rokovalo vysok\u00fd honor\u00e1\u0159 z t\u00e9to dohody,\u201c vysv\u011btlil listu VZGLYAD diplomatick\u00fd poradce hlavy LNR a kandid\u00e1t historick\u00fdch v\u011bd Rodion Miro\u0161nyk.<\/p>\n<p>A krom\u011b toho by Polsko d\u00edky sv\u00e9mu postaven\u00ed nov\u00e9ho spr\u00e1vce Ukrajiny (kter\u00e9 by z\u00edskalo, pokud by Kyjev odm\u00edtl n\u011bmeckou kartu ve prosp\u011bch polsk\u00e9) mohlo zv\u00fd\u0161it sv\u016fj politick\u00fd vliv v regionu. Polsko bylo skute\u010dn\u011b vybr\u00e1no p\u0159ed N\u011bmeckem!<\/p>\n<h2>Nedostane zaplaceno<\/h2>\n<p>Dal\u0161\u00ed ot\u00e1zkou je, pro\u010d to Ukrajina pot\u0159ebuje? Ukrajina se zat\u00edm k polsk\u00fdm ambic\u00edm stav\u011bla pom\u011brn\u011b vyrovnan\u011b. \u201eProjekt Inter-Sea se na Ukrajin\u011b neobjevuje poprv\u00e9 &#8211; koluje zde ji\u017e od 90. let. A zat\u00edm nem\u00e1me \u017e\u00e1dn\u00fd konkr\u00e9tn\u00ed v\u00fdsledek,\u201c \u0159ekl listu VZGLYAD Dmytro Marunych, spolup\u0159edseda Ukrajinsk\u00e9ho fondu energetick\u00e9 strategie.<\/p>\n<p>Je to proto, \u017ee p\u0159\u00ednosy Kyjeva z \u00fa\u010dasti na polsk\u00fdch geopolitick\u00fdch projektech jsou velmi sporn\u00e9. Jednoduch\u00e1 anal\u00fdza var\u0161avsk\u00fdch n\u00e1vrh\u016f nav\u00edc ukazuje, \u017ee Moskva by se nem\u011bla ani tak t\u0159\u00e1st p\u0159ed vyhl\u00eddkami na jejich realizaci, jako sp\u00ed\u0161e doufat, \u017ee se uskute\u010dn\u00ed. V\u017edy\u0165 \u00fa\u010dast Ukrajiny v nich by vedla pouze k dramatick\u00e9mu oslaben\u00ed ukrajinsk\u00e9ho re\u017eimu, omezen\u00ed jeho financov\u00e1n\u00ed ze zahrani\u010d\u00ed a dokonce k jeho izolaci.<\/p>\n<p>Zaprv\u00e9 proto, \u017ee polsk\u00e9 projekty nejsou zcela v souladu s ukrajinskou ideologi\u00ed. Koneckonc\u016f projekt Mittel-Europe, kter\u00fd prosazuje Var\u0161ava, nen\u00ed v rozporu s r\u00e9torikou ani tak protirusk\u00fd, jako sp\u00ed\u0161e protin\u011bmeck\u00fd. A nejde jen o strach Var\u0161avy z rostouc\u00edho N\u011bmecka, kter\u00e9 m\u016f\u017ee po\u017eadovat, aby Pol\u00e1ci vr\u00e1tili v\u00fdchodon\u011bmeck\u00e1 \u00fazem\u00ed, je\u017e Var\u0161av\u011b daroval Stalin, nebo aby od\u0161kodnili vyhnan\u00e9 N\u011bmce. \u201ePozemky, reparace jsou informa\u010dn\u00ed \u0161um. Faktem je, \u017ee n\u011bmeck\u00fd byznys se uk\u00e1zal b\u00fdt siln\u011bj\u0161\u00ed ne\u017e polsk\u00fd st\u00e1t a 30 let si v Polsku d\u011blal, co cht\u011bl. Polsk\u00e9 \u00fa\u0159ady byly nuceny za obrovsk\u00e9 pen\u00edze odkoupit medi\u00e1ln\u00ed koncern, kter\u00fd ovl\u00e1dal region\u00e1ln\u00ed noviny v z\u00e1padn\u00edm Polsku,\u201c \u0159\u00edk\u00e1 polsk\u00fd politolog Jakub Korejba pro VZGLYAD. &#8211; Z\u00e1rove\u0148 t\u0159i \u010dtvrtiny polsk\u00fdch nevl\u00e1dn\u00edch organizac\u00ed pracuj\u00ed za n\u011bmeck\u00e9 pen\u00edze a pracuj\u00ed na n\u011bmeck\u00fdch projektech. Postaven\u00ed Polska v r\u00e1mci EU je tedy omezeno na N\u011bmecko vlivem n\u011bmeck\u00e9ho kapit\u00e1lu.\u201c<\/p>\n<p>Pol\u00e1k\u016fm se tato z\u00e1vislost nel\u00edb\u00ed, cht\u011bj\u00ed zv\u00fd\u0161it vlastn\u00ed nez\u00e1vislost &#8211; a toho lze dos\u00e1hnout pouze na \u00fakor region\u00e1ln\u00ed integrace. \u201ePiS cht\u011bla vytvo\u0159it protiv\u00e1hu N\u011bmecku s Brit\u00e1ni\u00ed, ale Brit\u00e1nie se st\u00e1hla, Francie nem\u00e1 z\u00e1jem o v\u00fdchodn\u00ed Evropu. Proto PiS v\u011b\u0159\u00ed, \u017ee pouze budov\u00e1n\u00edm kapacit v\u00fdchodn\u00ed Evropy je mo\u017en\u00e9 vytvo\u0159it protiv\u00e1hu N\u011bmecku,\u201c pokra\u010duje Jakub Korejba.<\/p>\n<p>Polsk\u00fd z\u00e1jem je pochopiteln\u00fd, ale pro\u010d by se m\u011bl Kyjev pod\u00edlet na protin\u011bmeck\u00e9m projektu Var\u0161avy? Zvl\u00e1\u0161t\u011b kdy\u017e Ukrajina &#8211; a to zadruh\u00e9 &#8211; za to nedostane zaplaceno. \u201eN\u011bmecko nen\u00ed c\u00edlem \u00fatok\u016f proto, \u017ee je N\u011bmeckem, ale proto, \u017ee je nejv\u011bt\u0161\u00edm hr\u00e1\u010dem v EU, kter\u00fd do zna\u010dn\u00e9 m\u00edry ur\u010duje jej\u00ed politiku. A v r\u00e1mci evropsk\u00fdch ambic\u00ed Ukrajiny je tato orientace z\u0159ejm\u00e1. Pol\u00e1ci, p\u0159i v\u0161\u00ed \u00fact\u011b \u010di ne\u00fact\u011b, takov\u00fd vliv nemaj\u00ed. \u00dazk\u00e9 vazby maj\u00ed pouze s USA. Proto by bylo pro Ukrajinu u\u017eite\u010dn\u00e9, aby komunikovala s Berl\u00ednem i Var\u0161avou sou\u010dasn\u011b, ale aby se nep\u0159eorientovala na jednu stranu na \u00fakor druh\u00e9,\u201c \u0159ekl Dmytro Marunych.<\/p>\n<p><em>Koneckonc\u016f, p\u0159eorientov\u00e1n\u00ed povede k tomu, \u017ee se evropsk\u00fd l\u00eddr, N\u011bmecko, jednodu\u0161e oto\u010d\u00ed k Ukrajin\u011b z\u00e1dy, co\u017e u\u017e je nep\u0159\u00edjemn\u00e9. A vzhledem k tomu, \u017ee Joseph Biden vr\u00e1til Berl\u00ednu status hlavn\u00edho evropsk\u00e9ho dozorce Spojen\u00fdch st\u00e1t\u016f, m\u016f\u017ee spor s Berl\u00ednem v\u00e9st ke sporu s Washingtonem.<\/em>Kyjev proto m\u016f\u017ee N\u011bmecko v nejlep\u0161\u00edm p\u0159\u00edpad\u011b pouze zastra\u0161it, aby se pod\u00edlelo na polsk\u00fdch projektech &#8211; co\u017e nyn\u00ed ukrajinsk\u00e9 \u00fa\u0159ady d\u011blaj\u00ed. \u201eKyjev zkr\u00e1tka zat\u00edm nedostal z Berl\u00edna nab\u00eddky, kter\u00e9 by vyhovovaly m\u00edstn\u00edm elit\u00e1m, a tak si klade cenu. Pokud n\u011bkdo nahrad\u00ed Berl\u00edn, pak to zjevn\u011b nen\u00ed Var\u0161ava. V \u010dele t\u00e9to problematiky stoj\u00ed Lond\u00fdn, kter\u00fd posiluje sv\u016fj vliv na Ukrajin\u011b. Kyjev hled\u00e1 sponzory, stejn\u011b jako Var\u0161ava, a aliance chud\u00fdch m\u00e1 malou \u0161anci se obohatit,\u201c \u0159\u00edk\u00e1 Rodion Miro\u0161nyk.<\/p>\n<h2>Kr\u00e1l\u00edk a hrozn\u00fd\u0161 kr\u00e1lovsk\u00fd<\/h2>\n<p>Ukrajinsk\u00e9 elity jsou nespokojeny s ochotou Berl\u00edna a do jist\u00e9 m\u00edry i Washingtonu hledat cesty, jak se s Moskvou spojit. Existence ukrajinsk\u00e9ho re\u017eimu se op\u00edr\u00e1 o rusko-z\u00e1padn\u00ed konflikt, tak\u017ee Kyjev se m\u016f\u017ee p\u0159iklonit na stranu t\u011bch, kte\u0159\u00ed jsou ochotni pomoci ukrajinsk\u00fdm \u00fa\u0159ad\u016fm p\u0159il\u00edt do tohoto konfliktu petrolej. \u201ePokud bude N\u011bmecko d\u00e1vat m\u00e9n\u011b pen\u011bz a nebude podporovat v\u0161echny ukrajinsk\u00e9 rozmary, mohl by Kyjev p\u0159eb\u011bhnout do Polska. Ale strategicky by to byl kr\u00e1l\u00edk v n\u00e1ru\u010d\u00ed hrozn\u00fd\u0161e,\u201c \u0159\u00edk\u00e1 Vadym Trucha\u010dev.<\/p>\n<p><em>Ano, Pol\u00e1ci te\u010f d\u011blaj\u00ed v\u0161echno pro to, aby nevypadali jako divo\u010d\u00e1ci.<\/em>\u201cPolsko neprojevuje tak otev\u0159en\u00e9 imperi\u00e1ln\u00ed ambice, pracuje s m\u011bkkou silou. Zejm\u00e9na pokud jde o historii, kulturn\u00ed projekty a spole\u010dn\u00e9 d\u011bdictv\u00ed &#8211; spousta grant\u016f, v\u00fdm\u011bnn\u00fdch program\u016f, kulturn\u00edch center. A samoz\u0159ejm\u011b je tu ekonomika &#8211; v\u0161ichni jezd\u00ed do Polska vyd\u011bl\u00e1vat pen\u00edze. Dokonce i v\u00fdchodn\u00ed Ukrajina, Charkov, Dn\u011bpr, Cherson, Mykolajiv, v\u0161ichni pracuj\u00ed v Polsku,\u201c \u0159ekl listu VZGLYAD ukrajinsk\u00fd politolog Anatolij Oktysjuk.<\/p>\n<p>Historii je v\u0161ak t\u011b\u017ek\u00e9 ignorovat. Pro Polsko Ukrajina nebyla a nen\u00ed partnerem, ale potravou. \u201eZ historick\u00e9ho hlediska polsk\u00e1 \u0161lechta v\u017edy pova\u017eovala \u00fazem\u00ed ukrajinsk\u00e9 Hali\u010de za sv\u00e9 mand\u00e1tn\u00ed \u00fazem\u00ed s druho\u0159ad\u00fdm obyvatelstvem. S Ukrajinci se nezach\u00e1zelo jako s rovn\u00fdmi, ale jako s nevoln\u00edky nebo slu\u017eebn\u00edky. Tento p\u0159\u00edstup se p\u0159\u00edli\u0161 nezm\u011bnil ani nyn\u00ed. Proto Polsko nepova\u017eovalo Ukrajinu za rovnocenn\u00e9ho partnera a nepova\u017euje ji za nic jin\u00e9ho ne\u017e za podp\u016frn\u00e9ho \u010dlena n\u011bkter\u00fdch mezist\u00e1tn\u00edch formac\u00ed, v nich\u017e si Polsko p\u0159isuzuje vedouc\u00ed \u00falohu. Kyjev si to pamatuje, i kdy\u017e to ne v\u017edy p\u0159izn\u00e1v\u00e1,\u201c \u0159ekl Rodion Miro\u0161nyk.<\/p>\n<p>Sami pol\u0161t\u00ed nacionalist\u00e9 hovo\u0159\u00ed o \u201es\u0148atku z rozumu\u201c. \u201eNemus\u00edme milovat Ukrajinu, abychom se postavili na jej\u00ed stranu v ka\u017ed\u00e9m konfliktu s Ruskem. Vy\u017eaduj\u00ed to prost\u011b na\u0161e n\u00e1rodn\u00ed z\u00e1jmy,\u201c tvrd\u00ed Jerzy Lubach. A\u017e na to, \u017ee n\u00e1rodn\u00ed z\u00e1jmy Ukrajiny a partikul\u00e1rn\u00ed z\u00e1jmy ukrajinsk\u00fdch elit jsou nyn\u00ed v rozporu s polsk\u00fdmi. Kyjev proto pravd\u011bpodobn\u011b odm\u00edtne n\u00e1vrh Var\u0161avy na ukrajinsko-polsk\u00e9 spojenectv\u00ed. Takov\u00fd dar Moskv\u011b nenab\u00eddne.<\/p>\n<p>Gevorg Mirzajan<\/p>\n<div class=\"podcarou\">\n<p><a href=\"https:\/\/vz.ru\/world\/2021\/9\/1\/1116571.html\" target=\"_blank\" rel=\"external noopener\">\u0412 \u041f\u043e\u043b\u044c\u0448\u0435 \u043c\u0435\u0447\u0442\u0430\u044e\u0442 \u043e \u043f\u043e\u0433\u043b\u043e\u0449\u0435\u043d\u0438\u0438 \u0423\u043a\u0440\u0430\u0438\u043d\u044b<\/a> vy\u0161el 1.9.2021 na Vzgljad. P\u0159eklad Zv\u011bdavec.<\/p>\n<\/div>\n<p><a href=\"http:\/\/www.zvedavec.org\/komentare\/2021\/09\/8834-polsko-sni-o-prevzeti-ukrajiny.htm\">Zvedavec.org<\/a><\/p>\n<\/section>\n<section class=\"clanek-pri\">\n<div class=\"socials\"><\/div>\n<\/section>\n","protected":false},"excerpt":{"rendered":"<p>\u201eKreml se ni\u010deho neob\u00e1v\u00e1 tolik jako pos\u00edlen\u00ed polsko-ukrajinsk\u00e9ho spojenectv\u00ed. A dob\u0159e, a\u0165 se t\u0159esou, maj\u00ed&#8230;<\/p>\n","protected":false},"author":2,"featured_media":4482,"comment_status":"closed","ping_status":"closed","sticky":false,"template":"","format":"standard","meta":[],"categories":[7],"tags":[29,31,22,26],"_links":{"self":[{"href":"https:\/\/www.infokuryr.cz\/n\/wp-json\/wp\/v2\/posts\/4481"}],"collection":[{"href":"https:\/\/www.infokuryr.cz\/n\/wp-json\/wp\/v2\/posts"}],"about":[{"href":"https:\/\/www.infokuryr.cz\/n\/wp-json\/wp\/v2\/types\/post"}],"author":[{"embeddable":true,"href":"https:\/\/www.infokuryr.cz\/n\/wp-json\/wp\/v2\/users\/2"}],"replies":[{"embeddable":true,"href":"https:\/\/www.infokuryr.cz\/n\/wp-json\/wp\/v2\/comments?post=4481"}],"version-history":[{"count":0,"href":"https:\/\/www.infokuryr.cz\/n\/wp-json\/wp\/v2\/posts\/4481\/revisions"}],"wp:featuredmedia":[{"embeddable":true,"href":"https:\/\/www.infokuryr.cz\/n\/wp-json\/wp\/v2\/media\/4482"}],"wp:attachment":[{"href":"https:\/\/www.infokuryr.cz\/n\/wp-json\/wp\/v2\/media?parent=4481"}],"wp:term":[{"taxonomy":"category","embeddable":true,"href":"https:\/\/www.infokuryr.cz\/n\/wp-json\/wp\/v2\/categories?post=4481"},{"taxonomy":"post_tag","embeddable":true,"href":"https:\/\/www.infokuryr.cz\/n\/wp-json\/wp\/v2\/tags?post=4481"}],"curies":[{"name":"wp","href":"https:\/\/api.w.org\/{rel}","templated":true}]}}