{"id":44807,"date":"2024-01-16T00:39:48","date_gmt":"2024-01-15T23:39:48","guid":{"rendered":"https:\/\/www.infokuryr.cz\/n\/?p=44807"},"modified":"2024-01-15T19:23:22","modified_gmt":"2024-01-15T18:23:22","slug":"eu-nadale-utoci-na-madarsko-ale-mlci-o-brutalnim-prevzeti-moci-v-polsku-rika-madarsky-europoslanec","status":"publish","type":"post","link":"https:\/\/www.infokuryr.cz\/n\/2024\/01\/16\/eu-nadale-utoci-na-madarsko-ale-mlci-o-brutalnim-prevzeti-moci-v-polsku-rika-madarsky-europoslanec\/","title":{"rendered":"EU nad\u00e1le \u00fato\u010d\u00ed na Ma\u010farsko, ale ml\u010d\u00ed o brut\u00e1ln\u00edm p\u0159evzet\u00ed moci v Polsku, \u0159\u00edk\u00e1 ma\u010farsk\u00fd europoslanec"},"content":{"rendered":"<div id=\"fb-root\"><\/div>\n<p><span style=\"font-size: 18pt;\"><strong>Pomysln\u00e9 nedostatky Ma\u010farska z\u016fst\u00e1vaj\u00ed pro ty, kdo jsou v Bruselu, stopovac\u00edm kon\u011bm<\/strong><\/span><\/p>\n<p><span>Navzdory p\u0159evzet\u00ed ve\u0159ejnopr\u00e1vn\u00edch m\u00e9di\u00ed a zat\u010den\u00ed opozi\u010dn\u00edch p\u0159edstavitel\u016f v Polsku bude p\u0159\u00ed\u0161t\u00ed plen\u00e1rn\u00ed zased\u00e1n\u00ed Evropsk\u00e9ho parlamentu\u00a0 dal\u0161\u00ed ma\u010farskou debatou zalo\u017eenou na l\u017e\u00edch a pomluv\u00e1ch, \u0159ekl ma\u010farsk\u00fd europoslanec Tam\u00e1s Deutsch b\u011bhem vystoupen\u00ed v politick\u00e9 diskusn\u00ed show na zpravodajsk\u00e9m kan\u00e1lu. <\/span><a class=\"ek-link\" href=\"https:\/\/magyarnemzet.hu\/belfold\/2024\/01\/deutsch-tamas-hazanktol-lesz-hangos-az-ep-lengyelorszag-ugyeben-pedig-kussolnak-video\"><span>H\u00edrTV<\/span><\/a><span>\u00a0.<\/span><\/p>\n<p><span>B\u011bhem diskuse moder\u00e1tor Zsolt Bayer a politik diskutovali o brut\u00e1ln\u00edm z\u00e1sahu proti konzervativn\u00ed opozici v Polsku.<\/span><\/p>\n<p><span>Deutsch zd\u016fraznil, \u017ee v t\u00e9m\u011b\u0159 des\u00edtce n\u00e1vrh\u016f na plen\u00e1rn\u00edm zased\u00e1n\u00ed ve \u0160trasburku se budou r\u016fzn\u00e9 levicov\u00e9 pomluvy v\u016f\u010di Ma\u010farsku znovu opakovat.\u00a0Z\u00e1rove\u0148 se nebude diskutovat o ud\u00e1lostech, kter\u00e9 se d\u011bj\u00ed v Polsku.<\/span><\/p>\n<p><span>V koment\u00e1\u0159i k z\u00e1sahu proti polsk\u00e9 konzervativn\u00ed opozici europoslanec za Fidesz uvedl, \u017ee ve Var\u0161av\u011b prob\u00edh\u00e1 takzvan\u00e9 \u201eobnoven\u00ed pr\u00e1vn\u00edho st\u00e1tu\u201c.<\/span><\/p>\n<p><span>\u201eSamoz\u0159ejm\u011b to znamen\u00e1, \u017ee ve\u0159ejnopr\u00e1vn\u00ed m\u00e9dia jsou zachv\u00e1cena fyzick\u00fdm a policejn\u00edm n\u00e1sil\u00edm, \u017ee z\u00e1kony upravuj\u00edc\u00ed provoz ve\u0159ejnopr\u00e1vn\u00edch m\u00e9di\u00ed jsou ru\u0161eny a nerespektov\u00e1ny, \u017ee je zav\u00e1d\u011bn nov\u00fd pr\u00e1vn\u00ed re\u017eim bez jak\u00fdchkoli zm\u011bn z\u00e1kon, \u017ee lid\u00e9 jsou propou\u0161t\u011bni za to, \u017ee byli zam\u011bstn\u00e1ni p\u0159edchoz\u00ed vl\u00e1dou, aby zlikvidovali jakoukoli stopu opozice, ale ve Var\u0161av\u011b \u201evzkv\u00e9t\u00e1\u201c pr\u00e1vn\u00ed st\u00e1t.\u00a0(\u2026) Evropsk\u00fd parlament bude hlasit\u011b mluvit o Ma\u010farsku a ml\u010d\u00ed o Polsku, promi\u0148te, ale mus\u00ed se to \u0159\u00edct,\u201c \u0159ekl Deutsch.<\/span><\/p>\n<p><span>Europoslanec uvedl, \u017ee m\u00edsto ob\u0159\u00edch ud\u00e1lost\u00ed v Polsku bude Evropsk\u00fd parlament projedn\u00e1vat \u00fadajn\u00fd \u201ez\u00e1kaz Sorosovy univerzity v Ma\u010farsku\u201c.\u00a0Deutsch v\u0161ak \u0159ekl, \u017ee to nen\u00ed zak\u00e1z\u00e1no a ve skute\u010dnosti St\u0159edoevropsk\u00e1 univerzita (CEU) v sou\u010dasnosti p\u016fsob\u00ed v centru Budape\u0161ti.<\/span><\/p>\n<p><span>\u201eBude se diskutovat o korupci, ale ne o\u00a0<\/span><a class=\"ek-link\" href=\"https:\/\/rmx.news\/european-union\/ec-president-ursula-von-der-leyens-greek-holiday-raises-eyebrows\/\"><span>skand\u00e1lu Evy Kaili<\/span><\/a><span>\u00a0(\u2026), ale samoz\u0159ejm\u011b op\u011bt o Ma\u010farsku,\u201c dodal.\u00a0\u201eKatarina Barley, n\u011bmeck\u00e1 soci\u00e1ln\u011b demokratick\u00e1 politi\u010dka a m\u00edstop\u0159edsedkyn\u011b Evropsk\u00e9ho parlamentu, si dovolila \u0159\u00edci, \u017ee Ma\u010fa\u0159i a Pol\u00e1ci by m\u011bli hladov\u011bt (\u2026) Jej\u00ed zpr\u00e1va p\u0159\u00edmo \u0159\u00edk\u00e1, \u017ee cokoliv se Ma\u010farsko dohodlo s Evropskou komis\u00ed, Ma\u010farsko by nem\u011bl nad\u00e1le dost\u00e1vat ani cent z fond\u016f EU a \u017ee by dokonce m\u011blo b\u00fdt zah\u00e1jeno \u0159\u00edzen\u00ed podle \u010dl\u00e1nku 7 proti Ma\u010far\u016fm.<\/span><\/p>\n<p><span>Europoslanec tak\u00e9 \u0159ekl, \u017ee Bruselu se nel\u00edb\u00ed, \u017ee Ma\u010farsko zauj\u00edm\u00e1 pro-m\u00edrov\u00fd postoj, co\u017e znamen\u00e1, \u017ee z\u016fstane zvl\u00e1\u0161tn\u00edm c\u00edlem pro evropskou levici, zvl\u00e1\u0161t\u011b nyn\u00ed, kdy\u017e je Polsko nyn\u00ed pevn\u011b v rukou Bruselu.<\/span><\/p>\n<p><img decoding=\"async\" loading=\"lazy\" class=\"alignnone size-full wp-image-1185\" src=\"http:\/\/www.infokuryr.cz\/n\/wp-content\/uploads\/2021\/04\/kuryr-podpis.png\" alt=\"\" width=\"84\" height=\"24\" \/><\/p>\n<p>&nbsp;<\/p>\n<p>&nbsp;<\/p>\n","protected":false},"excerpt":{"rendered":"<p>Pomysln\u00e9 nedostatky Ma\u010farska z\u016fst\u00e1vaj\u00ed pro ty, kdo jsou v Bruselu, stopovac\u00edm kon\u011bm Navzdory p\u0159evzet\u00ed ve\u0159ejnopr\u00e1vn\u00edch&#8230;<\/p>\n","protected":false},"author":2,"featured_media":44808,"comment_status":"closed","ping_status":"closed","sticky":false,"template":"","format":"standard","meta":[],"categories":[7],"tags":[41,78,31,428],"_links":{"self":[{"href":"https:\/\/www.infokuryr.cz\/n\/wp-json\/wp\/v2\/posts\/44807"}],"collection":[{"href":"https:\/\/www.infokuryr.cz\/n\/wp-json\/wp\/v2\/posts"}],"about":[{"href":"https:\/\/www.infokuryr.cz\/n\/wp-json\/wp\/v2\/types\/post"}],"author":[{"embeddable":true,"href":"https:\/\/www.infokuryr.cz\/n\/wp-json\/wp\/v2\/users\/2"}],"replies":[{"embeddable":true,"href":"https:\/\/www.infokuryr.cz\/n\/wp-json\/wp\/v2\/comments?post=44807"}],"version-history":[{"count":0,"href":"https:\/\/www.infokuryr.cz\/n\/wp-json\/wp\/v2\/posts\/44807\/revisions"}],"wp:featuredmedia":[{"embeddable":true,"href":"https:\/\/www.infokuryr.cz\/n\/wp-json\/wp\/v2\/media\/44808"}],"wp:attachment":[{"href":"https:\/\/www.infokuryr.cz\/n\/wp-json\/wp\/v2\/media?parent=44807"}],"wp:term":[{"taxonomy":"category","embeddable":true,"href":"https:\/\/www.infokuryr.cz\/n\/wp-json\/wp\/v2\/categories?post=44807"},{"taxonomy":"post_tag","embeddable":true,"href":"https:\/\/www.infokuryr.cz\/n\/wp-json\/wp\/v2\/tags?post=44807"}],"curies":[{"name":"wp","href":"https:\/\/api.w.org\/{rel}","templated":true}]}}