{"id":44801,"date":"2024-01-16T00:36:02","date_gmt":"2024-01-15T23:36:02","guid":{"rendered":"https:\/\/www.infokuryr.cz\/n\/?p=44801"},"modified":"2024-01-15T19:04:58","modified_gmt":"2024-01-15T18:04:58","slug":"wef-se-stava-nastrojem-propagandy-zapadu-svycarsko-ztraci-neutralitu","status":"publish","type":"post","link":"https:\/\/www.infokuryr.cz\/n\/2024\/01\/16\/wef-se-stava-nastrojem-propagandy-zapadu-svycarsko-ztraci-neutralitu\/","title":{"rendered":"WEF se st\u00e1v\u00e1 n\u00e1strojem propagandy Z\u00e1padu: \u0160v\u00fdcarsko ztr\u00e1c\u00ed neutralitu"},"content":{"rendered":"<div id=\"fb-root\"><\/div>\n<div class=\"elementor-element elementor-element-1fb4c2c elementor-widget elementor-widget-theme-post-content\" data-id=\"1fb4c2c\" data-element_type=\"widget\" data-widget_type=\"theme-post-content.default\">\n<div class=\"elementor-widget-container\">\n<p><span>P\u0159ibli\u017en\u011b jeden z deseti \u00fa\u010dastn\u00edk\u016f WEF cestuje soukrom\u00fdm letadlem, \u00fadajn\u011b z d\u016fvodu ochrany klimatu.\u00a0Stejn\u00fd sc\u00e9n\u00e1\u0159 lze vid\u011bt na ukrajinsk\u00e9 sch\u016fzce \u201eM\u00edrov\u00fd vzorec\u201c, kde se pravd\u011bpodobn\u011b v\u00edce zam\u011b\u0159uje na financov\u00e1n\u00ed arm\u00e1dy.\u00a0V m\u00edrov\u00e9m \u00fasil\u00ed a ochran\u011b klimatu existuje p\u0159edpokl\u00e1dan\u00e1 jednota.<\/span><\/p>\n<p><span>Uprost\u0159ed zm\u011bny paradigmatu v glob\u00e1ln\u00ed diplomacii \u0160v\u00fdcarsko znateln\u011b ustupuje kv\u016fli dobrovoln\u00fdm sankc\u00edm EU a USA.\u00a0Tato rozhodnut\u00ed ovliv\u0148uj\u00ed nejen jejich neutr\u00e1ln\u00ed postaven\u00ed, ale vedou k v\u00fdrazn\u00e9 zm\u011bn\u011b mezin\u00e1rodn\u00edho vn\u00edm\u00e1n\u00ed.\u00a0N\u011bkdej\u0161\u00ed \u00fato\u010di\u0161t\u011b diplomatick\u00e9ho klidu je nyn\u00ed ve f\u00e1zi zapomn\u011bn\u00ed.<\/span><\/p>\n<p><span>Z\u00e1rove\u0148 Sa\u00fadsk\u00e1 Ar\u00e1bie spolu se Spojen\u00fdmi arabsk\u00fdmi emir\u00e1ty (SAE) z\u00edsk\u00e1v\u00e1 na v\u00fdznamu jako vznikaj\u00edc\u00ed centrum glob\u00e1ln\u00edch politick\u00fdch jedn\u00e1n\u00ed.\u00a0P\u0159ijet\u00ed sankc\u00ed EU \u0160v\u00fdcarskem trvale prom\u011bnilo nejen politickou, ale i ekonomickou sc\u00e9nu.\u00a0V\u00fdznamn\u00e9 \u0161v\u00fdcarsk\u00e9 osobnosti jako\u00a0<\/span><a href=\"https:\/\/www.ft.com\/content\/b3c8f1ff-52ca-4c08-ba8c-bea232ffa877\" target=\"_blank\" rel=\"noreferrer noopener\"><span>Boris Collardi<\/span><\/a><span>\u00a0jasn\u011b potvrzuj\u00ed v\u00fdvoj, kter\u00fd st\u00e1le v\u00edce sm\u011b\u0159uje k m\u00edst\u016fm, jako je Dubaj.\u00a0Bl\u00edzkov\u00fdchodn\u00ed diplomat\u00e9 dos\u00e1hli v\u00fdznamn\u00e9ho \u00fasp\u011bchu ve sv\u00fdch jedn\u00e1n\u00edch ve velmi kr\u00e1tk\u00e9m \u010dase.\u00a0<\/span><\/p>\n<p><span>Na Sv\u011btov\u00e9m ekonomick\u00e9m f\u00f3ru (WEF) se o\u010dek\u00e1vaj\u00ed vysok\u00e9 osobnosti z EU a USA, kter\u00e9 budou kl\u00e1st d\u016fraz na soudr\u017enost Z\u00e1padu.\u00a0Mezi hv\u011bzdn\u00e9 hosty pat\u0159\u00ed nov\u00fd argentinsk\u00fd prezident Javier Milei, francouzsk\u00fd prezident Macron, p\u0159edsedkyn\u011b Evropsk\u00e9 komise Ursula von der Leyenov\u00e1, b\u00fdval\u00e1 ministryn\u011b zahrani\u010d\u00ed USA Kerry, dr\u017eitelka Oscara Michelle Yeoh a n\u011bmeck\u00e1 Annalena Baerbock.\u00a0Tito prominentn\u00ed host\u00e9 cestuj\u00ed do Davosu, aby podpo\u0159ili d\u016fv\u011bru, kterou nal\u00e9hav\u011b pot\u0159ebuj\u00ed vzhledem ke sv\u00e9 dom\u00e1c\u00ed politick\u00e9 situaci, a samoz\u0159ejm\u011b aby upevnili dal\u0161\u00ed podporu Ukrajin\u011b.\u00a0Z ukrajinsk\u00e9 strany se osobn\u011b z\u00fa\u010dastn\u00ed prezident Zelenskij a pod\u011bkuje mu za to.\u00a0\u0160v\u00fdcarsko si svou d\u011bkovnou \u0159e\u010d p\u0159ipravilo dob\u0159e \u2013 s 250 kilometry ochrann\u00e9ho plotu a uzav\u0159en\u00fdm vzdu\u0161n\u00fdm prostorem: Tento rok bude WEF obzvl\u00e1\u0161t\u011b n\u00e1ro\u010dn\u00fdm setk\u00e1n\u00edm.<\/span><\/p>\n<p><span>Sv\u011btov\u00e9 ekonomick\u00e9 f\u00f3rum (WEF), p\u016fvodn\u011b inzerovan\u00e9 jako v\u00fdm\u011bnn\u00e1 platforma pro podnikatelskou elitu, se st\u00e1le v\u00edce ukazuje jako jevi\u0161t\u011b pro mocenskou politiku.\u00a0I kdy\u017e n\u00e1zev napov\u00edd\u00e1 o setk\u00e1n\u00ed podnikatelsk\u00e9 elity, ve skute\u010dnosti jsou to p\u0159edev\u0161\u00edm politici, kdo prezentuj\u00ed svou agendu.\u00a0Zat\u00edmco organiz\u00e1to\u0159i p\u0159ipravuj\u00ed harmonogram, \u0161pi\u010dkov\u00ed host\u00e9 sv\u00fdmi projevy diktuj\u00ed, co je v Davosu d\u016fle\u017eit\u00e9, a ud\u00e1vaj\u00ed t\u00f3n setk\u00e1n\u00ed.\u00a0Um\u011bn\u00ed z\u00e1padn\u00ed propagandy se v Davosu projevuje v\u0161ude, jak mezi organiz\u00e1tory, tak mezi zn\u00e1m\u00fdmi hosty z EU a USA \u2013 a p\u0159edev\u0161\u00edm ze \u0160v\u00fdcarska.\u00a0A\u010dkoli n\u00e1zev WEF vyjad\u0159uje glob\u00e1ln\u00ed charakter, velk\u00e1 \u010d\u00e1st je ve skute\u010dnosti v souladu se z\u00e1padn\u00edmi z\u00e1jmy.<\/span><\/p>\n<p><span>\u0160v\u00fdcarsko v posledn\u00edch dvou letech zaujalo jasn\u00fd postoj na stran\u011b Z\u00e1padu, a\u010dkoli ofici\u00e1ln\u011b zd\u016fraz\u0148uje, \u017ee chce spolupracovat s cel\u00fdm sv\u011btem \u2013 nov\u00e1 role na mezin\u00e1rodn\u00edm poli, kterou ofici\u00e1ln\u011b neuzn\u00e1v\u00e1.\u00a0Historicky \u0160v\u00fdcarsko \u010dasto slou\u017eilo jako d\u011bji\u0161t\u011b sv\u011btov\u00e9 politiky, obvykle hr\u00e1lo vedlej\u0161\u00ed roli, zat\u00edmco p\u016fsobilo v z\u00e1kulis\u00ed jako prost\u0159edn\u00edk.\u00a0<\/span><\/p>\n<p><span>P\u0159ed ofici\u00e1ln\u00edm zah\u00e1jen\u00edm Sv\u011btov\u00e9ho ekonomick\u00e9ho f\u00f3ra (WEF) jsou \u0160v\u00fdcarsko a Ukrajina op\u011bt vyu\u017e\u00edv\u00e1ny k propagandistick\u00e9 f\u00e1zi, tentokr\u00e1t v podob\u011b setk\u00e1n\u00ed \u201ePeace Formula\u201c.\u00a0Ukrajinsk\u00fd prezident Zelenskij v ned\u011bli p\u0159edstav\u00ed svou m\u00edrovou formuli a samoz\u0159ejm\u011b po\u017e\u00e1d\u00e1 o zv\u00fd\u0161enou finan\u010dn\u00ed podporu pro veden\u00ed v\u00e1lky.\u00a0Asi p\u0159ed dv\u011bma lety hr\u00e1lo \u0160v\u00fdcarsko podobnou roli v Luganu, kdy\u017e byl zah\u00e1jen proces obnovy Ukrajiny \u2013 v obou p\u0159\u00edpadech bylo Rusko z \u00fa\u010dasti vylou\u010deno.\u00a0\u0160v\u00fdcarsko po\u0159\u00e1d\u00e1 tato setk\u00e1n\u00ed jako snahu p\u0159ipravit se na budouc\u00ed m\u00edrov\u00e1 jedn\u00e1n\u00ed s Ruskem, i kdy\u017e Rusko na t\u011bchto rozhovorech nen\u00ed v\u00edt\u00e1no a Ukrajina pr\u00fd m\u00e1 nad t\u00edm, co se stane, v\u00fdhradn\u00ed kontrolu.\u00a0Dal\u0161\u00ed p\u0159\u00edklad sl\u00e1bnouc\u00ed neutrality \u0160v\u00fdcarska a dal\u0161\u00ed vrchol jeho diplomacie.\u00a0Pro Ukrajinu jde tak\u00e9 o kontrolu medi\u00e1ln\u00edho narativu.<\/span><\/p>\n<p><span>\u0160v\u00fdcarsko aktu\u00e1ln\u011b za\u017e\u00edv\u00e1 nejen nejni\u017e\u0161\u00ed teploty leto\u0161n\u00ed zimy, ale i mrazivou f\u00e1zi ve vztahu ke sv\u00e9 tradi\u010dn\u00ed neutralit\u011b.\u00a0D\u0159\u00edv\u011bj\u0161\u00ed zprost\u0159edkovatelsk\u00e9 \u00fasp\u011bchy \u0160v\u00fdcarska se zmen\u0161uj\u00ed a jeho role neutr\u00e1ln\u00ed platformy pro vyjedn\u00e1v\u00e1n\u00ed za\u010d\u00edn\u00e1 pokulh\u00e1vat.<\/span><\/p>\n<p><span>Je absurdn\u00ed, \u017ee asi ka\u017ed\u00fd des\u00e1t\u00fd \u00fa\u010dastn\u00edk WEF bude cestovat soukrom\u00fdm letadlem, aby podpo\u0159il ochranu klimatu po cel\u00e9m sv\u011bt\u011b \u2013 alespo\u0148 to je ofici\u00e1ln\u00ed d\u016fvod.\u00a0Podobn\u00fd sc\u00e9n\u00e1\u0159 n\u00e1s \u010dek\u00e1 na setk\u00e1n\u00ed \u201ePeace Formula\u201c na Ukrajin\u011b, kde se v z\u00e1kulis\u00ed soust\u0159ed\u00ed hlavn\u00ed pozornost na dal\u0161\u00ed financov\u00e1n\u00ed vybaven\u00ed ukrajinsk\u00e9 arm\u00e1dy.\u00a0Tolik ke zjevn\u00e9 jednot\u011b v m\u00edrov\u00e9m \u00fasil\u00ed a ochran\u011b klimatu.<\/span><\/p>\n<\/div>\n<\/div>\n<div class=\"elementor-element elementor-element-8c57238 quelle dc-has-condition dc-condition-empty elementor-widget elementor-widget-heading\" data-id=\"8c57238\" data-element_type=\"widget\" data-widget_type=\"heading.default\">\n<div class=\"elementor-widget-container\">\n<h3 class=\"elementor-heading-title elementor-size-default\"><span style=\"font-size: 10pt;\"><a href=\"https:\/\/de.rt.com\/schweiz\/192656-wef-wird-zum-propagandainstrument-westens\/\" target=\"_blank\" rel=\"nofollow noopener\">ZDROJ<\/a><\/span><\/h3>\n<p>&nbsp;<\/p>\n<\/div>\n<\/div>\n","protected":false},"excerpt":{"rendered":"<p>P\u0159ibli\u017en\u011b jeden z deseti \u00fa\u010dastn\u00edk\u016f WEF cestuje soukrom\u00fdm letadlem, \u00fadajn\u011b z d\u016fvodu ochrany klimatu.\u00a0Stejn\u00fd sc\u00e9n\u00e1\u0159&#8230;<\/p>\n","protected":false},"author":2,"featured_media":20077,"comment_status":"closed","ping_status":"closed","sticky":false,"template":"","format":"standard","meta":[],"categories":[7],"tags":[29,1942,467,613],"_links":{"self":[{"href":"https:\/\/www.infokuryr.cz\/n\/wp-json\/wp\/v2\/posts\/44801"}],"collection":[{"href":"https:\/\/www.infokuryr.cz\/n\/wp-json\/wp\/v2\/posts"}],"about":[{"href":"https:\/\/www.infokuryr.cz\/n\/wp-json\/wp\/v2\/types\/post"}],"author":[{"embeddable":true,"href":"https:\/\/www.infokuryr.cz\/n\/wp-json\/wp\/v2\/users\/2"}],"replies":[{"embeddable":true,"href":"https:\/\/www.infokuryr.cz\/n\/wp-json\/wp\/v2\/comments?post=44801"}],"version-history":[{"count":0,"href":"https:\/\/www.infokuryr.cz\/n\/wp-json\/wp\/v2\/posts\/44801\/revisions"}],"wp:featuredmedia":[{"embeddable":true,"href":"https:\/\/www.infokuryr.cz\/n\/wp-json\/wp\/v2\/media\/20077"}],"wp:attachment":[{"href":"https:\/\/www.infokuryr.cz\/n\/wp-json\/wp\/v2\/media?parent=44801"}],"wp:term":[{"taxonomy":"category","embeddable":true,"href":"https:\/\/www.infokuryr.cz\/n\/wp-json\/wp\/v2\/categories?post=44801"},{"taxonomy":"post_tag","embeddable":true,"href":"https:\/\/www.infokuryr.cz\/n\/wp-json\/wp\/v2\/tags?post=44801"}],"curies":[{"name":"wp","href":"https:\/\/api.w.org\/{rel}","templated":true}]}}