{"id":4479,"date":"2021-09-02T07:35:07","date_gmt":"2021-09-02T05:35:07","guid":{"rendered":"http:\/\/www.infokuryr.cz\/n\/?p=4479"},"modified":"2021-09-02T07:35:07","modified_gmt":"2021-09-02T05:35:07","slug":"vystrida-orbana-coby-hlavniho-padoucha-eu-kurz","status":"publish","type":"post","link":"https:\/\/www.infokuryr.cz\/n\/2021\/09\/02\/vystrida-orbana-coby-hlavniho-padoucha-eu-kurz\/","title":{"rendered":"Vyst\u0159\u00edd\u00e1 Orb\u00e1na coby hlavn\u00edho padoucha EU Kurz?"},"content":{"rendered":"<div id=\"fb-root\"><\/div>\n<p><strong>Po posledn\u00edm mimo\u0159\u00e1dn\u00e9m setk\u00e1n\u00ed ministr\u016f vnitra EU je jasn\u00e9 jedno \u2013 tito minist\u0159i p\u0159\u00edliv afgh\u00e1nsk\u00fdch uprchl\u00edk\u016f do EU v\u00a0naprost\u00e9 v\u011bt\u0161in\u011b necht\u011bj\u00ed.<\/strong><\/p>\n<p><strong>I tak si ale Evropsk\u00e1 komise vede svou a chce p\u0159ijmout minim\u00e1ln\u011b 30 000 \u201etlumo\u010dn\u00edk\u016f\u201c. Soci\u00e1ln\u011b demokratick\u00fd ministr zahrani\u010d\u00ed Lucemburska Jean Asselborn\u00a0 dokonce vyzval k evropsk\u00e9mu odporu proti politice kancl\u00e9\u0159e Kurze a slovinsk\u00e9ho premi\u00e9ra Jan\u0161i.<\/strong><\/p>\n<p>Slovinsko v\u00a0sou\u010dasnosti p\u0159edsed\u00e1 EU a\u00a0jeho postoje v\u016f\u010di migraci jsou dlouhodob\u011b zn\u00e1m\u00e9. V\u00a0rozhovoru pro n\u011bmeck\u00fd WELT Asselborn \u0159ekl: \u201cDouf\u00e1m, \u017ee bude panovat odpor v\u016f\u010di panu Kurzovi z\u00a0Rakouska a\u00a0panu Jan\u0161ovi ze Slovinska, kte\u0159\u00ed jsou jasn\u011b a\u00a0rozhodn\u011b v\u00a0souladu s\u00a0Orb\u00e1nem, Salvinim a\u00a0Le Penovou. Tito v\u0161ichni odm\u00edtaj\u00ed p\u0159\u00edmou lidskou solidaritu s\u00a0mu\u010den\u00fdmi lidmi v\u00a0Afgh\u00e1nist\u00e1nu v\u00a0tomto extr\u00e9mn\u011b dramatick\u00e9m okam\u017eiku\u201c, \u0159ekl Asselborn a\u00a0pokra\u010doval: \u201eTito politici ztr\u00e1c\u00ed evropskou \u00farove\u0148. V\u011bt\u0161ina \u010dlensk\u00fdch st\u00e1t\u016f mus\u00ed zast\u00e1vat hodnoty Evropsk\u00e9 unie.\u201c Kdysi takhle provedl Asselborn \u201ev\u00fdkop\u201c proti Viktoru Orb\u00e1novi. I\u00a0nyn\u00ed u\u017e se houfuj\u00ed neziskovky a\u00a0hodlaj\u00ed v\u00a0Rakousku po\u0159\u00e1dat demonstrace za p\u0159ijet\u00ed Afgh\u00e1nc\u016f. U\u017e z\u00edtra. Jak jsem si v\u0161iml na fb, burcuj\u00ed i\u00a0na\u0161i neziskovk\u00e1\u0159i.<\/p>\n<p>Kde bere lucembursk\u00fd ministr drzost p\u0159ikazovat zem\u00edm EU, je jedna v\u011bc, a\u00a0druh\u00e1 \u2013 nic se ne\u0159\u00edk\u00e1 n\u00e1hodou. I\u00a0navzdory \u00fasm\u011bv\u016fm, kter\u00e9 v\u010dera Kurz v\u00a0Berl\u00edn\u011b sm\u011b\u0159oval k\u00a0Angele Merkelov\u00e9 na spole\u010dn\u00e9 tiskov\u00e9 konferenci, byl u\u017e jasn\u011b ozna\u010den jako ter\u010d. Na t\u00e9to tiskov\u00e9 konferenci mimochodem znovu odm\u00edtl, \u017ee by Rakousko p\u0159ijalo afgh\u00e1nsk\u00e9 migranty a\u00a0zv\u011bt\u0161ilo tak svou u\u017e nyn\u00ed nadproporcion\u00e1ln\u00ed afgh\u00e1nskou komunitu. N\u011bmeck\u00e1 kancl\u00e9\u0159ka naproti tomu mluvila o\u00a0tis\u00edc\u00edch \u201em\u00edstn\u00edch spolupracovn\u00edk\u016f\u201c, kter\u00e9 je t\u0159eba dostat do N\u011bmecka. Navzdory tomu, \u017ee u\u017e se uk\u00e1zalo, \u017ee mnoz\u00ed byli do N\u011bmecka dopraveni jaksi nepr\u00e1vem a\u00a0s\u00a0m\u00edstn\u00edmi spolupracovn\u00edky m\u011bli spole\u010dn\u00e9 jen to, \u017ee tak\u00e9 cht\u011bli do N\u011bmecka. Pr\u00fd je budou v\u0161echny prov\u011b\u0159ovat, \u0159ekla kancl\u00e9\u0159ka. A\u00a0pak ty, co se dostali do N\u011bmecka nepr\u00e1vem, bude cht\u00edt jej\u00ed n\u00e1stupce p\u0159erozd\u011blit. I\u00a0k\u00a0n\u00e1m.<\/p>\n<p>Tiskovou konferenci Kurze a\u00a0Merkelov\u00e9 vys\u00edlal i\u00a0n\u011bmeck\u00fd Spiegel. N\u011bme\u010dt\u00ed div\u00e1ci v\u00a0diskusi poplak\u00e1vali, \u017ee nemaj\u00ed \u017e\u00e1dn\u00e9ho Kurze a\u00a0\u017ee budou op\u011bt nuceni nov\u00fd n\u00e1por migrant\u016f \u201ezvl\u00e1dnout\u201c. Ani jeden z\u00a0nejv\u00e1\u017en\u011bj\u0161\u00edch kandid\u00e1t\u016f na post spolkov\u00e9ho kancl\u00e9\u0159e (CDU, SP\u00d6 \u010di\u00a0Zelen\u00ed) si toti\u017e nedovol\u00ed pochybovat o\u00a0spr\u00e1vnosti \u201eWillkommenskultur\u201c. Proti je pouze AfD.<\/p>\n<p>Asselborn blouzn\u00ed o\u00a0p\u0159es\u00eddlen\u00ed \u201e40\u00a0000 a\u017e 50\u00a0000 afgh\u00e1nsk\u00fdch uprchl\u00edk\u016f.\u201c T\u00edmto bychom pr\u00fd leg\u00e1ln\u011b a\u00a0bezpe\u010dn\u011b ve spolupr\u00e1ci s\u00a0Agenturou OSN pro uprchl\u00edky (UNHCR) p\u0159ivedli do EU d\u00edvky, \u017eeny, b\u00fdval\u00e9 soudkyn\u011b, aktivisty za lidsk\u00e1 pr\u00e1va nebo jin\u00e9 lidi, jejich\u017e \u017eivoty jsou v\u00a0bezprost\u0159edn\u00edm ohro\u017een\u00ed. Rakousk\u00fd ministr zahrani\u010d\u00ed Alexander Schallenberg reagoval na jeho n\u00e1vrhy a\u00a0kritiku Rakouska bryskn\u011b: \u201cBylo by \u017e\u00e1douc\u00ed, kdyby Asselborn prok\u00e1zal podobnou \u00farove\u0148 solidarity a\u00a0lidskosti jako my. Aby se tak stalo, muselo by Lucembursko p\u0159ijmout \u0161estkr\u00e1t v\u00edce Afgh\u00e1nc\u016f, ne\u017e kolik jich tam v\u00a0sou\u010dasn\u00e9 dob\u011b \u017eije. Pak by n\u00e1m mo\u017en\u00e1 mohl radit, \u201cuvedl dnes Schallenberg v\u00a0prohl\u00e1\u0161en\u00ed zaslan\u00e9m agentu\u0159e APA.<\/p>\n<p>Rakousk\u00fd ministr vnitra Karl Nehammer (\u00d6VP) tak\u00e9 v\u010dera p\u0159ed sch\u016fzkou ministr\u016f vnitra potvrdil, \u017ee nechce p\u0159ijmout \u017e\u00e1dn\u00e9 dal\u0161\u00ed Afgh\u00e1nce. \u201cChce to dobrovolnost,\u201d \u0159ekl Nehammer s\u00a0ohledem na mo\u017en\u00e9 pl\u00e1ny EU na p\u0159es\u00eddlen\u00ed afgh\u00e1nsk\u00fdch uprchl\u00edk\u016f. Dokud m\u00e1 v\u0161ak Rakousko \u201etak vysokou z\u00e1t\u011b\u017e neleg\u00e1ln\u00ed migrace\u201c, pova\u017euje za \u201enaprosto nevhodn\u00e9 mluvit o\u00a0\u201ep\u0159es\u00eddlen\u00ed\u201c.<\/p>\n<p>Evropsk\u00e1 komise nicm\u00e9n\u011b u\u017e \u010d\u00edslo 30\u00a0000 vy\u0159kla, a\u00a0t\u00edm op\u011bt vykro\u010dila mimo r\u00e1mec toho, co cht\u011bj\u00ed \u010dlensk\u00e9 zem\u011b. Odpor se ale zvy\u0161uje, a\u00a0ani pokusy o\u00a0vnucen\u00ed agendy uprchlick\u00fdch neziskovek neposlu\u0161n\u00fdm zem\u00edm demonstracemi \u010di\u00a0\u201ebarevn\u00fdmi revolucemi\u201c na tom nic nezm\u011bn\u00ed.<\/p>\n<p>MUDr. Ivan David, CSc.<\/p>\n<p><img decoding=\"async\" loading=\"lazy\" class=\"alignnone  wp-image-922\" src=\"http:\/\/www.infokuryr.cz\/n\/wp-content\/uploads\/2021\/04\/Ivan-David-1-222x300.jpg\" alt=\"\" width=\"134\" height=\"181\" srcset=\"https:\/\/www.infokuryr.cz\/n\/wp-content\/uploads\/2021\/04\/Ivan-David-1-222x300.jpg 222w, https:\/\/www.infokuryr.cz\/n\/wp-content\/uploads\/2021\/04\/Ivan-David-1.jpg 466w\" sizes=\"(max-width: 134px) 100vw, 134px\" \/><\/p>\n<p>&nbsp;<\/p>\n","protected":false},"excerpt":{"rendered":"<p>Po posledn\u00edm mimo\u0159\u00e1dn\u00e9m setk\u00e1n\u00ed ministr\u016f vnitra EU je jasn\u00e9 jedno \u2013 tito minist\u0159i p\u0159\u00edliv afgh\u00e1nsk\u00fdch&#8230;<\/p>\n","protected":false},"author":2,"featured_media":462,"comment_status":"closed","ping_status":"closed","sticky":false,"template":"","format":"standard","meta":[],"categories":[6],"tags":[41,119,29,154,120,1064],"_links":{"self":[{"href":"https:\/\/www.infokuryr.cz\/n\/wp-json\/wp\/v2\/posts\/4479"}],"collection":[{"href":"https:\/\/www.infokuryr.cz\/n\/wp-json\/wp\/v2\/posts"}],"about":[{"href":"https:\/\/www.infokuryr.cz\/n\/wp-json\/wp\/v2\/types\/post"}],"author":[{"embeddable":true,"href":"https:\/\/www.infokuryr.cz\/n\/wp-json\/wp\/v2\/users\/2"}],"replies":[{"embeddable":true,"href":"https:\/\/www.infokuryr.cz\/n\/wp-json\/wp\/v2\/comments?post=4479"}],"version-history":[{"count":0,"href":"https:\/\/www.infokuryr.cz\/n\/wp-json\/wp\/v2\/posts\/4479\/revisions"}],"wp:featuredmedia":[{"embeddable":true,"href":"https:\/\/www.infokuryr.cz\/n\/wp-json\/wp\/v2\/media\/462"}],"wp:attachment":[{"href":"https:\/\/www.infokuryr.cz\/n\/wp-json\/wp\/v2\/media?parent=4479"}],"wp:term":[{"taxonomy":"category","embeddable":true,"href":"https:\/\/www.infokuryr.cz\/n\/wp-json\/wp\/v2\/categories?post=4479"},{"taxonomy":"post_tag","embeddable":true,"href":"https:\/\/www.infokuryr.cz\/n\/wp-json\/wp\/v2\/tags?post=4479"}],"curies":[{"name":"wp","href":"https:\/\/api.w.org\/{rel}","templated":true}]}}