{"id":44774,"date":"2024-01-15T05:47:38","date_gmt":"2024-01-15T04:47:38","guid":{"rendered":"https:\/\/www.infokuryr.cz\/n\/?p=44774"},"modified":"2024-01-15T05:47:38","modified_gmt":"2024-01-15T04:47:38","slug":"americky-valecny-zpravodaj-gonzalo-lira-byl-umucen-ve-vezeni-v-charkove","status":"publish","type":"post","link":"https:\/\/www.infokuryr.cz\/n\/2024\/01\/15\/americky-valecny-zpravodaj-gonzalo-lira-byl-umucen-ve-vezeni-v-charkove\/","title":{"rendered":"Americk\u00fd v\u00e1le\u010dn\u00fd zpravodaj Gonzalo Lira byl umu\u010den ve v\u011bzen\u00ed v Charkov\u011b&#8230;"},"content":{"rendered":"<div id=\"fb-root\"><\/div>\n<h4>Americk\u00fd v\u00e1le\u010dn\u00fd zpravodaj Gonzalo Lira byl umu\u010den ve v\u011bzen\u00ed v Charkov\u011b za tich\u00e9ho souhlasu americk\u00e9 vl\u00e1dy! Z v\u011bzen\u00ed se mu poda\u0159ilo p\u0159es obh\u00e1jce poslat dopis sest\u0159e, kde popisuje d\u011bsiv\u00e9 um\u00edr\u00e1n\u00ed b\u011bhem nel\u00e9\u010den\u00e9ho z\u00e1palu plic! Zelensk\u00e9ho junta se tak rozhodla vra\u017edit u\u017e i nepohodln\u00e9 novin\u00e1\u0159e, kte\u0159\u00ed kritizovali korupci Zelensk\u00e9ho vl\u00e1dy a jej\u00ed pod\u00edl na vypuknut\u00ed v\u00e1lky na Ukrajin\u011b!<\/h4>\n<p>Zelensk\u00e9ho junta m\u00e1 na sv\u011bdom\u00ed dal\u0161\u00edho novin\u00e1\u0159e a tentokr\u00e1t u\u017e nejde o ukrajinsk\u00e9ho lok\u00e1ln\u00edho pis\u00e1lka z n\u011bjak\u00e9ho bulv\u00e1ru, kter\u00fd by spadl ne\u0161\u0165astnou n\u00e1hodou op\u011bt pod vlak, ale jde o smrt americk\u00e9ho novin\u00e1\u0159e, kter\u00fd byl nepohodln\u00fd jak Zelensk\u00e9mu re\u017eimu, tak i americk\u00e9 vl\u00e1d\u00e9 Joea Bidena.\u00a0<strong>Gonzalo Lira, americk\u00fd v\u00e1le\u010dn\u00fd koment\u00e1tor chilsk\u00e9ho p\u016fvodu, zn\u00e1m\u00fd sv\u00fdmi kritick\u00fdmi n\u00e1zory na Zelensk\u00e9ho re\u017eim a rusko-ukrajinsk\u00fd konflikt, toti\u017e zem\u0159el 11. ledna 2024 v nemocnici v Charkov\u011b na Ukrajin\u011b.<\/strong><\/p>\n<p>Lirova smrt n\u00e1sledovala po osmim\u011bs\u00ed\u010dn\u00edm v\u011bzn\u011bn\u00ed na z\u00e1klad\u011b obvin\u011bn\u00ed z \u201c<em>ospravedl\u0148ov\u00e1n\u00ed rusk\u00fdch vojensk\u00fdch akc\u00ed na Ukrajin\u011b<\/em>\u201c, co\u017e vyvolalo mezin\u00e1rodn\u00ed kontroverze a vyvolalo ot\u00e1zky t\u00fdkaj\u00edc\u00ed se svobody projevu a lidsk\u00fdch pr\u00e1v v dob\u011b v\u00e1lky. Gonzalo Lira se v roce 2022 proslavil jako hlasit\u00fd kritik toho, co vn\u00edmal jako rostouc\u00ed autorit\u00e1\u0159stv\u00ed na Ukrajin\u011b.<\/p>\n<figure id=\"attachment_58295\" class=\"wp-caption aligncenter\" style=\"width: 697px;\"><a href=\"https:\/\/aeronet.news\/wp-content\/uploads\/GonzaloLiraFeat.jpg\"><img decoding=\"async\" loading=\"lazy\" class=\"wp-image-58295 \" src=\"https:\/\/aeronet.news\/wp-content\/uploads\/GonzaloLiraFeat-1024x682.jpg\" sizes=\"(max-width: 700px) 100vw, 700px\" srcset=\"https:\/\/aeronet.news\/wp-content\/uploads\/GonzaloLiraFeat-1024x682.jpg 1024w, https:\/\/aeronet.news\/wp-content\/uploads\/GonzaloLiraFeat-300x200.jpg 300w, https:\/\/aeronet.news\/wp-content\/uploads\/GonzaloLiraFeat-768x512.jpg 768w, https:\/\/aeronet.news\/wp-content\/uploads\/GonzaloLiraFeat-700x466.jpg 700w, https:\/\/aeronet.news\/wp-content\/uploads\/GonzaloLiraFeat-536x357.jpg 536w, https:\/\/aeronet.news\/wp-content\/uploads\/GonzaloLiraFeat-725x483.jpg 725w, https:\/\/aeronet.news\/wp-content\/uploads\/GonzaloLiraFeat.jpg 1280w\" alt=\"\" width=\"697\" height=\"464\" \/><\/a><figcaption class=\"wp-caption-text\">Gonzalo Lira (*1968 \u2013 \u20202024)<\/figcaption><\/figure>\n<p>Lira pova\u017eoval konflikt za z\u00e1stupnou v\u00e1lku vedenou USA proti Rusku a kritizoval ztr\u00e1ty na \u017eivotech kv\u016fli marn\u00e9 a nezvratn\u00e9 v\u00e1lce. Lira sd\u00edlel postoje Aeronetu, kdy\u017e celou dobu tvrdil, \u017ee c\u00edlem USA je vyprovokov\u00e1n\u00ed rusk\u00e9ho medv\u011bda, aby vtrhl na Ukrajinu, a USA tak mohly dotla\u010dit sv\u00e9, do t\u00e9 doby neochotn\u00e9 evropsk\u00e9 spojence, k uvalen\u00ed sankc\u00ed proti Rusku, ale de facto proti sv\u00fdm vlastn\u00edm ekonomik\u00e1m v EU.<\/p>\n<p>Jeho zat\u010den\u00ed v kv\u011btnu 2023 na z\u00e1klad\u011b obvin\u011bn\u00ed z \u201c<em>v\u00fdroby a \u0161\u00ed\u0159en\u00ed materi\u00e1l\u016f ospravedl\u0148uj\u00edc\u00edch ozbrojenou agresi Ruska proti Ukrajin\u011b<\/em>\u201d bylo zlomov\u00fdm bodem. Nejen\u017ee pouk\u00e1zalo na slo\u017eitost svobody projevu v dob\u011b v\u00e1lky, ale tak\u00e9 katalyzovalo opozi\u010dn\u00ed hnut\u00ed proti financov\u00e1n\u00ed konfliktu ze strany USA. K jeho propu\u0161t\u011bn\u00ed vyzvaly vysoce postaven\u00e9 osobnosti, jako je technologick\u00fd magn\u00e1t Elon Musk a moder\u00e1tor Fox News Tucker Carlson, \u010d\u00edm\u017e se jeho p\u0159\u00edpadu dostalo celosv\u011btov\u00e9 pozornosti.<\/p>\n<h6><span style=\"font-size: 18pt;\">D\u011bsiv\u00fd dopis p\u0159ed smrt\u00ed<\/span><\/h6>\n<p>Zpr\u00e1va o zhor\u0161uj\u00edc\u00edm se zdravotn\u00edm stavu Liry vyplynula z komunikace mezi jeho otcem Gonzalem Lirou star\u0161\u00edm a americk\u00fdm velvyslanectv\u00edm\u00a0<strong>[<a href=\"https:\/\/href.li\/?https:\/\/www.rt.com\/russia\/590587-gonzalo-lira-death-ukraine-zelensky\/\" target=\"_blank\" rel=\"nofollow noopener\">1<\/a>]<\/strong>, kter\u00e9 na Ukrajin\u011b bylo povinno sjednat obh\u00e1jce americk\u00e9mu ob\u010danovi ve v\u011bzen\u00ed na Ukrajin\u011b. Pr\u00e1v\u011b tento obh\u00e1jce vynesl z v\u011bzen\u00ed od Liry posledn\u00ed dopis, kter\u00fd byl adresovan\u00fd jeho sest\u0159e. Dokumenty a e-maily jeho obh\u00e1jce odhalily pokusy Liry star\u0161\u00edho upozornit velvyslanectv\u00ed USA v Kyjev\u011b na kritick\u00fd stav sv\u00e9ho syna a na nedostatek transparentnosti ze strany ukrajinsk\u00fdch \u00fa\u0159ad\u016f ohledn\u011b jeho zdravotn\u00edho stavu.<\/p>\n<p><strong>\u201c<em>Nemohu se sm\u00ed\u0159it se zp\u016fsobem, jak\u00fdm m\u016fj syn zem\u0159el. Byl mu\u010den, vyd\u00edr\u00e1n, 8 m\u011bs\u00edc\u016f a 11 dn\u00ed v izolaci a velvyslanectv\u00ed USA neud\u011blalo nic, aby m\u00e9mu synovi pomohlo,<\/em>\u201c<\/strong>\u00a0uvedl Lira star\u0161\u00ed v e-mailu, v n\u011bm\u017e ozn\u00e1mil tuto zpr\u00e1vu.<\/p>\n<p><strong>\u201c<em>Odpov\u011bdnost za tuto trag\u00e9dii nese dikt\u00e1tor Zelensk\u00fd se souhlasem seniln\u00edho americk\u00e9ho prezidenta Joea Bidena,<\/em>\u201c<\/strong>\u00a0napsal a dodal: \u201c<strong><em>Moje bolest je nesnesiteln\u00e1. Sv\u011bt mus\u00ed v\u011bd\u011bt, co se d\u011bje na Ukrajin\u011b s t\u00edm nelidsk\u00fdm dikt\u00e1torem Zelensk\u00fdm<\/em>.\u201d<\/strong><\/p>\n<p>V dojemn\u00e9m ru\u010dn\u011b psan\u00e9m vzkazu Lira popsal sv\u00e9 zdravotn\u00ed utrpen\u00ed, v\u010detn\u011b dvojit\u00e9ho z\u00e1palu plic, pneumotoraxu a t\u011b\u017ek\u00e9ho otoku zp\u016fsoben\u00e9ho z\u0159ejm\u011b selh\u00e1n\u00edm ledvin. Tento dopis, kter\u00fd je pova\u017eov\u00e1n za jeho posledn\u00ed p\u00edsemnou korespondenci, podrobn\u011b popisuje zcela \u00famysln\u00e9 zanedb\u00e1v\u00e1n\u00ed zdravotn\u00ed p\u00e9\u010de, jemu\u017e \u010delil ve v\u011bzen\u00ed. Navzdory t\u011bmto alarmuj\u00edc\u00edm p\u0159\u00edznak\u016fm byla pr\u00fd \u0159\u00e1dn\u00e1 l\u00e9ka\u0159sk\u00e1 p\u00e9\u010de odkl\u00e1d\u00e1na a odkl\u00e1d\u00e1na, dokud nebylo p\u0159\u00edli\u0161 pozd\u011b. Posledn\u00ed dopis z v\u011bzen\u00ed vypadal tako a n\u00ed\u017ee m\u00e1te p\u0159eklad:<\/p>\n<p><a href=\"https:\/\/aeronet.news\/wp-content\/uploads\/GonzaloLiraLetter.jpg\"><img decoding=\"async\" loading=\"lazy\" class=\"wp-image-58294 aligncenter\" src=\"https:\/\/aeronet.news\/wp-content\/uploads\/GonzaloLiraLetter.jpg\" sizes=\"(max-width: 1280px) 100vw, 1280px\" srcset=\"https:\/\/aeronet.news\/wp-content\/uploads\/GonzaloLiraLetter.jpg 1280w, https:\/\/aeronet.news\/wp-content\/uploads\/GonzaloLiraLetter-300x256.jpg 300w, https:\/\/aeronet.news\/wp-content\/uploads\/GonzaloLiraLetter-768x655.jpg 768w, https:\/\/aeronet.news\/wp-content\/uploads\/GonzaloLiraLetter-1024x873.jpg 1024w, https:\/\/aeronet.news\/wp-content\/uploads\/GonzaloLiraLetter-700x597.jpg 700w, https:\/\/aeronet.news\/wp-content\/uploads\/GonzaloLiraLetter-419x357.jpg 419w, https:\/\/aeronet.news\/wp-content\/uploads\/GonzaloLiraLetter-567x483.jpg 567w\" alt=\"\" width=\"897\" height=\"765\" \/><\/a><\/p>\n<p><span style=\"font-size: 18pt;\"><strong><em>\u0158ekn\u011bte m\u00e9 sest\u0159e:<\/em><\/strong><\/span><\/p>\n<p><em>Prod\u011blal jsem dvojit\u00fd z\u00e1pal plic (obou plic), pneumotorax a velmi t\u011b\u017ek\u00fd p\u0159\u00edpad ed\u00e9mu (otoku t\u011bla). To v\u0161e za\u010dalo v polovin\u011b \u0159\u00edjna, ale v\u011bznice to ignorovala. Z\u00e1pal plic mi p\u0159iznali a\u017e p\u0159i sly\u0161en\u00ed 22. prosince. Chyst\u00e1m se na z\u00e1krok, kter\u00fd m\u00e1 sn\u00ed\u017eit tlak otoku v plic\u00edch, co\u017e mi zp\u016fsobuje extr\u00e9mn\u00ed du\u0161nost, a\u017e omdl\u00e9v\u00e1m po minim\u00e1ln\u00ed aktivit\u011b, nebo dokonce jen po dvouminutov\u00e9m mluven\u00ed.<\/em><\/p>\n<p><em>Gonzalo.<\/em><\/p>\n<h6><span style=\"font-size: 18pt;\">Naivn\u00ed pokus o \u00fat\u011bk do Ma\u010farska nevy\u0161el. Nem\u011bl u sebe ani zbra\u0148, ani vy\u017eadovan\u00fd \u00faplatek 70 000 dolar\u016f!<\/span><\/h6>\n<p>Vytrval\u00e1 snaha Liry star\u0161\u00edho po\u017e\u00e1dat o pomoc americk\u00e9 velvyslanectv\u00ed a zajistit synovi v nemocnici p\u00e9\u010di z\u016fstala nevysly\u0161ena. Jeho nejhor\u0161\u00ed obavy se potvrdily o t\u00fdden pozd\u011bji, kdy se dozv\u011bd\u011bl o synov\u011b smrti. V srdcervouc\u00edm prohl\u00e1\u0161en\u00ed\u00a0<strong>Lira star\u0161\u00ed odsoudil ukrajinskou i americkou vl\u00e1du za jejich pod\u00edl na smrti sv\u00e9ho syna a ozna\u010dil ji za d\u016fsledek \u201c<em>mu\u010den\u00ed, vyd\u00edr\u00e1n\u00ed a zadr\u017eov\u00e1n\u00ed v izolaci<\/em>\u201c.<\/strong>\u00a0V\u00fdznamnou ud\u00e1lost\u00ed bylo, \u017ee Gonzalo Lira se loni v srpnu pot\u00e9, co se po sv\u00e9m zat\u010den\u00ed ukrajinsk\u00fdmi \u00fa\u0159ady na n\u011bkolik m\u011bs\u00edc\u016f odml\u010del na soci\u00e1ln\u00edch s\u00edt\u00edch, znovu objevil se zpr\u00e1vami, v nich\u017e tvrdil, \u017ee se pokou\u0161\u00ed z Ukrajiny uprchnout.<\/p>\n<figure id=\"attachment_58296\" class=\"wp-caption aligncenter\" style=\"width: 436px;\"><a href=\"https:\/\/aeronet.news\/wp-content\/uploads\/GonzaloLiraLoungeCrop.jpg\"><img decoding=\"async\" loading=\"lazy\" class=\"wp-image-58296 \" src=\"https:\/\/aeronet.news\/wp-content\/uploads\/GonzaloLiraLoungeCrop.jpg\" sizes=\"(max-width: 700px) 100vw, 700px\" srcset=\"https:\/\/aeronet.news\/wp-content\/uploads\/GonzaloLiraLoungeCrop.jpg 700w, https:\/\/aeronet.news\/wp-content\/uploads\/GonzaloLiraLoungeCrop-209x300.jpg 209w, https:\/\/aeronet.news\/wp-content\/uploads\/GonzaloLiraLoungeCrop-249x357.jpg 249w, https:\/\/aeronet.news\/wp-content\/uploads\/GonzaloLiraLoungeCrop-336x483.jpg 336w\" alt=\"\" width=\"436\" height=\"626\" \/><\/a><figcaption class=\"wp-caption-text\">Gonzalo Lira v d\u0159\u00edv\u011bj\u0161\u00edm rozhovoru<\/figcaption><\/figure>\n<p>Jeho snahy v\u0161ak byly \u00fadajn\u011b zma\u0159eny, i p\u0159esto, \u017ee byl podle otce p\u0159\u00e1teli na Ukrajin\u011b varov\u00e1n, \u017ee k p\u0159echodu do Ma\u010farska pot\u0159ebuje vysok\u00fd \u00faplatek. P\u0159echod hranice bez \u00faplatku je od po\u010d\u00e1tku l\u00e9ta 2022 pro Ukrajince a osoby s trval\u00fdm pobytem na Ukrajin\u011b prakticky ji\u017e vylou\u010den\u00fd, bez vysok\u00e9ho uplacen\u00ed pohrani\u010dn\u00edk\u016f nen\u00ed mo\u017en\u00e9 se z Ukrajiny dostat. Lira si ale myslel, \u017ee k odchodu z Ukrajiny mu sta\u010d\u00ed americk\u00fd pas.<\/p>\n<p>P\u0159echod hranic se mu nepovedl, byl zadr\u017een dvou\u010dlennou celn\u00ed hl\u00eddkou a obvin\u011bn z pokusu o neleg\u00e1ln\u00ed opu\u0161t\u011bn\u00ed republiky. Mark Sleboda\u00a0<strong>[<a href=\"https:\/\/href.li\/?https:\/\/twitter.com\/MarkSleboda1\" target=\"_blank\" rel=\"nofollow noopener\">2<\/a>]<\/strong>, analytik mezin\u00e1rodn\u00edch vztah\u016f, na soci\u00e1ln\u00edch s\u00edt\u00edch potvrdil, \u017ee se Lira pokusil uprchnout do Ma\u010farska a po\u017e\u00e1dat o politick\u00fd azyl, ale byl zastaven na ukrajinsk\u00e9 hranici.\u00a0<strong>Lira ve sv\u00fdch p\u0159\u00edsp\u011bvc\u00edch podrobn\u011b popisoval sv\u00e9 utrpen\u00ed, v\u010detn\u011b obvin\u011bn\u00ed z mu\u010den\u00ed a vyd\u00edr\u00e1n\u00ed o 70 000 dolar\u016f b\u011bhem zadr\u017eov\u00e1n\u00ed.<\/strong>\u00a0Ukrajina je skute\u010dn\u011b nejzkorumpovan\u011bj\u0161\u00ed zem\u011b v Evrop\u011b a zam\u011b\u0159uje se hlavn\u011b na ciz\u00ed st\u00e1tn\u00ed p\u0159\u00edslu\u0161n\u00edky, kter\u00e9 lze podojit nejv\u00edce.<\/p>\n<h6><span style=\"font-size: 18pt;\">Lira psal o korupci na Ukrajin\u011b a zkorumpovan\u00ed Ukrajinci ho nakonec nechali um\u0159\u00edt v bolestech v cele, proto\u017ee nezaplatil v\u00fdkupn\u00e9<\/span><\/h6>\n<p>Bylo mu nab\u00edzeno, \u017ee bude propu\u0161t\u011bn a eskortov\u00e1n do zahrani\u010d\u00ed, pokud zaplat\u00ed tuto sumu. Je pr\u00fd Ameri\u010dan a ur\u010dit\u011b pen\u00edze se\u017eene, nab\u00e1dali ho vy\u0161et\u0159ovatel\u00e9 v Charkov\u011b. Kdy\u017e se Lira vy\u0161et\u0159ovatele ptal, pro koho jsou ty pen\u00edze ur\u010deny, spustil se pr\u00fd sm\u00edch, \u017ee kde pr\u00fd \u017eije, a\u0165 se probere.\u00a0<strong>Pen\u00edze by byly rozd\u011bleny a\u017e nahoru, uk\u00e1zal pr\u00fd vy\u0161et\u0159ovatel prstem vzh\u016fru ke stropu, ve smyslu nahoru a\u017e k Zelensk\u00e9mu.<\/strong><\/p>\n<p>Sleboda vyj\u00e1d\u0159il tak\u00e9 skepsi k z\u00edsk\u00e1n\u00ed Lirova politick\u00e9ho azylu v jin\u00e9 zemi Evropsk\u00e9 unie ne\u017e v Ma\u010farsku, proto\u017ee se pr\u00fd ob\u00e1val deportace zp\u011bt na Ukrajinu. Jedno z posledn\u00edch sd\u011blen\u00ed od Liry pr\u00fd nazna\u010dovalo riziko, \u017ee bude posl\u00e1n do pracovn\u00edho t\u00e1bora jako \u201cmukl\u201d a n\u00e1sledn\u00e9 ml\u010den\u00ed vyvol\u00e1valo obavy o jeho osud.<\/p>\n<figure id=\"attachment_53661\" class=\"wp-caption aligncenter\" style=\"width: 975px;\"><a href=\"https:\/\/aeronet.news\/wp-content\/uploads\/FialaNATOZelensky.jpg\"><img decoding=\"async\" loading=\"lazy\" class=\"wp-image-53661 \" src=\"https:\/\/aeronet.news\/wp-content\/uploads\/FialaNATOZelensky.jpg\" sizes=\"(max-width: 1280px) 100vw, 1280px\" srcset=\"https:\/\/aeronet.news\/wp-content\/uploads\/FialaNATOZelensky.jpg 1280w, https:\/\/aeronet.news\/wp-content\/uploads\/FialaNATOZelensky-300x171.jpg 300w, https:\/\/aeronet.news\/wp-content\/uploads\/FialaNATOZelensky-768x439.jpg 768w, https:\/\/aeronet.news\/wp-content\/uploads\/FialaNATOZelensky-1024x585.jpg 1024w, https:\/\/aeronet.news\/wp-content\/uploads\/FialaNATOZelensky-700x400.jpg 700w, https:\/\/aeronet.news\/wp-content\/uploads\/FialaNATOZelensky-625x357.jpg 625w, https:\/\/aeronet.news\/wp-content\/uploads\/FialaNATOZelensky-846x483.jpg 846w\" alt=\"\" width=\"975\" height=\"557\" \/><\/a><figcaption class=\"wp-caption-text\">A s takovou zr\u016fdou se brat\u0159\u00ed\u010dkuje Fiala\u2026<\/figcaption><\/figure>\n<p>Americk\u00e9 ministerstvo zahrani\u010d\u00ed nakonec potvrdilo\u00a0<strong>[<a href=\"https:\/\/href.li\/?https:\/\/www.rt.com\/news\/590559-gonzalo-lira-dead\/\" target=\"_blank\" rel=\"nofollow noopener\">3<\/a>]<\/strong>\u00a0Lirovu smrt, vyj\u00e1d\u0159ilo soustrast rodin\u011b, ale zdr\u017eelo se dal\u0161\u00edch koment\u00e1\u0159\u016f. Toto potvrzen\u00ed n\u00e1sledovalo po zpr\u00e1v\u011b Tuckera Carlsona o Lirov\u011b smrti a po d\u0159\u00edv\u011bj\u0161\u00edch v\u00fdzv\u00e1ch Elona Muska\u00a0<strong>[<a href=\"https:\/\/href.li\/?https:\/\/www.rt.com\/news\/590599-musk-death-journalist-ukraine-prison\/\" target=\"_blank\" rel=\"nofollow noopener\">4<\/a>]<\/strong>\u00a0ukrajinsk\u00e9mu prezidentovi Zelensk\u00e9mu, aby vysv\u011btlil Lirovo zat\u010den\u00ed a zadr\u017een\u00ed. Rusk\u00e9 \u00fa\u0159ady ji\u017e d\u0159\u00edve vyzvaly sv\u011btovou novin\u00e1\u0159skou obec, aby se Liry zastala, a zd\u016fraznily slo\u017eit\u00e9 geopolitick\u00e9 d\u016fsledky jeho p\u0159\u00edpadu.<\/p>\n<p>SBU trvala na tom, \u017ee Lira byl zat\u010den a zadr\u017een z\u00e1konn\u011b, proto\u017ee pr\u00fd roz\u0161i\u0159oval, \u017ee spolupod\u00edl na vypuknut\u00ed v\u00e1lky nese ukrajinsk\u00e1 vl\u00e1da, kter\u00e1 od roku 2014 transformovala Ukrajinu a jej\u00ed politiku do anti-Ruska. Americk\u00e9 ministerstvo zahrani\u010dn\u00ed se Liry nijak nezastalo, p\u0159itom by sta\u010dilo jedin\u00e9 slovo z Washingtonu a Ukrajina by ho musela obratem opustit. Nepohodln\u00fd novin\u00e1\u0159 tak v Charkov\u011b zem\u0159el jako \u201c<em>mukl<\/em>\u201d ve smyslu\u00a0<em><strong>m<\/strong>u\u017ee\u00a0<strong>u<\/strong>r\u010den\u00e9ho\u00a0<strong>k<\/strong>\u00a0<strong>l<\/strong>ikvidaci<\/em>. Je to dal\u0161\u00ed z\u00e1\u0159ez na pa\u017eb\u011b Zelensk\u00e9ho v\u00e1le\u010dn\u00fdch zlo\u010din\u016f.<\/p>\n<p><a href=\"https:\/\/aeronet.news\/americky-valecny-zpravodaj-gonzalo-lira-byl-umucen-ve-vezeni-v-charkove-za-ticheho-souhlasu-americke-vlady-z-vezeni-se-mu-podarilo-pres-obhajce-poslat-dopis-sestre-kde-popisuje-desive-umirani\/\">-VK- \u0160\u00e9fredaktor AE News<\/a><\/p>\n<p>&nbsp;<\/p>\n<p><a href=\"https:\/\/stranapro.cz\/\"><img decoding=\"async\" loading=\"lazy\" class=\"wp-image-40286 aligncenter\" src=\"http:\/\/www.infokuryr.cz\/n\/wp-content\/uploads\/2023\/11\/12pro-300x87.png\" alt=\"\" width=\"986\" height=\"286\" srcset=\"https:\/\/www.infokuryr.cz\/n\/wp-content\/uploads\/2023\/11\/12pro-300x87.png 300w, https:\/\/www.infokuryr.cz\/n\/wp-content\/uploads\/2023\/11\/12pro.png 366w\" sizes=\"(max-width: 986px) 100vw, 986px\" \/><\/a><\/p>\n<p>&nbsp;<\/p>\n<p>&nbsp;<\/p>\n","protected":false},"excerpt":{"rendered":"<p>Americk\u00fd v\u00e1le\u010dn\u00fd zpravodaj Gonzalo Lira byl umu\u010den ve v\u011bzen\u00ed v Charkov\u011b za tich\u00e9ho souhlasu americk\u00e9&#8230;<\/p>\n","protected":false},"author":2,"featured_media":44775,"comment_status":"closed","ping_status":"closed","sticky":false,"template":"","format":"standard","meta":[],"categories":[6],"tags":[1042,1304,26,184,1000,1580],"_links":{"self":[{"href":"https:\/\/www.infokuryr.cz\/n\/wp-json\/wp\/v2\/posts\/44774"}],"collection":[{"href":"https:\/\/www.infokuryr.cz\/n\/wp-json\/wp\/v2\/posts"}],"about":[{"href":"https:\/\/www.infokuryr.cz\/n\/wp-json\/wp\/v2\/types\/post"}],"author":[{"embeddable":true,"href":"https:\/\/www.infokuryr.cz\/n\/wp-json\/wp\/v2\/users\/2"}],"replies":[{"embeddable":true,"href":"https:\/\/www.infokuryr.cz\/n\/wp-json\/wp\/v2\/comments?post=44774"}],"version-history":[{"count":0,"href":"https:\/\/www.infokuryr.cz\/n\/wp-json\/wp\/v2\/posts\/44774\/revisions"}],"wp:featuredmedia":[{"embeddable":true,"href":"https:\/\/www.infokuryr.cz\/n\/wp-json\/wp\/v2\/media\/44775"}],"wp:attachment":[{"href":"https:\/\/www.infokuryr.cz\/n\/wp-json\/wp\/v2\/media?parent=44774"}],"wp:term":[{"taxonomy":"category","embeddable":true,"href":"https:\/\/www.infokuryr.cz\/n\/wp-json\/wp\/v2\/categories?post=44774"},{"taxonomy":"post_tag","embeddable":true,"href":"https:\/\/www.infokuryr.cz\/n\/wp-json\/wp\/v2\/tags?post=44774"}],"curies":[{"name":"wp","href":"https:\/\/api.w.org\/{rel}","templated":true}]}}