{"id":4477,"date":"2021-09-02T03:46:01","date_gmt":"2021-09-02T01:46:01","guid":{"rendered":"http:\/\/www.infokuryr.cz\/n\/?p=4477"},"modified":"2021-09-02T03:46:01","modified_gmt":"2021-09-02T01:46:01","slug":"fraska-ministri-vnitra-eu-dospeli-k-nefunkcnimu-zaveru","status":"publish","type":"post","link":"https:\/\/www.infokuryr.cz\/n\/2021\/09\/02\/fraska-ministri-vnitra-eu-dospeli-k-nefunkcnimu-zaveru\/","title":{"rendered":"Fra\u0161ka: minist\u0159i vnitra EU dosp\u011bli k nefunk\u010dn\u00edmu z\u00e1v\u011bru"},"content":{"rendered":"<div id=\"fb-root\"><\/div>\n<p>Vlk se na\u017eral a koza z\u016fstala cel\u00e1. Kter\u00e1 koza, vyplyne z textu.<\/p>\n<p>Tak imigranty z Afgh\u00e1nist\u00e1nu Evropa nechce. Potud jasno. Dal\u0161\u00ed \u010d\u00e1st v\u010derej\u0161\u00edho spole\u010dn\u00e9ho prohl\u00e1\u0161en\u00ed summitu ministr\u016f vnitra 27-c\u00edtky, \u017ee EU bude podporovat zem\u011b soused\u00edc\u00ed s Afgh\u00e1nist\u00e1nem (aby absorbovaly afgh\u00e1nsk\u00e9 uprchl\u00edky), je nefunk\u010dn\u00ed. Uzbekist\u00e1n a T\u00e1d\u017eikist\u00e1n se nechali sly\u0161et, \u017ee &#8211; podobn\u011b jako EU &#8211; Afgh\u00e1nce taky nechcou&#8230;<\/p>\n<p>Ale to asi neva, hlavn\u011b, \u017ee m\u00e1 komisa\u0159ka Johanssonov\u00e1 na pap\u00ed\u0159e n\u011bjak\u00e9 \u0159e\u0161en\u00ed.. D\u00e1 se toti\u017e \u010dekat, \u017ee Komise s p\u0159edsedkyn\u00ed Leyenovou na to nep\u0159ijde.<\/p>\n<p><a href=\"https:\/\/thediplomat.com\/2021\/08\/uzbekistan-and-tajikistan-hedge-on-afghan-refugees\/\">ZDROJ<\/a><\/p>\n<p>&nbsp;<\/p>\n","protected":false},"excerpt":{"rendered":"<p>Vlk se na\u017eral a koza z\u016fstala cel\u00e1. Kter\u00e1 koza, vyplyne z textu. Tak imigranty z&#8230;<\/p>\n","protected":false},"author":2,"featured_media":870,"comment_status":"closed","ping_status":"closed","sticky":false,"template":"","format":"standard","meta":[],"categories":[7],"tags":[41,119],"_links":{"self":[{"href":"https:\/\/www.infokuryr.cz\/n\/wp-json\/wp\/v2\/posts\/4477"}],"collection":[{"href":"https:\/\/www.infokuryr.cz\/n\/wp-json\/wp\/v2\/posts"}],"about":[{"href":"https:\/\/www.infokuryr.cz\/n\/wp-json\/wp\/v2\/types\/post"}],"author":[{"embeddable":true,"href":"https:\/\/www.infokuryr.cz\/n\/wp-json\/wp\/v2\/users\/2"}],"replies":[{"embeddable":true,"href":"https:\/\/www.infokuryr.cz\/n\/wp-json\/wp\/v2\/comments?post=4477"}],"version-history":[{"count":0,"href":"https:\/\/www.infokuryr.cz\/n\/wp-json\/wp\/v2\/posts\/4477\/revisions"}],"wp:featuredmedia":[{"embeddable":true,"href":"https:\/\/www.infokuryr.cz\/n\/wp-json\/wp\/v2\/media\/870"}],"wp:attachment":[{"href":"https:\/\/www.infokuryr.cz\/n\/wp-json\/wp\/v2\/media?parent=4477"}],"wp:term":[{"taxonomy":"category","embeddable":true,"href":"https:\/\/www.infokuryr.cz\/n\/wp-json\/wp\/v2\/categories?post=4477"},{"taxonomy":"post_tag","embeddable":true,"href":"https:\/\/www.infokuryr.cz\/n\/wp-json\/wp\/v2\/tags?post=4477"}],"curies":[{"name":"wp","href":"https:\/\/api.w.org\/{rel}","templated":true}]}}