{"id":4476,"date":"2021-09-02T03:43:50","date_gmt":"2021-09-02T01:43:50","guid":{"rendered":"http:\/\/www.infokuryr.cz\/n\/?p=4476"},"modified":"2021-09-02T03:43:50","modified_gmt":"2021-09-02T01:43:50","slug":"skolni-rok-zacal-ve-vranem-u-kladna-dramaticky-opatreni-rozhadala-ucitele-rodice-a-vedeni-obce","status":"publish","type":"post","link":"https:\/\/www.infokuryr.cz\/n\/2021\/09\/02\/skolni-rok-zacal-ve-vranem-u-kladna-dramaticky-opatreni-rozhadala-ucitele-rodice-a-vedeni-obce\/","title":{"rendered":"\u0160koln\u00ed rok za\u010dal ve Vran\u00e9m u Kladna dramaticky. Opat\u0159en\u00ed rozh\u00e1dala u\u010ditele, rodi\u010de a veden\u00ed obce"},"content":{"rendered":"<div id=\"fb-root\"><\/div>\n<p><strong>Nov\u00fd \u0161koln\u00ed rok ve Vran\u00e9m u Kladna neza\u010dal \u00fapln\u011b poklidn\u011b. Kv\u016fli protipandemick\u00fdm opat\u0159en\u00edm se rozh\u00e1dali u\u010ditel\u00e9, rodi\u010de \u017e\u00e1k\u016f a veden\u00ed obce. \u010c\u00e1st u\u010ditel\u016f a rodi\u010d\u016f toti\u017e odm\u00edt\u00e1 no\u0161en\u00ed rou\u0161ek a testov\u00e1n\u00ed d\u011bt\u00ed.<\/strong><\/p>\n<p>Tato obec toti\u017e uvedla do funkce novou \u0159editelku, jeliko\u017e p\u0159edchoz\u00ed musela odej\u00edt kv\u016fli bojkotov\u00e1n\u00ed pravidel resortu zdravotnictv\u00ed.<\/p>\n<p>Jak p\u00ed\u0161e web tn.cz, spor\u00a0za\u010dal\u00a0mezi dv\u011bma skupinami, p\u0159i\u010dem\u017e v t\u00e9 prvn\u00ed byla obec, n\u011bkte\u0159\u00ed rodi\u010de a nov\u00e1 \u0159editelka. Na stran\u011b druh\u00e9 pak \u010d\u00e1st u\u010ditelsk\u00e9ho sboru, b\u00fdval\u00e1 \u0159editelka a zbytek rodi\u010d\u016f. V prvn\u00ed den \u0161koly se pak spor mezi skupinami vyost\u0159il.<\/p>\n<p>Probl\u00e9m byl v tom, \u017ee t\u0159i u\u010ditelky necht\u011bly u\u010dit a ve \u0161kole d\u011bti nep\u0159iv\u00edtaly. Krom\u011b toho n\u011bkter\u00e9 d\u011bti ani nedorazily do\u00a0\u0161koly, jeliko\u017e rodi\u010de je tam neposlali \u2013 z 29 p\u0159i\u0161lo jen 18. Z nich se ale testovat nenechaly v\u0161echny d\u011bti, rodi\u010de dvou d\u011bt\u00ed rozhodli, \u017ee budou m\u00edt cel\u00fd den rou\u0161ku.<\/p>\n<p>Jak uvedl starosta Miroslav Z\u00e1zvorka, u\u010ditelky nedodr\u017euj\u00ed vl\u00e1dou vydan\u00e1\u00a0<strong>opat\u0159en\u00ed<\/strong>.<\/p>\n<p>\u201eNab\u00eddli jsme jim i testov\u00e1n\u00ed ze slin. Nen\u00ed to v\u016fbec \u017e\u00e1dn\u00e1 z\u00e1t\u011b\u017e. Je to \u00fapln\u011b norm\u00e1ln\u00ed v\u011bc, kterou dodr\u017euje cel\u00e1 republika. Nezn\u00e1m \u017e\u00e1dnou dal\u0161\u00ed \u0161kolu, kter\u00e1 by to podobn\u00fdm zp\u016fsobem odm\u00edtla. Pravd\u011bpodobn\u011b budeme jedin\u00ed v republice,\u201c uvedl.<\/p>\n<p>Pakli\u017ee budou nastaven\u00e1\u00a0pravidla\u00a0u\u010ditelky bojkotovat, p\u016fjdou podle starosty na neplacen\u00e9 volno. Nyn\u00ed se za n\u011b sh\u00e1n\u00ed n\u00e1hrada.<\/p>\n<p>Podle odvolan\u00e9 \u0159editelky Ludmily Svobodov\u00e9 testy nic nevy\u0159e\u0161\u00ed, a u\u017e v\u016fbec ne zdrav\u00ed. Na jej\u00ed stranu se postavili i n\u011bkte\u0159\u00ed rodi\u010de.<\/p>\n<p><strong>\u0160koln\u00ed rok za\u010d\u00edn\u00e1 jinak<\/strong><\/p>\n<p>Leto\u0161n\u00ed rok\u00a0bude\u00a0stejn\u011b jako ten lo\u0148sk\u00fd poznamen\u00e1n covidem-19, \u0161koly tak \u010dekaj\u00ed p\u0159\u00edsn\u011bj\u0161\u00ed hygienick\u00e1 opat\u0159en\u00ed, jako je \u010dast\u011bj\u0161\u00ed pou\u017e\u00edv\u00e1n\u00ed dezinfekce nebo v\u011btr\u00e1n\u00ed. Nav\u00edc rou\u0161ky budou povinn\u00e9 na chodb\u00e1ch \u010di v \u0161atn\u00e1ch.<\/p>\n<p>Dnes r\u00e1no se mus\u00ed v\u0161ichni \u017e\u00e1ci krom\u011b prv\u0148\u00e1k\u016f podrobit preventivn\u00edmu testov\u00e1n\u00ed na covid-19. Prv\u0148\u00e1ci se mohou testovat tak\u00e9 ve \u010dtvrtek. Dal\u0161\u00ed vlny testov\u00e1n\u00ed prob\u011bhnou 6. a 9. z\u00e1\u0159\u00ed. Pokud v n\u011bkter\u00e9m okrese dojde k situaci, \u017ee ve \u0161kol\u00e1ch bude v\u00edce ne\u017e 25 pozitivn\u00edch p\u0159\u00edpad\u016f na 100 tis\u00edc proveden\u00fdch test\u016f, bude tam testov\u00e1n\u00ed prob\u00edhat do konce z\u00e1\u0159\u00ed a to v\u017edy jednou t\u00fddn\u011b.<\/p>\n<p>Jestli\u017ee n\u011bkter\u00fd \u017e\u00e1k odm\u00edtne\u00a0testov\u00e1n\u00ed, rou\u0161ku nebo respir\u00e1tor bude muset nosit i p\u0159i v\u00fduce, nav\u00edc nebude sm\u011bt cvi\u010dit v t\u011blocvi\u010dn\u011b a zp\u00edvat. Pokud v\u0161ak odm\u00edtne i tohle na\u0159\u00edzen\u00ed, nebude se moci \u00fa\u010dastnit prezen\u010dn\u00ed v\u00fduky. Nav\u00edc mimo\u0159\u00e1dn\u00e9 opat\u0159en\u00ed nyn\u00ed neupravuje, jestli zm\u00edn\u011bn\u00e1 opat\u0159en\u00ed pro netestovan\u00e9 budou pokra\u010dovat i po skon\u010den\u00ed preventivn\u00edho testov\u00e1n\u00ed. Zam\u011bstnanci \u0161kol si mus\u00ed testov\u00e1n\u00ed zajistit sami, v\u00fdjimku maj\u00ed o\u010dkovan\u00ed lid\u00e9 a lid\u00e9 po\u00a0covidu-19.<\/p>\n<p><a href=\"https:\/\/cz.sputniknews.com\/20210901\/skolni-rok-zacal-ve-vranem-u-kladna-dramaticky-opatreni-rozhadala-ucitele-rodice-a-vedeni-obce-15691867.html\">ZDROJ<\/a><\/p>\n<p>&nbsp;<\/p>\n","protected":false},"excerpt":{"rendered":"<p>Nov\u00fd \u0161koln\u00ed rok ve Vran\u00e9m u Kladna neza\u010dal \u00fapln\u011b poklidn\u011b. Kv\u016fli protipandemick\u00fdm opat\u0159en\u00edm se rozh\u00e1dali&#8230;<\/p>\n","protected":false},"author":2,"featured_media":201,"comment_status":"closed","ping_status":"closed","sticky":false,"template":"","format":"standard","meta":[],"categories":[6],"tags":[245,98,94,141],"_links":{"self":[{"href":"https:\/\/www.infokuryr.cz\/n\/wp-json\/wp\/v2\/posts\/4476"}],"collection":[{"href":"https:\/\/www.infokuryr.cz\/n\/wp-json\/wp\/v2\/posts"}],"about":[{"href":"https:\/\/www.infokuryr.cz\/n\/wp-json\/wp\/v2\/types\/post"}],"author":[{"embeddable":true,"href":"https:\/\/www.infokuryr.cz\/n\/wp-json\/wp\/v2\/users\/2"}],"replies":[{"embeddable":true,"href":"https:\/\/www.infokuryr.cz\/n\/wp-json\/wp\/v2\/comments?post=4476"}],"version-history":[{"count":0,"href":"https:\/\/www.infokuryr.cz\/n\/wp-json\/wp\/v2\/posts\/4476\/revisions"}],"wp:featuredmedia":[{"embeddable":true,"href":"https:\/\/www.infokuryr.cz\/n\/wp-json\/wp\/v2\/media\/201"}],"wp:attachment":[{"href":"https:\/\/www.infokuryr.cz\/n\/wp-json\/wp\/v2\/media?parent=4476"}],"wp:term":[{"taxonomy":"category","embeddable":true,"href":"https:\/\/www.infokuryr.cz\/n\/wp-json\/wp\/v2\/categories?post=4476"},{"taxonomy":"post_tag","embeddable":true,"href":"https:\/\/www.infokuryr.cz\/n\/wp-json\/wp\/v2\/tags?post=4476"}],"curies":[{"name":"wp","href":"https:\/\/api.w.org\/{rel}","templated":true}]}}