{"id":44754,"date":"2024-01-15T00:42:55","date_gmt":"2024-01-14T23:42:55","guid":{"rendered":"http:\/\/www.infokuryr.cz\/n\/?p=44754"},"modified":"2024-01-14T17:16:06","modified_gmt":"2024-01-14T16:16:06","slug":"dansko-ma-od-nedele-noveho-krale","status":"publish","type":"post","link":"https:\/\/www.infokuryr.cz\/n\/2024\/01\/15\/dansko-ma-od-nedele-noveho-krale\/","title":{"rendered":"D\u00e1nsko m\u00e1 od ned\u011ble nov\u00e9ho kr\u00e1le"},"content":{"rendered":"<div id=\"fb-root\"><\/div>\n<p><span style=\"font-size: 18pt;\"><strong>Kr\u00e1lovna Margrethe II se v ned\u011bli stala prvn\u00edm d\u00e1nsk\u00fdm panovn\u00edkem, kter\u00fd po t\u00e9m\u011b\u0159 900 letech abdikoval<\/strong><\/span><\/p>\n<p>D\u00e1nsk\u00e1 nejd\u00e9le vl\u00e1dnouc\u00ed panovnice Margrethe II. form\u00e1ln\u011b abdikovala na tr\u016fn v ned\u011bli odpoledne, kdy\u017e se tis\u00edce lid\u00ed shrom\u00e1\u017edily v Kodani, aby byly sv\u011bdky kr\u00e1lovsk\u00e9ho n\u00e1stupnictv\u00ed sv\u00e9ho nejstar\u0161\u00edho syna, kter\u00fdm je nyn\u00ed kr\u00e1l Frederik X.<\/p>\n<p>Margrethe ohromila skandin\u00e1vskou zemi na Silvestra, kdy\u017e ozn\u00e1mila sv\u016fj z\u00e1m\u011br vzd\u00e1t se koruny po v\u00edce ne\u017e p\u011bti desetilet\u00edch jako kr\u00e1lovna \u2013 stala se tak prvn\u00edm d\u00e1nsk\u00fdm panovn\u00edkem, kter\u00fd odstoupil po t\u00e9m\u011b\u0159 900 letech.\u00a0Jej\u00ed abdikace p\u0159ich\u00e1z\u00ed 52 let ode dne pot\u00e9, co p\u0159evzala korunu po smrti sv\u00e9ho otce, kr\u00e1le Frederika IX.<\/p>\n<p>83let\u00e1 \u017eena uvedla zdravotn\u00ed probl\u00e9my jako d\u016fvod sv\u00e9ho historick\u00e9ho rozhodnut\u00ed, kter\u00e9 p\u0159i\u0161lo n\u011bkolik m\u011bs\u00edc\u016f pot\u00e9, co loni v \u00fanoru podstoupila operaci zad.<\/p>\n<p><em>&#8222;Kr\u00e1lovna je tady a je na tr\u016fnu v\u00edce ne\u017e 50 let,&#8220;<\/em>\u00a0\u0159ekl agentu\u0159e AP d\u00e1nsk\u00fd kr\u00e1lovsk\u00fd expert Thomas Larsen p\u0159ed ned\u011bln\u00ed abdikac\u00ed.\u00a0<em>&#8222;Je to extr\u00e9mn\u011b uzn\u00e1van\u00e1 a popul\u00e1rn\u00ed postava, tak\u017ee to lid\u00e9 ne\u010dekali a byli v \u0161oku.&#8220;<\/em><\/p>\n<p>Margrethe podepsala svou abdikaci za p\u0159\u00edtomnosti d\u00e1nsk\u00fdch z\u00e1konod\u00e1rc\u016f na zased\u00e1n\u00ed st\u00e1tn\u00ed rady v ned\u011bli odpoledne, po kter\u00e9m se Frederik \u2013 d\u0159\u00edve korunn\u00ed princ zem\u011b \u2013 ofici\u00e1ln\u011b stal kr\u00e1lem.<\/p>\n<p>Premi\u00e9rka Mette Frederiksen n\u00e1sledn\u011b z balkonu pal\u00e1ce Christiansborg v hlavn\u00edm m\u011bst\u011b, s\u00eddla vl\u00e1dy, parlamentu a nejvy\u0161\u0161\u00edho soudu, prohl\u00e1sila Frederika nejnov\u011bj\u0161\u00edm suver\u00e9nem D\u00e1nska.\u00a0Tis\u00edce lid\u00ed byly sv\u011bdky vyhl\u00e1\u0161en\u00ed z n\u00e1m\u011bst\u00ed pod n\u00edm.<\/p>\n<p>Frederiksen nev\u011bd\u011bl o rozhodnut\u00ed Margrethe a\u017e t\u011bsn\u011b p\u0159ed ozn\u00e1men\u00edm, zat\u00edmco Frederik byl informov\u00e1n pouh\u00e9 t\u0159i dny p\u0159edem, podle d\u00e1nsk\u00e9ho listu Berlingske.<\/p>\n<p>\u010cty\u0159i d\u011bla um\u00edst\u011bn\u00e1 v koda\u0148sk\u00e9m p\u0159\u00edstavu vyp\u00e1lila t\u0159i salvy po 27 ran\u00e1ch, aby ozna\u010dila posloupnost.\u00a0Na rozd\u00edl od Spojen\u00e9ho kr\u00e1lovstv\u00ed, kde kr\u00e1l Karel III. nahradil svou matku kr\u00e1lovnu Al\u017eb\u011btu II po jej\u00ed smrti, se zde \u017e\u00e1dn\u00fd korunova\u010dn\u00ed ob\u0159ad konat nebude.<\/p>\n<p>Navzdory odstoupen\u00ed si Margrethe zachov\u00e1v\u00e1 sv\u016fj kr\u00e1lovsk\u00fd titul \u2013 co\u017e znamen\u00e1, \u017ee zem\u011b bude m\u00edt dv\u011b kr\u00e1lovny, proto\u017ee Frederikova man\u017eelka narozen\u00e1 v Austr\u00e1lii se stane kr\u00e1lovnou Mary.\u00a0Jejich nejstar\u0161\u00ed syn Christian (18) se st\u00e1v\u00e1 nov\u00fdm d\u00e1nsk\u00fdm korunn\u00edm princem a n\u00e1sledn\u00edkem tr\u016fnu.<\/p>\n<p>Kr\u00e1lovsk\u00fd p\u00e1r nastupuje na tr\u016fn v dob\u011b siln\u00e9 ve\u0159ejn\u00e9 podpory monarchie.\u00a0Ned\u00e1vn\u00fd pr\u016fzkum proveden\u00fd po ozn\u00e1men\u00ed Margrethe o abdikaci zjistil, \u017ee 82 % D\u00e1n\u016f v\u011b\u0159\u00ed, \u017ee Frederik bude v roli kr\u00e1le fungovat dob\u0159e, zat\u00edmco 86 % m\u00e1 podobn\u011b pozitivn\u00ed n\u00e1zor na Mary.<\/p>\n<p><img decoding=\"async\" loading=\"lazy\" class=\"alignnone size-full wp-image-1185\" src=\"http:\/\/www.infokuryr.cz\/n\/wp-content\/uploads\/2021\/04\/kuryr-podpis.png\" alt=\"\" width=\"84\" height=\"24\" \/><\/p>\n<p>&nbsp;<\/p>\n<p>&nbsp;<\/p>\n","protected":false},"excerpt":{"rendered":"<p>Kr\u00e1lovna Margrethe II se v ned\u011bli stala prvn\u00edm d\u00e1nsk\u00fdm panovn\u00edkem, kter\u00fd po t\u00e9m\u011b\u0159 900 letech&#8230;<\/p>\n","protected":false},"author":2,"featured_media":44755,"comment_status":"closed","ping_status":"closed","sticky":false,"template":"","format":"standard","meta":[],"categories":[7],"tags":[6628,500,6629,5382,3253],"_links":{"self":[{"href":"https:\/\/www.infokuryr.cz\/n\/wp-json\/wp\/v2\/posts\/44754"}],"collection":[{"href":"https:\/\/www.infokuryr.cz\/n\/wp-json\/wp\/v2\/posts"}],"about":[{"href":"https:\/\/www.infokuryr.cz\/n\/wp-json\/wp\/v2\/types\/post"}],"author":[{"embeddable":true,"href":"https:\/\/www.infokuryr.cz\/n\/wp-json\/wp\/v2\/users\/2"}],"replies":[{"embeddable":true,"href":"https:\/\/www.infokuryr.cz\/n\/wp-json\/wp\/v2\/comments?post=44754"}],"version-history":[{"count":0,"href":"https:\/\/www.infokuryr.cz\/n\/wp-json\/wp\/v2\/posts\/44754\/revisions"}],"wp:featuredmedia":[{"embeddable":true,"href":"https:\/\/www.infokuryr.cz\/n\/wp-json\/wp\/v2\/media\/44755"}],"wp:attachment":[{"href":"https:\/\/www.infokuryr.cz\/n\/wp-json\/wp\/v2\/media?parent=44754"}],"wp:term":[{"taxonomy":"category","embeddable":true,"href":"https:\/\/www.infokuryr.cz\/n\/wp-json\/wp\/v2\/categories?post=44754"},{"taxonomy":"post_tag","embeddable":true,"href":"https:\/\/www.infokuryr.cz\/n\/wp-json\/wp\/v2\/tags?post=44754"}],"curies":[{"name":"wp","href":"https:\/\/api.w.org\/{rel}","templated":true}]}}