{"id":4473,"date":"2021-09-02T03:31:08","date_gmt":"2021-09-02T01:31:08","guid":{"rendered":"http:\/\/www.infokuryr.cz\/n\/?p=4473"},"modified":"2021-09-02T03:31:08","modified_gmt":"2021-09-02T01:31:08","slug":"v-rukou-policie-skoncil-podezrely-z-vybuchu-v-prerove-hrozi-mu-vysoky-trest","status":"publish","type":"post","link":"https:\/\/www.infokuryr.cz\/n\/2021\/09\/02\/v-rukou-policie-skoncil-podezrely-z-vybuchu-v-prerove-hrozi-mu-vysoky-trest\/","title":{"rendered":"V rukou policie skon\u010dil podez\u0159el\u00fd z v\u00fdbuch\u016f v P\u0159erov\u011b. Hroz\u00ed mu vysok\u00fd trest"},"content":{"rendered":"<div id=\"fb-root\"><\/div>\n<p><strong>Policii se poda\u0159ilo zadr\u017eet podez\u0159el\u00e9ho z nastra\u017een\u00ed a aktivace v\u00fdbu\u0161n\u00e9ho syst\u00e9mu v automobilu v P\u0159erov\u011b. Hroz\u00ed mu a\u017e osm let odn\u011bt\u00ed svobody. Byl obvin\u011bn z obecn\u00e9ho ohro\u017een\u00ed.<\/strong><\/p>\n<p>\u201eDnes, tj. dva dny pot\u00e9, co do\u0161lo v P\u0159erov\u011b k explozi n\u00e1stra\u017en\u00e9ho v\u00fdbu\u0161n\u00e9ho syst\u00e9mu um\u00edst\u011bn\u00e9ho na vozidle, p\u0159erov\u0161t\u00ed kriminalist\u00e9 zadr\u017eeli a obvinili podez\u0159elou\u00a0osobu\u00a0z trestn\u00e9ho \u010dinu obecn\u00e9 ohro\u017een\u00ed,\u201c napsali policist\u00e9 a sv\u00fdch soci\u00e1ln\u00edch s\u00edt\u00edch a dodali, \u017ee o podrobnostech p\u0159\u00edpadu budou informovat na tiskov\u00e9 konferenci, je\u017e prob\u011bhne z\u00edtra v 10 hodin.<\/p>\n<p>V\u00fdbuch, k n\u011bmu\u017e do\u0161lo v Su\u0161ilov\u011b ulici, ve v\u00fdsledku nikoho nezranil. Nehled\u011b na to pachateli hroz\u00ed a\u017e osm let odn\u011bt\u00ed svobody. \u00dalomky vznikl\u00e9 p\u0159i v\u00fdbuchu nikoho nezranily, nicm\u00e9n\u011b zas\u00e1hly budovu d\u011btsk\u00e9ho domova.<\/p>\n<p>\u201eNarazil do \u017eelezn\u00e9ho dr\u017e\u00e1ku kv\u011btin\u00e1\u010d\u016f na parapetu okna v p\u0159\u00edzem\u00ed, \u010d\u00e1ste\u010dn\u011b ho ohnul a rozbil kv\u011btin\u00e1\u010d. Kdyby tam ten dr\u017e\u00e1k nebyl, tak nepochybn\u011b prolet\u011bl oknem a\u017e dovnit\u0159 do spole\u010densk\u00e9 m\u00edstnosti. Tu pou\u017e\u00edv\u00e1me ke sch\u00e1zen\u00ed a r\u016fzn\u00fdm aktivit\u00e1m, tou dobou u\u017e v n\u00ed ale na\u0161t\u011bst\u00ed nikdo nebyl,\u201c\u00a0cituj\u00ed m\u00e9dia\u00a0slova \u0159editele domova Lu\u010fka Dole\u017eala.<\/p>\n<p>Po v\u00fdbuchu na m\u00edst\u011b krom\u011b hasi\u010d\u016f zasahovali i policejn\u00ed pyrotechnici. \u201ePyrotechnici po ohled\u00e1n\u00ed\u00a0zjistili, \u017ee nezn\u00e1m\u00fd pachatel um\u00edstil na vozidlo n\u00e1stra\u017en\u00fd v\u00fdbu\u0161n\u00fd syst\u00e9m. Na m\u00edst\u011b byl p\u0159\u00edtomen tak\u00e9 slu\u017eebn\u00ed psovod a jednotky hasi\u010dsk\u00e9ho z\u00e1chrann\u00e9ho sboru. Po celou dobu na\u0161eho \u0161et\u0159en\u00ed t\u00e9to ud\u00e1losti byla ulice z bezpe\u010dnostn\u00edch d\u016fvod\u016f uzav\u0159ena,\u201c informovala po z\u00e1sahu policejn\u00ed mluv\u010d\u00ed Milu\u0161e Zaj\u00edcov\u00e1.<\/p>\n<p>Automobil, kter\u00fd\u00a0explodoval, byl zna\u010dky Volkswagen Transporter.<\/p>\n<p><a href=\"https:\/\/cz.sputniknews.com\/20210901\/v-rukou-policie-skoncil-podezrely-z-vybuchu-v-prerove-hrozi-mu-vysoky-trest-15694244.html\">ZDROJ<\/a><\/p>\n<p>&nbsp;<\/p>\n","protected":false},"excerpt":{"rendered":"<p>Policii se poda\u0159ilo zadr\u017eet podez\u0159el\u00e9ho z nastra\u017een\u00ed a aktivace v\u00fdbu\u0161n\u00e9ho syst\u00e9mu v automobilu v P\u0159erov\u011b&#8230;.<\/p>\n","protected":false},"author":2,"featured_media":4474,"comment_status":"closed","ping_status":"closed","sticky":false,"template":"","format":"standard","meta":[],"categories":[6],"tags":[788,1129,300],"_links":{"self":[{"href":"https:\/\/www.infokuryr.cz\/n\/wp-json\/wp\/v2\/posts\/4473"}],"collection":[{"href":"https:\/\/www.infokuryr.cz\/n\/wp-json\/wp\/v2\/posts"}],"about":[{"href":"https:\/\/www.infokuryr.cz\/n\/wp-json\/wp\/v2\/types\/post"}],"author":[{"embeddable":true,"href":"https:\/\/www.infokuryr.cz\/n\/wp-json\/wp\/v2\/users\/2"}],"replies":[{"embeddable":true,"href":"https:\/\/www.infokuryr.cz\/n\/wp-json\/wp\/v2\/comments?post=4473"}],"version-history":[{"count":0,"href":"https:\/\/www.infokuryr.cz\/n\/wp-json\/wp\/v2\/posts\/4473\/revisions"}],"wp:featuredmedia":[{"embeddable":true,"href":"https:\/\/www.infokuryr.cz\/n\/wp-json\/wp\/v2\/media\/4474"}],"wp:attachment":[{"href":"https:\/\/www.infokuryr.cz\/n\/wp-json\/wp\/v2\/media?parent=4473"}],"wp:term":[{"taxonomy":"category","embeddable":true,"href":"https:\/\/www.infokuryr.cz\/n\/wp-json\/wp\/v2\/categories?post=4473"},{"taxonomy":"post_tag","embeddable":true,"href":"https:\/\/www.infokuryr.cz\/n\/wp-json\/wp\/v2\/tags?post=4473"}],"curies":[{"name":"wp","href":"https:\/\/api.w.org\/{rel}","templated":true}]}}