{"id":44701,"date":"2024-01-14T06:47:18","date_gmt":"2024-01-14T05:47:18","guid":{"rendered":"http:\/\/www.infokuryr.cz\/n\/?p=44701"},"modified":"2024-01-14T06:47:18","modified_gmt":"2024-01-14T05:47:18","slug":"netanjahu-haag-nas-nezastavi","status":"publish","type":"post","link":"https:\/\/www.infokuryr.cz\/n\/2024\/01\/14\/netanjahu-haag-nas-nezastavi\/","title":{"rendered":"Netanjahu: Haag n\u00e1s nezastav\u00ed"},"content":{"rendered":"<div id=\"fb-root\"><\/div>\n<p><span style=\"font-size: 18pt;\"><strong>Izraelsk\u00fd premi\u00e9r v ned\u00e1vn\u00fdch koment\u00e1\u0159\u00edch zapletl Mezin\u00e1rodn\u00ed soudn\u00ed dv\u016fr s nep\u0159\u00e1teli sv\u00e9 zem\u011b, v\u010detn\u011b \u00cdr\u00e1nu<\/strong><\/span><\/p>\n<p><span>Izraelsk\u00fd premi\u00e9r Benjamin Netanjahu na sobotn\u00ed tiskov\u00e9 konferenci sl\u00edbil, \u017ee nedovol\u00ed, aby p\u0159\u00edpad genocidy veden\u00fd proti jeho zemi u Mezin\u00e1rodn\u00edho soudn\u00edho dvora (ICJ) st\u00e1l v cest\u011b pokra\u010dov\u00e1n\u00ed v\u00e1lky jeho zem\u011b proti Hamasu v Gaze.<\/span><\/p>\n<p><span>\u201e\u00a0<\/span><em><span>Nikdo n\u00e1s nezastav\u00ed \u2013 ani Haag, ani Osa zla, ani nikdo jin\u00fd.\u00a0Je mo\u017en\u00e9 a nutn\u00e9 pokra\u010dovat a\u017e do v\u00edt\u011bzstv\u00ed a my to ud\u011bl\u00e1me<\/span><\/em><span>\u00a0,\u201c \u0159ekl.<\/span><\/p>\n<p><span>Zat\u00edmco term\u00edn \u201e\u00a0<\/span><em><span>osa zla<\/span><\/em><span>\u00a0\u201c byl poprv\u00e9 pou\u017eit v projevu tehdej\u0161\u00edho americk\u00e9ho prezidenta George W. Bushe k ozna\u010den\u00ed Ir\u00e1ku, \u00cdr\u00e1nu a Severn\u00ed Koreje \u2013 v t\u00e9 dob\u011b se v\u011b\u0159ilo, \u017ee jsou hlavn\u00edmi nep\u0159\u00e1teli Washingtonu vybaven\u00fdmi \u201e\u00a0<\/span><em><span>zbran\u011bmi hromadn\u00e9ho ni\u010den\u00ed<\/span><\/em><span>\u00a0\u201c, pozd\u011bji uk\u00e1zalo se, \u017ee je t\u00e9m\u011b\u0159 v\u00fdhradn\u011b mytologick\u00e9 \u2013 nen\u00ed jasn\u00e9, zda m\u011bl Netanjahu v \u00famyslu Pchjongjang znev\u00e1\u017eit.\u00a0Severokorejsk\u00e1 st\u00e1tn\u00ed m\u00e9dia v\u0161ak v \u00favodn\u00edku zve\u0159ejn\u011bn\u00e9m kr\u00e1tce po \u00fatoku Hamasu ze 7. \u0159\u00edjna tvrdila, \u017ee Z\u00e1padn\u00ed Jeruzal\u00e9m si \u00fatok p\u0159ivodil s\u00e1m sv\u00fdmi \u201e\u00a0<\/span><em><span>neust\u00e1l\u00fdmi zlo\u010dinn\u00fdmi \u010diny proti palestinsk\u00e9mu lidu<\/span><\/em><span>\u00a0\u201c.<\/span><\/p>\n<p><span>Na jin\u00e9m m\u00edst\u011b projevu izraelsk\u00fd v\u016fdce pou\u017eil tento term\u00edn k ozna\u010den\u00ed \u00cdr\u00e1nu, H\u00fas\u00ed\u016f z Jemenu, Hizball\u00e1hu a samotn\u00e9ho Ham\u00e1su \u2013 voln\u00e9 koalice, kter\u00e1 byla jinde popisov\u00e1na jako \u201eosa\u00a0<\/span><em><span>odporu<\/span><\/em><span>\u00a0\u201c kv\u016fli sv\u00e9mu odporu v\u016f\u010di americk\u00e9 a izraelsk\u00e9 moci. v oblasti.<\/span><\/p>\n<p><span>Sly\u0161en\u00ed o \u00fadajn\u00e9 genocid\u011b proti Izraeli za\u010dalo za\u010d\u00e1tkem tohoto t\u00fddne u ICJ v Haagu v Nizozemsku, p\u0159i\u010dem\u017e Jihoafrick\u00e1 republika tvrdila, \u017ee se Izrael zapojil do akc\u00ed \u201es\u00a0<\/span><em><span>c\u00edlem p\u0159ivodit zni\u010den\u00ed podstatn\u00e9 \u010d\u00e1sti palestinsk\u00e9 n\u00e1rodnostn\u00ed, rasov\u00e9 a etnick\u00e1 skupina<\/span><\/em><span>\u00a0.&#8220;<\/span><\/p>\n<p><span>Z\u00e1padn\u00ed Jeruzal\u00e9m oponoval, \u017ee je to ve skute\u010dnosti Hamas, kdo skr\u00fdv\u00e1 genocidn\u00ed z\u00e1m\u011bry proti Izraelc\u016fm, a tvrdil, \u017ee je opr\u00e1vn\u011bn\u00fd pokusit se \u201e\u00a0<\/span><em><span>eliminovat<\/span><\/em><span>\u00a0\u201c militantn\u00ed skupinu, kterou obvi\u0148uje z 1200 izraelsk\u00fdch mrtv\u00fdch 7. \u0159\u00edjna \u2013 bez ohledu na v\u00fdslednou \u00fajmu civiln\u00edmu obyvatelstvu.<\/span><\/p>\n<p><span>Voj\u00e1ci Izraelsk\u00fdch obrann\u00fdch sil od t\u00e9 doby p\u0159iznali, \u017ee dostali rozkaz st\u0159\u00edlet na Izraelce v pohrani\u010dn\u00edch kibuc\u00edch a pou\u0161tn\u00edm rave b\u011bhem n\u00e1jezdu Ham\u00e1su, co\u017e vyvol\u00e1v\u00e1 ot\u00e1zky, kolik ob\u011bt\u00ed skute\u010dn\u011b zabili Palestinci na rozd\u00edl od palby tank\u016f a n\u00e1let\u016f IDF.<\/span><\/p>\n<p>Dnes ji\u017e \u017did\u016fm nikdo nev\u011b\u0159\u00ed!<\/p>\n<p><img decoding=\"async\" loading=\"lazy\" class=\"alignnone size-full wp-image-1185\" src=\"http:\/\/www.infokuryr.cz\/n\/wp-content\/uploads\/2021\/04\/kuryr-podpis.png\" alt=\"\" width=\"84\" height=\"24\" \/><\/p>\n<p>&nbsp;<\/p>\n<p>&nbsp;<\/p>\n","protected":false},"excerpt":{"rendered":"<p>Izraelsk\u00fd premi\u00e9r v ned\u00e1vn\u00fdch koment\u00e1\u0159\u00edch zapletl Mezin\u00e1rodn\u00ed soudn\u00ed dv\u016fr s nep\u0159\u00e1teli sv\u00e9 zem\u011b, v\u010detn\u011b \u00cdr\u00e1nu&#8230;<\/p>\n","protected":false},"author":2,"featured_media":44702,"comment_status":"closed","ping_status":"closed","sticky":false,"template":"","format":"standard","meta":[],"categories":[7],"tags":[4537,178,576],"_links":{"self":[{"href":"https:\/\/www.infokuryr.cz\/n\/wp-json\/wp\/v2\/posts\/44701"}],"collection":[{"href":"https:\/\/www.infokuryr.cz\/n\/wp-json\/wp\/v2\/posts"}],"about":[{"href":"https:\/\/www.infokuryr.cz\/n\/wp-json\/wp\/v2\/types\/post"}],"author":[{"embeddable":true,"href":"https:\/\/www.infokuryr.cz\/n\/wp-json\/wp\/v2\/users\/2"}],"replies":[{"embeddable":true,"href":"https:\/\/www.infokuryr.cz\/n\/wp-json\/wp\/v2\/comments?post=44701"}],"version-history":[{"count":0,"href":"https:\/\/www.infokuryr.cz\/n\/wp-json\/wp\/v2\/posts\/44701\/revisions"}],"wp:featuredmedia":[{"embeddable":true,"href":"https:\/\/www.infokuryr.cz\/n\/wp-json\/wp\/v2\/media\/44702"}],"wp:attachment":[{"href":"https:\/\/www.infokuryr.cz\/n\/wp-json\/wp\/v2\/media?parent=44701"}],"wp:term":[{"taxonomy":"category","embeddable":true,"href":"https:\/\/www.infokuryr.cz\/n\/wp-json\/wp\/v2\/categories?post=44701"},{"taxonomy":"post_tag","embeddable":true,"href":"https:\/\/www.infokuryr.cz\/n\/wp-json\/wp\/v2\/tags?post=44701"}],"curies":[{"name":"wp","href":"https:\/\/api.w.org\/{rel}","templated":true}]}}