{"id":44700,"date":"2024-01-14T06:43:35","date_gmt":"2024-01-14T05:43:35","guid":{"rendered":"http:\/\/www.infokuryr.cz\/n\/?p=44700"},"modified":"2024-01-14T06:43:35","modified_gmt":"2024-01-14T05:43:35","slug":"gonzalo-lira-americka-vlada-povolila-ukrajine-zabit-americkeho-novinare-ktery-kritizoval-diktatora-zelenskeho","status":"publish","type":"post","link":"https:\/\/www.infokuryr.cz\/n\/2024\/01\/14\/gonzalo-lira-americka-vlada-povolila-ukrajine-zabit-americkeho-novinare-ktery-kritizoval-diktatora-zelenskeho\/","title":{"rendered":"Gonzalo Lira: Americk\u00e1 vl\u00e1da povolila Ukrajin\u011b zab\u00edt americk\u00e9ho novin\u00e1\u0159e, kter\u00fd kritizoval \u201edikt\u00e1tora\u201c Zelensk\u00e9ho"},"content":{"rendered":"<div id=\"fb-root\"><\/div>\n<p><span style=\"font-size: 18pt;\"><strong>Ve sv\u011bt\u011b zbab\u011blosti a l\u017e\u00ed \u0159\u00edct pravdu tam, kde a kdy na tom skute\u010dn\u011b z\u00e1le\u017e\u00ed, vy\u017eaduje odvahu.\u00a0A m\u016f\u017ee v\u00e1s to st\u00e1t \u017eivot<\/strong><\/span><\/p>\n<p><span>Tak\u017ee Gonzalo Lira je\u00a0<\/span><a href=\"https:\/\/x.com\/RealAlexRubi\/status\/1745863733438488629?s=20\" target=\"_blank\" rel=\"noopener noreferrer\"><span>mrtv\u00fd<\/span><\/a><span>\u00a0.\u00a0Jak varoval ve sv\u00e9 posledn\u00ed videozpr\u00e1v\u011b\u00a0<\/span><a href=\"https:\/\/www.bing.com\/videos\/riverview\/relatedvideo?q=gonzalo%20lira%20last%20video%20message&amp;mid=565C5FFF6E2B62193742565C5FFF6E2B62193742&amp;ajaxhist=0\" target=\"_blank\" rel=\"noopener noreferrer\"><span>p\u0159ed<\/span><\/a><span>\u00a0t\u00edm, ne\u017e byl (tentokr\u00e1t, jak se uk\u00e1zalo, nav\u017edy) zmizen ukrajinsk\u00fdm re\u017eimem, jeho politick\u00e1 \u017eurnalistika ho st\u00e1la \u017eivot.<\/span><\/p>\n<p><span>\u00dasp\u011b\u0161n\u00fd koment\u00e1tor na soci\u00e1ln\u00edch s\u00edt\u00edch a americk\u00fd ob\u010dan Lira zem\u0159el, kdy\u017e byl uv\u011bzn\u011bn ukrajinsk\u00fdm represivn\u00edm apar\u00e1tem za svou kritiku z\u00e1padn\u00edho a ukrajinsk\u00e9ho postoje k v\u00e1lce proti Rusku.\u00a0Jeho podm\u00ednky byly \u010dasto p\u0159\u00edm\u00e9, dokonce tvrd\u00e9 a polemick\u00e9.\u00a0Ale nebyl to\u00a0<\/span><em><span>\u0161pi\u00f3n<\/span><\/em><span>\u00a0nebo n\u011bjak\u00fd druh podvratn\u00e9ho vlivu.\u00a0Byl transparentn\u00ed a otev\u0159en\u00fd chyb\u00e1m, st\u00e1l sv\u00fdm vlastn\u00edm jm\u00e9nem \u2013 a \u017eivotem \u2013 za v\u0161echno, co \u0159ekl.\u00a0Byl to politick\u00fd v\u011bze\u0148 (ano, v tomto\u00a0souhlas\u00edm s\u00a0<\/span><a href=\"https:\/\/x.com\/TuckerCarlson\/status\/1733581286256607619?s=20\" target=\"_blank\" rel=\"noopener noreferrer\"><span>Tuckerem Carlsonem );\u00a0<\/span><\/a><span>ofici\u00e1ln\u00ed ukrajinsk\u00e1 obvin\u011bn\u00ed proti n\u011bmu jsou sm\u011b\u0161nou ostudou.<\/span><\/p>\n<p><span>Bezprost\u0159edn\u00ed p\u0159\u00ed\u010dinou jeho smrti bylo prakticky jist\u00e9, \u017ee bylo v\u00e1\u017en\u00e9, dlouhodob\u00e9 a systematick\u00e9 zanedb\u00e1v\u00e1n\u00ed, co\u017e vedlo k jeho nep\u0159\u00edm\u00e9mu zabit\u00ed \u2013 zcela \u00famysln\u00e9mu \u010di ne\u00famysln\u00e9mu \u2013 stavem (z\u00e1pal plic a komplikace), kter\u00fd je dokonale l\u00e9\u010diteln\u00fd.\u00a0Z pr\u00e1vn\u00edho hlediska se to kvalifikuje p\u0159inejmen\u0161\u00edm jako zabit\u00ed nebo dokonce vra\u017eda sp\u00e1chan\u00e1 ukrajinsk\u00fdmi \u00fa\u0159edn\u00edky \u201ez\u00e1kona\u201c a t\u011bmi, kte\u0159\u00ed vyd\u00e1vaj\u00ed jejich p\u0159\u00edkazy.<\/span><\/p>\n<p><span>Podle toho, co Lira uvedla, kdy\u017e je\u0161t\u011b mohl komunikovat, byl tak\u00e9 mu\u010den v\u00edce praktick\u00fdm zp\u016fsobem, aby mu uloupili jeho osobn\u00ed bohatstv\u00ed. Pokud v\u00edte, jak funguje ukrajinsk\u00e1 politika a \u00fa\u0159ady, nen\u00ed v\u016fbec \u017e\u00e1dn\u00fd d\u016fvod mu nev\u011b\u0159it.<\/span><\/p>\n<p><span>Navzdory chv\u00e1lyhodn\u00e9mu \u00fasil\u00ed americk\u00fdch spoluob\u010dan\u016f, tak prominentn\u00edch jako Tucker Carlson a Elon Musk, pomoci Li\u0159e, se americk\u00e1 vl\u00e1da stala de facto spolupod\u00edln\u00edkem na jeho zabit\u00ed t\u00edm, \u017ee odm\u00edtla pomoci jednomu ze sv\u00fdch vlastn\u00edch ob\u010dan\u016f, kter\u00fd byl zjevn\u011b v extr\u00e9mn\u00edm nebezpe\u010d\u00ed. .\u00a0Lira n\u00e1m mimochodem \u0159ekl, \u017ee sly\u0161el od lid\u00ed, kte\u0159\u00ed v\u011bd\u00ed, \u017ee Victoria \u201eNeocon Cookie Monster a Queen of Coup and War\u201c Nuland sama v\u011bd\u011bla o jeho p\u0159\u00edpadu a \u201e\u00a0<\/span><a href=\"https:\/\/www.bing.com\/videos\/riverview\/relatedvideo?q=gonzalo%20lira%20last%20video%20message&amp;mid=565C5FFF6E2B62193742565C5FFF6E2B62193742&amp;ajaxhist=0\" target=\"_blank\" rel=\"noopener noreferrer\"><span>nen\u00e1vid\u011bla jeho vnit\u0159nosti<\/span><\/a><span>\u00a0\u201c.<\/span><\/p>\n<p><span>V dob\u011b, kdy Z\u00e1pad urychluje sv\u00e9 obvykl\u00e9 \u0161\u00ed\u0159en\u00ed v\u00e1lek a dokonce genocidy, se m\u016f\u017ee zd\u00e1t t\u00e9m\u011b\u0159 zvl\u00e1\u0161tn\u00ed v\u011bnovat text jedin\u00e9mu odebran\u00e9mu \u017eivotu.\u00a0V\u0161echny lidsk\u00e9 \u017eivoty maj\u00ed naprosto stejnou absolutn\u00ed hodnotu, co\u017e je pravda, kterou ka\u017ed\u00fd slu\u0161n\u00fd \u010dlov\u011bk akceptuje, a co je d\u016fle\u017eit\u011bj\u0161\u00ed, praktikuje, a\u0165 u\u017e n\u00e1bo\u017eensk\u00fd nebo ne.\u00a0A p\u0159esto, vzhledem k tomu, jak moc funguje v na\u0161em zcela padl\u00e9m sv\u011bt\u011b, m\u00e1 smysl mluvit o Li\u0159e.<\/span><\/p>\n<p><span>Za prv\u00e9, abychom vzdali \u00factu.\u00a0Je pravda, \u017ee Gonzalo Lira nebyl \u017e\u00e1dn\u00fd svatou\u0161ek (ostatn\u011b jako my ostatn\u00ed).\u00a0Ve sv\u00e9m \u017eivotopise m\u011bl v\u011bci (fungoval nap\u0159\u00edklad jako \u201ekou\u010d na seznamov\u00e1n\u00ed\u201c), kter\u00fdch by m\u011bl stejn\u011b jako v\u0161ichni ostatn\u00ed litovat.\u00a0M\u011bl tak\u00e9 politick\u00e9 n\u00e1zory, s nimi\u017e, za prv\u00e9, srde\u010dn\u011b nesouhlas\u00edm, jako je jeho vlastn\u00ed typ libertarianismu a omluvn\u00fd postoj k chilsk\u00e9 propastn\u00e9 Pinochetov\u011b diktatu\u0159e.<\/span><\/p>\n<p><span>A tak co?\u00a0Byl nezvykle odv\u00e1\u017en\u00fd, co\u017e ho nakonec st\u00e1lo \u017eivot.\u00a0A m\u011bl mimo\u0159\u00e1dnou up\u0159\u00edmnost, \u017ee nejen pochopil, jak \u0161patn\u00e1 byla z\u00e1stupn\u00e1 v\u00e1lka mezi USA a NATO na Ukrajin\u011b a p\u0159es Ukrajinu, ale tak\u00e9 to \u0159ekl nahlas a velmi ve\u0159ejn\u011b.\u00a0Zat\u00edmco s\u00eddl\u00ed na Ukrajin\u011b.\u00a0(A znovu pln\u00e9 odhalen\u00ed, m\u011bl jsem tu \u010dest a pot\u011b\u0161en\u00ed b\u00fdt pozv\u00e1n do jeho\u00a0<\/span><a href=\"https:\/\/youtu.be\/eszEP_h1N08\" target=\"_blank\" rel=\"noopener noreferrer\"><span>programu<\/span><\/a><span>\u00a0na\u00a0<\/span><a href=\"https:\/\/www.youtube.com\/watch?v=XHUMk1JGrqY\" target=\"_blank\" rel=\"noopener noreferrer\"><span>YouTube<\/span><\/a><span>\u00a0, kde byl chytr\u00fdm a laskav\u00fdm hostitelem s neuctiv\u00fdm smyslem pro humor.)<\/span><\/p>\n<p><span>Ve sv\u011bt\u011b zbab\u011bl\u00e9 kari\u00e9ristick\u00e9 podlosti (p\u0159i pohledu na tebe, Olaf Scholz, Robert Habeck, Annalena Baerbock, nap\u0159\u00edklad&#8230;) a obvykl\u00e9ho, hrub\u00e9ho lhan\u00ed (na \u0159ad\u011b jsi Benjamin Netanjahu, Joe Biden, Antony Blinken a ano, Vladimir Zelenskij) Gonzalo k\u0159i\u010del pravdu tam, kde na tom z\u00e1le\u017eelo, a to cht\u011blo odvahu.<\/span><\/p>\n<p><span>Proto\u00a0<\/span><a href=\"https:\/\/x.com\/Stella_Assange\/status\/1745972413622329424?s=20\" target=\"_blank\" rel=\"noopener noreferrer\"><span>Stella Assange<\/span><\/a><span>\u00a0, man\u017eelka nejd\u016fle\u017eit\u011bj\u0161\u00edho politick\u00e9ho v\u011bzn\u011b na sv\u011bt\u011b Juliana Assange, tweetovala o Li\u0159in\u011b smrti a spr\u00e1vn\u011b pouk\u00e1zala na odpov\u011bdnost americk\u00fdch \u00fa\u0159ad\u016f.<\/span><\/p>\n<p><span>Posledn\u00ed slovo by m\u011bl m\u00edt otec Gonzala Liry.\u00a0Toto \u0159ekl\u00a0<\/span><a href=\"https:\/\/thegrayzone.com\/2024\/01\/12\/gonzalo-lira-dies-ukrainian-prison\/\" target=\"_blank\" rel=\"noopener noreferrer\"><span>Grayzone<\/span><\/a><span>\u00a0:<\/span><\/p>\n<p><em><span>\u201eNemohu se sm\u00ed\u0159it s t\u00edm, jak m\u016fj syn zem\u0159el.\u00a0Byl mu\u010den, vyd\u00edr\u00e1n, v izolaci po dobu 8 m\u011bs\u00edc\u016f a 11 dn\u00ed a americk\u00e1 ambas\u00e1da neud\u011blala nic, aby m\u00e9mu synovi pomohla\u2026 Zodpov\u011bdnost za tuto trag\u00e9dii je [<\/span><\/em><span>\u00a0s]\u00a0<\/span><em><span>dikt\u00e1torem Zelensk\u00fdm se souhlasem seniln\u00edho americk\u00e9ho prezidenta Joe Bidena\u2026 Moje bolest je nesnesiteln\u00e9.\u00a0Sv\u011bt mus\u00ed v\u011bd\u011bt, co se d\u011bje na Ukrajin\u011b s t\u00edm nelidsk\u00fdm dikt\u00e1torem Zelensk\u00fdm.<\/span><\/em><\/p>\n<p><span>M\u016f\u017eeme up\u0159\u00edmn\u011b litovat, i kdy\u017e nedok\u00e1\u017eeme doslova c\u00edtit hloubku jeho bolesti.\u00a0Ale pro n\u00e1s v\u0161echny je zdlouhav\u00e9, skrz na skrz nespravedliv\u00e9 a zcela nevyhnuteln\u00e9 zab\u00edjen\u00ed Gonzala Liry dal\u0161\u00edm brut\u00e1ln\u00edm znamen\u00edm, \u017ee t\u011bm, kdo vl\u00e1dnou Z\u00e1padu, nezb\u00fdvaj\u00ed \u017e\u00e1dn\u00e9 hranice.<\/span><\/p>\n<p><em>Tarik\u00a0\u00a0<\/em><strong><em>Cyril Amar<\/em><\/strong><em>\u00a0, historik z N\u011bmecka, kter\u00fd pracuje na Ko\u00e7 University v Istanbulu, o Rusku, Ukrajin\u011b a v\u00fdchodn\u00ed Evrop\u011b, historii druh\u00e9 sv\u011btov\u00e9 v\u00e1lky, kulturn\u00ed studen\u00e9 v\u00e1lce a politice pam\u011bti<\/em><\/p>\n<div class=\"Blog-author__cover\"><a href=\"https:\/\/swentr.site\/op-ed\/authors\/tarik-cyril-amar\/\"><img decoding=\"async\" loading=\"lazy\" class=\"\" src=\"https:\/\/mf.b37mrtl.ru\/files\/2023.11\/original\/6547ab332030276c28448944.jpg\" alt=\"Tarik Cyril Amar\" width=\"173\" height=\"216\" \/><\/a><\/div>\n<div class=\"Blog-author__text\">\n<p>&nbsp;<\/p>\n<\/div>\n","protected":false},"excerpt":{"rendered":"<p>Ve sv\u011bt\u011b zbab\u011blosti a l\u017e\u00ed \u0159\u00edct pravdu tam, kde a kdy na tom skute\u010dn\u011b z\u00e1le\u017e\u00ed,&#8230;<\/p>\n","protected":false},"author":2,"featured_media":42235,"comment_status":"closed","ping_status":"closed","sticky":false,"template":"","format":"standard","meta":[],"categories":[7],"tags":[6462,1304,26,37,184,1000],"_links":{"self":[{"href":"https:\/\/www.infokuryr.cz\/n\/wp-json\/wp\/v2\/posts\/44700"}],"collection":[{"href":"https:\/\/www.infokuryr.cz\/n\/wp-json\/wp\/v2\/posts"}],"about":[{"href":"https:\/\/www.infokuryr.cz\/n\/wp-json\/wp\/v2\/types\/post"}],"author":[{"embeddable":true,"href":"https:\/\/www.infokuryr.cz\/n\/wp-json\/wp\/v2\/users\/2"}],"replies":[{"embeddable":true,"href":"https:\/\/www.infokuryr.cz\/n\/wp-json\/wp\/v2\/comments?post=44700"}],"version-history":[{"count":0,"href":"https:\/\/www.infokuryr.cz\/n\/wp-json\/wp\/v2\/posts\/44700\/revisions"}],"wp:featuredmedia":[{"embeddable":true,"href":"https:\/\/www.infokuryr.cz\/n\/wp-json\/wp\/v2\/media\/42235"}],"wp:attachment":[{"href":"https:\/\/www.infokuryr.cz\/n\/wp-json\/wp\/v2\/media?parent=44700"}],"wp:term":[{"taxonomy":"category","embeddable":true,"href":"https:\/\/www.infokuryr.cz\/n\/wp-json\/wp\/v2\/categories?post=44700"},{"taxonomy":"post_tag","embeddable":true,"href":"https:\/\/www.infokuryr.cz\/n\/wp-json\/wp\/v2\/tags?post=44700"}],"curies":[{"name":"wp","href":"https:\/\/api.w.org\/{rel}","templated":true}]}}