{"id":44698,"date":"2024-01-14T06:37:04","date_gmt":"2024-01-14T05:37:04","guid":{"rendered":"http:\/\/www.infokuryr.cz\/n\/?p=44698"},"modified":"2024-01-14T06:37:04","modified_gmt":"2024-01-14T05:37:04","slug":"wef-porada-v-davosu-nouzove-cviceni-k-nemocu-x-ktera-ma-mit-20krat-vice-obeti-nez-covid","status":"publish","type":"post","link":"https:\/\/www.infokuryr.cz\/n\/2024\/01\/14\/wef-porada-v-davosu-nouzove-cviceni-k-nemocu-x-ktera-ma-mit-20krat-vice-obeti-nez-covid\/","title":{"rendered":"WEF po\u0159\u00e1d\u00e1 v Davosu nouzov\u00e9 cvi\u010den\u00ed k \u201enemocu X\u201c, kter\u00e1 \u201em\u00e1 m\u00edt 20kr\u00e1t v\u00edce ob\u011bt\u00ed ne\u017e covid\u201c"},"content":{"rendered":"<div id=\"fb-root\"><\/div>\n<p><span>Klaus Schwab a Sv\u011btov\u00e9 ekonomick\u00e9 f\u00f3rum (WEF) p\u0159\u00ed\u0161t\u00ed t\u00fdden po\u0159\u00e1daj\u00ed n\u00e1cvik reakce na z\u00e1hadnou \u201enemoc X\u201c, o kter\u00e9 tvrd\u00ed, \u017ee si vy\u017e\u00e1d\u00e1 a\u017e \u201e20kr\u00e1t v\u00edce ob\u011bt\u00ed ne\u017e pandemie covidu\u201c.<\/span><\/p>\n<p><span>Podle WEF se na setk\u00e1n\u00ed, kter\u00e9 za\u010d\u00edn\u00e1 17. ledna 2024, budou zab\u00fdvat \u00fasil\u00edm pot\u0159ebn\u00fdm na p\u0159\u00edpravu zdravotn\u00ed p\u00e9\u010de kv\u016fli \u201ev\u00edce v\u00fdzv\u00e1m, kter\u00e9 n\u00e1s \u010dekaj\u00ed\u201c.<\/span><\/p>\n<p><span>Na webov\u00e9 str\u00e1nce Sv\u011btov\u00e9ho ekonomick\u00e9ho f\u00f3ra o nadch\u00e1zej\u00edc\u00edm pandemick\u00e9m cvi\u010den\u00ed je uvedeno n\u00e1sleduj\u00edc\u00ed varov\u00e1n\u00ed:<\/span><\/p>\n<p><em><span>\u00a0\u201eVzhledem k \u010derstv\u00fdm varov\u00e1n\u00edm Sv\u011btov\u00e9 zdravotnick\u00e9 organizace (WHO), \u017ee nezn\u00e1m\u00e1 \u201enemoc X\u201c m\u016f\u017ee m\u00edt za n\u00e1sledek 20kr\u00e1t v\u00edce \u00famrt\u00ed ne\u017e pandemie koronaviru, jak\u00e9 nov\u00e9 \u00fasil\u00ed je zapot\u0159eb\u00ed?\u201c<\/span><\/em><\/p>\n<p><span>Status str\u00e1nky \u201eShadow of Ezra\u201c na soci\u00e1ln\u00ed s\u00edti X (b\u00fdval\u00fd Twitter) p\u00ed\u0161e, \u017ee Klaus Schwab a Sv\u011btov\u00e9 ekonomick\u00e9 f\u00f3rum provedou cvi\u010den\u00ed k \u201enemoci X\u201c jako sou\u010d\u00e1st sv\u00e9ho v\u00fdro\u010dn\u00edho setk\u00e1n\u00ed v Davosu konan\u00e9m od 17. ledna 2024:<\/span><\/p>\n<p>&nbsp;<\/p>\n<div class=\"twitter-tweet twitter-tweet-rendered\"><iframe id=\"twitter-widget-0\" class=\"\" title=\"X Post\" src=\"https:\/\/platform.twitter.com\/embed\/Tweet.html?dnt=false&amp;embedId=twitter-widget-0&amp;features=eyJ0ZndfdGltZWxpbmVfbGlzdCI6eyJidWNrZXQiOltdLCJ2ZXJzaW9uIjpudWxsfSwidGZ3X2ZvbGxvd2VyX2NvdW50X3N1bnNldCI6eyJidWNrZXQiOnRydWUsInZlcnNpb24iOm51bGx9LCJ0ZndfdHdlZXRfZWRpdF9iYWNrZW5kIjp7ImJ1Y2tldCI6Im9uIiwidmVyc2lvbiI6bnVsbH0sInRmd19yZWZzcmNfc2Vzc2lvbiI6eyJidWNrZXQiOiJvbiIsInZlcnNpb24iOm51bGx9LCJ0ZndfZm9zbnJfc29mdF9pbnRlcnZlbnRpb25zX2VuYWJsZWQiOnsiYnVja2V0Ijoib24iLCJ2ZXJzaW9uIjpudWxsfSwidGZ3X21peGVkX21lZGlhXzE1ODk3Ijp7ImJ1Y2tldCI6InRyZWF0bWVudCIsInZlcnNpb24iOm51bGx9LCJ0ZndfZXhwZXJpbWVudHNfY29va2llX2V4cGlyYXRpb24iOnsiYnVja2V0IjoxMjA5NjAwLCJ2ZXJzaW9uIjpudWxsfSwidGZ3X3Nob3dfYmlyZHdhdGNoX3Bpdm90c19lbmFibGVkIjp7ImJ1Y2tldCI6Im9uIiwidmVyc2lvbiI6bnVsbH0sInRmd19kdXBsaWNhdGVfc2NyaWJlc190b19zZXR0aW5ncyI6eyJidWNrZXQiOiJvbiIsInZlcnNpb24iOm51bGx9LCJ0ZndfdXNlX3Byb2ZpbGVfaW1hZ2Vfc2hhcGVfZW5hYmxlZCI6eyJidWNrZXQiOiJvbiIsInZlcnNpb24iOm51bGx9LCJ0ZndfdmlkZW9faGxzX2R5bmFtaWNfbWFuaWZlc3RzXzE1MDgyIjp7ImJ1Y2tldCI6InRydWVfYml0cmF0ZSIsInZlcnNpb24iOm51bGx9LCJ0ZndfbGVnYWN5X3RpbWVsaW5lX3N1bnNldCI6eyJidWNrZXQiOnRydWUsInZlcnNpb24iOm51bGx9LCJ0ZndfdHdlZXRfZWRpdF9mcm9udGVuZCI6eyJidWNrZXQiOiJvbiIsInZlcnNpb24iOm51bGx9fQ%3D%3D&amp;frame=false&amp;hideCard=false&amp;hideThread=false&amp;id=1745432796032651626&amp;lang=cs&amp;origin=https%3A%2F%2Fwww.badatel.net%2Fwef-organizuje-v-davose-nudzove-cvicenie-k-chorobe-x-ktora-ma-mat-20-krat-viac-obeti-ako-covid%2F&amp;sessionId=67dd4134fbdc18ae7501a7499ac29710cff819ba&amp;theme=light&amp;widgetsVersion=2615f7e52b7e0%3A1702314776716&amp;width=550px\" frameborder=\"0\" scrolling=\"no\" allowfullscreen=\"allowfullscreen\" data-tweet-id=\"1745432796032651626\" data-mce-fragment=\"1\"><\/iframe><\/div>\n<p>&nbsp;<\/p>\n<p><span>Na p\u0159\u00ed\u0161t\u00ed t\u00fddenn\u00edm Sv\u011btov\u00e9m ekonomick\u00e9m f\u00f3ru v Davosu, \u0161v\u00fdcarsk\u00e9m ly\u017ea\u0159sk\u00e9m st\u0159edisku slou\u017e\u00edc\u00edm jako doup\u011bte globalist\u016f, se mimo jin\u00e9 maj\u00ed z\u00fa\u010dastnit i americk\u00fd ministr zahrani\u010dn\u00edch v\u011bc\u00ed Antony Blinken, francouzsk\u00fd prezident Emmanuel Macron a kl\u00ed\u010dov\u00ed l\u00edd\u0159i Bl\u00edzk\u00e9ho v\u00fdchodu.<\/span><\/p>\n<p><span>Organiz\u00e1to\u0159i ozn\u00e1mili, \u017ee na m\u00edst\u011b budou i gener\u00e1ln\u00ed tajemn\u00edk OSN Antonio Guterres, eurokomisa\u0159ka Ursula Von der Leyenov\u00e1 a v\u00edce ne\u017e 40 ministr\u016f zahrani\u010dn\u00edch v\u011bc\u00ed.<\/span><\/p>\n<p><span>Cvi\u010den\u00ed WEF ohledn\u011b \u201enemoci X\u201c p\u0159ipom\u00edn\u00e1 ud\u00e1lost \u201eEvent 201\u201c.\u00a0\u0160lo tak\u00e9 o cvi\u010den\u00ed p\u0159ipravenosti na pandemii koronaviru, kter\u00e9 se uskute\u010dnilo v \u0159\u00edjnu 2019 pod z\u00e1\u0161titou Sv\u011btov\u00e9ho ekonomick\u00e9ho f\u00f3ra a Nadace Billa a Melindy Gatesov\u00fdch.<\/span><\/p>\n<p><span>Akce Event 201 se z\u00fa\u010dastnili obvykl\u00ed podez\u0159el\u00ed padouchov\u00e9, v\u010detn\u011b Sv\u011btov\u00e9 zdravotnick\u00e9 organizace, \u010d\u00ednsk\u00e9ho \u00fa\u0159adu ve\u0159ejn\u00e9ho zdravotnictv\u00ed, Anthonyho Fauciho (americk\u00fd Mikas) a dal\u0161\u00edch.<\/span><\/p>\n<p><span>Na\u010dasov\u00e1n\u00ed bylo vynikaj\u00edc\u00ed.\u00a0Pandemie Covidu-19 za\u010dala jen n\u011bkolik t\u00fddn\u016f po cvi\u010den\u00ed a pokra\u010dovala p\u0159esn\u011b tak, jak to \u00fa\u010dastn\u00edci cvi\u010den\u00ed p\u0159edpov\u00eddali.\u00a0Globalistick\u00e1 elita byla doslova v sedm\u00e9m nebi.\u00a0Sv\u011btov\u00e9 ekonomick\u00e9 f\u00f3rum nedok\u00e1zalo odolat chvalozp\u011bv\u016fm o vznikl\u00e9 situaci a op\u011bvov\u00e1n\u00ed \u201ebrut\u00e1ln\u011b efektivn\u00edch\u201c\u00a0<\/span><a href=\"https:\/\/www.badatel.net\/dva-mesiace-po-vyhlaseni-bidena-ze-rusenie-lockdownov-je-neandertalske-myslenie-texas-hlasi-nula-umrti-na-covid\/\"><span>lockdown\u016f<\/span><\/a><span>\u00a0.<\/span><\/p>\n<p><span>Pr\u016fm\u011brn\u00fd \u010dlov\u011bk byl v\u0161ak vyd\u011b\u0161en\u00fd a zcela se pod\u0159\u00eddil dodr\u017eov\u00e1n\u00ed na\u0159\u00edzen\u00ed hl\u00e1san\u00fdch m\u00e9dii hlavn\u00edho proudu, kter\u00e9 bezosty\u0161n\u011b slou\u017eily jako prodejn\u00ed pantofle elity.<\/span><\/p>\n<p><span>Lidi zamkli doma, potrestali, stra\u0161ili, stresovali, omezili jim zdravotn\u00ed p\u00e9\u010di, zb\u00edda\u010dili je a nutili do o\u010dkov\u00e1n\u00ed.\u00a0Ekonomick\u00e9 d\u016fsledky pro b\u011b\u017en\u00e9 lidi byly katastrof\u00e1ln\u00ed a st\u00e1le nar\u016fstaj\u00ed.<\/span><\/p>\n<p><span>Nech\u00e1me se globalisty oklamat znovu nebo se tentokr\u00e1t postav\u00edme na tvrd\u00fd odpor?<\/span><\/p>\n<p><span>Autor: Baxter Dmitrij, Zdroj:\u00a0<\/span><a href=\"https:\/\/thepeoplesvoice.tv\/wef-holding-urgent-disease-x-tabletop-exercises-20-times-more-casualties-than-covid\/\" target=\"_blank\" rel=\"noopener\"><span>thepeoplesvoice.tv<\/span><\/a><\/p>\n<p>&nbsp;<\/p>\n<p>&nbsp;<\/p>\n","protected":false},"excerpt":{"rendered":"<p>Klaus Schwab a Sv\u011btov\u00e9 ekonomick\u00e9 f\u00f3rum (WEF) p\u0159\u00ed\u0161t\u00ed t\u00fdden po\u0159\u00e1daj\u00ed n\u00e1cvik reakce na z\u00e1hadnou \u201enemoc&#8230;<\/p>\n","protected":false},"author":2,"featured_media":44699,"comment_status":"closed","ping_status":"closed","sticky":false,"template":"","format":"standard","meta":[],"categories":[7],"tags":[1729,291,613],"_links":{"self":[{"href":"https:\/\/www.infokuryr.cz\/n\/wp-json\/wp\/v2\/posts\/44698"}],"collection":[{"href":"https:\/\/www.infokuryr.cz\/n\/wp-json\/wp\/v2\/posts"}],"about":[{"href":"https:\/\/www.infokuryr.cz\/n\/wp-json\/wp\/v2\/types\/post"}],"author":[{"embeddable":true,"href":"https:\/\/www.infokuryr.cz\/n\/wp-json\/wp\/v2\/users\/2"}],"replies":[{"embeddable":true,"href":"https:\/\/www.infokuryr.cz\/n\/wp-json\/wp\/v2\/comments?post=44698"}],"version-history":[{"count":0,"href":"https:\/\/www.infokuryr.cz\/n\/wp-json\/wp\/v2\/posts\/44698\/revisions"}],"wp:featuredmedia":[{"embeddable":true,"href":"https:\/\/www.infokuryr.cz\/n\/wp-json\/wp\/v2\/media\/44699"}],"wp:attachment":[{"href":"https:\/\/www.infokuryr.cz\/n\/wp-json\/wp\/v2\/media?parent=44698"}],"wp:term":[{"taxonomy":"category","embeddable":true,"href":"https:\/\/www.infokuryr.cz\/n\/wp-json\/wp\/v2\/categories?post=44698"},{"taxonomy":"post_tag","embeddable":true,"href":"https:\/\/www.infokuryr.cz\/n\/wp-json\/wp\/v2\/tags?post=44698"}],"curies":[{"name":"wp","href":"https:\/\/api.w.org\/{rel}","templated":true}]}}