{"id":44697,"date":"2024-01-14T06:34:21","date_gmt":"2024-01-14T05:34:21","guid":{"rendered":"http:\/\/www.infokuryr.cz\/n\/?p=44697"},"modified":"2024-01-14T06:34:21","modified_gmt":"2024-01-14T05:34:21","slug":"co-delaji-hlavni-propagatori-korona-teroru-a-ockovani-prymula-madar-arenberger","status":"publish","type":"post","link":"https:\/\/www.infokuryr.cz\/n\/2024\/01\/14\/co-delaji-hlavni-propagatori-korona-teroru-a-ockovani-prymula-madar-arenberger\/","title":{"rendered":"Co d\u011blaj\u00ed hlavn\u00ed propag\u00e1to\u0159i korona teroru a o\u010dkov\u00e1n\u00ed \u2013 Prymula, Ma\u010far, Arenberger&#8230;"},"content":{"rendered":"<div id=\"fb-root\"><\/div>\n<h2 class=\"entry-title\">V\u0161em se da\u0159\u00ed dob\u0159e, k odpov\u011bdnosti je zat\u00edm nikdo nepovolal\u2026<\/h2>\n<p>V\u0161ichni si jist\u011b dob\u0159e pamatuj\u00ed teror spojen\u00fd s korona pl\u00e1ndemi\u00ed a tlakem na o\u010dkov\u00e1n\u00ed experiment\u00e1ln\u00edmi korona vakc\u00ednami. <strong>O\u010dkovan\u00ed jsou konfrontov\u00e1n\u00ed s v\u00e1\u017en\u00fdmi n\u00e1sledky pochybn\u00fdch vakc\u00edn, st\u00e1t a spole\u010dnost utrp\u011bla ob\u0159\u00ed a nenapraviteln\u00e9 \u0161kody. Co se stalo s hlavn\u00edmi propag\u00e1tory tohoto glob\u00e1ln\u00edho podvodu u n\u00e1s doma?<\/strong><\/p>\n<p>Pod\u00edvejte se sami:<\/p>\n<p>Roman Prymula- b\u00fdval\u00fd ministr zdravotnictv\u00ed, na kter\u00e9ho se provalila ob\u0159\u00ed korupce ze strany farmaceutick\u00fdch firem.\u00a0<b>Stal se \u0159editelem soukrom\u00e9 nemocnice v \u0158\u00ed\u010danech a d\u00e1l je pova\u017eov\u00e1n za p\u0159edn\u00edho odborn\u00edka na kovid a o\u010dkov\u00e1n\u00ed a v pro re\u017eimn\u00edch medi\u00edch je jako doma<\/b>.<\/p>\n<p>Petr\u00a0<a href=\"https:\/\/www.fnkv.cz\/dermatovenerologicka-klinika-uvod.php\">Arenberger<\/a>\u00a0\u2013 b\u00fdval\u00fd ministr zdravotnictv\u00ed, na kter\u00e9ho se provalily podvody se studiemi za des\u00edtky milion\u016f, podvodn\u00e9 p\u0159ivlastn\u011bn\u00ed bytu na Praze 1 a podvody s majetkem, kter\u00fd pronaj\u00edmal st\u00e1tn\u00ed nemocnici za 100 tis m\u011bs\u00ed\u010dn\u011b.\u00a0<strong>Je nad\u00e1le p\u0159ednostou kliniky dermatologie ve st\u00e1tn\u00ed nemocnici FNKV v Praze. uloupen\u00fd byt d\u00e1l vlastn\u00ed, stejn\u011b jako se bal\u00edkuje na \u201estudi\u00edch pro farmaceutick\u00e9 firmy\u201c. Kritizovat si ho jako aktivn\u00edho \u010dlena \u017eidovsk\u00e9 n\u00e1bo\u017eensk\u00e9 obce nikdo nedovol\u00ed, v\u017edy\u0165 ka\u017ed\u00fd v\u00ed, \u017ee by nad n\u00edm tancovalo hned n\u011bkolik paragraf\u016f.<\/strong><\/p>\n<p><a href=\"https:\/\/stranapro.cz\/\"><img decoding=\"async\" loading=\"lazy\" class=\"alignnone  wp-image-40285 aligncenter\" src=\"http:\/\/www.infokuryr.cz\/n\/wp-content\/uploads\/2023\/11\/11pro-300x79.png\" alt=\"\" width=\"608\" height=\"160\" srcset=\"https:\/\/www.infokuryr.cz\/n\/wp-content\/uploads\/2023\/11\/11pro-300x79.png 300w, https:\/\/www.infokuryr.cz\/n\/wp-content\/uploads\/2023\/11\/11pro.png 363w\" sizes=\"(max-width: 608px) 100vw, 608px\" \/><\/a><\/p>\n<p><a href=\"https:\/\/lf.osu.cz\/ueovz\/rastislav-madar\/20047\/\">Rostislav Ma\u010far<\/a>\u00a0\u2013\u00a0<strong>tento propag\u00e1tor o\u010dkov\u00e1n\u00ed a lockdown\u016f dokonce pracoval ve firm\u011b dov\u00e1\u017eej\u00edc\u00ed vakc\u00edny! Za odm\u011bnu se stal d\u011bkanem LF Ostrava a re\u017eimn\u00ed media ho veleb\u00ed jako odborn\u00edka!<\/strong><\/p>\n<p><a href=\"https:\/\/www.ikem.cz\/cs\/smejkal\/a-3787\/\">Petr Smejka<\/a>l \u2013 i jemu se dob\u0159e da\u0159\u00ed a tak by se dalo pokra\u010dovat dlouho: Kubek, Ho\u0159ej\u0161\u00ed, Fl\u00e9gr\u2026.<\/p>\n<p><strong>Nikdo tyhle \u201epseudo odborn\u00edky a \u010dasto i finan\u010dn\u011b zainteresovan\u00e9 podvodn\u00edky\u201c nevol\u00e1 k odpov\u011bdnosti. Budeme si muset po\u010dkat a\u017e na tu vy\u0161\u0161\u00ed spravedlnost, nebo se dopracujeme doby, kdy podobn\u00e9 lumpy potrest\u00e1me sami?!<\/strong><\/p>\n<p>Stejn\u011b tak nikdo nepotrestal proradn\u00e9 politiky jako Bure\u0161 a spol. ,Fiala a spol., kte\u0159\u00ed tento teror zav\u00e1d\u011bli a pro ciz\u00ed p\u00e1ny prosazovali, ale to by bylo na jinou debatu.<\/p>\n<p><a href=\"https:\/\/ceskavec.com\/2024\/01\/co-delaji-hlavni-propagatori-korona-teroru-a-ockovani-prymula-madar-arenberger-vsem-se-dari-dobre-k-odpovednosti-je-zatim-nikdo-nepovolal\">Mike Don\u00e1k, Texas, USA<\/a><\/p>\n<p>&nbsp;<\/p>\n<p>&nbsp;<\/p>\n","protected":false},"excerpt":{"rendered":"<p>V\u0161em se da\u0159\u00ed dob\u0159e, k odpov\u011bdnosti je zat\u00edm nikdo nepovolal\u2026 V\u0161ichni si jist\u011b dob\u0159e pamatuj\u00ed&#8230;<\/p>\n","protected":false},"author":2,"featured_media":5713,"comment_status":"closed","ping_status":"closed","sticky":false,"template":"","format":"standard","meta":[],"categories":[6],"tags":[23,1424,1179,609],"_links":{"self":[{"href":"https:\/\/www.infokuryr.cz\/n\/wp-json\/wp\/v2\/posts\/44697"}],"collection":[{"href":"https:\/\/www.infokuryr.cz\/n\/wp-json\/wp\/v2\/posts"}],"about":[{"href":"https:\/\/www.infokuryr.cz\/n\/wp-json\/wp\/v2\/types\/post"}],"author":[{"embeddable":true,"href":"https:\/\/www.infokuryr.cz\/n\/wp-json\/wp\/v2\/users\/2"}],"replies":[{"embeddable":true,"href":"https:\/\/www.infokuryr.cz\/n\/wp-json\/wp\/v2\/comments?post=44697"}],"version-history":[{"count":0,"href":"https:\/\/www.infokuryr.cz\/n\/wp-json\/wp\/v2\/posts\/44697\/revisions"}],"wp:featuredmedia":[{"embeddable":true,"href":"https:\/\/www.infokuryr.cz\/n\/wp-json\/wp\/v2\/media\/5713"}],"wp:attachment":[{"href":"https:\/\/www.infokuryr.cz\/n\/wp-json\/wp\/v2\/media?parent=44697"}],"wp:term":[{"taxonomy":"category","embeddable":true,"href":"https:\/\/www.infokuryr.cz\/n\/wp-json\/wp\/v2\/categories?post=44697"},{"taxonomy":"post_tag","embeddable":true,"href":"https:\/\/www.infokuryr.cz\/n\/wp-json\/wp\/v2\/tags?post=44697"}],"curies":[{"name":"wp","href":"https:\/\/api.w.org\/{rel}","templated":true}]}}